{"id":242274,"date":"2025-11-18T06:48:10","date_gmt":"2025-11-18T06:48:10","guid":{"rendered":"https:\/\/www.europesays.com\/es\/242274\/"},"modified":"2025-11-18T06:48:10","modified_gmt":"2025-11-18T06:48:10","slug":"pluribus-todos-para-una-series-de-television","status":"publish","type":"post","link":"https:\/\/www.europesays.com\/es\/242274\/","title":{"rendered":"\u2018Pluribus\u2019: todos para una | Series de Televisi\u00f3n"},"content":{"rendered":"<p class=\"\">Oh, Carol. Me hago cargo de que la versi\u00f3n m\u00e1s conocida en espa\u00f1ol de la canci\u00f3n de Neil Sedaka es <a href=\"https:\/\/elpais.com\/cultura\/2025-08-26\/manuel-de-la-calva-y-10-canciones-inolvidables-del-duo-dinamico.html\" target=\"_self\" rel=\"nofollow noopener\" title=\"https:\/\/elpais.com\/cultura\/2025-08-26\/manuel-de-la-calva-y-10-canciones-inolvidables-del-duo-dinamico.html\">la del D\u00fao Din\u00e1mico<\/a>, pero en la que cantaba Karina, con otra letra, hay un verso que bien se le podr\u00eda aplicar a Carol (Rhea Seehorn), la protagonista de Pluribus: \u201cMira c\u00f3mo el mundo no se ac\u00ad\u00adaba\u201d. <\/p>\n<p>M\u00e1s informaci\u00f3n<\/p>\n<p class=\"\"><a href=\"https:\/\/elpais.com\/television\/series\/2025-11-09\/vince-gilligan-creador-de-breaking-bad-regresa-a-la-ciencia-ficcion-ya-he-escrito-suficientes-antiheroes-por-ahora.html\" target=\"_self\" rel=\"nofollow noopener\" title=\"https:\/\/elpais.com\/television\/series\/2025-11-09\/vince-gilligan-creador-de-breaking-bad-regresa-a-la-ciencia-ficcion-ya-he-escrito-suficientes-antiheroes-por-ahora.html\">En la serie de Vince Gilligan<\/a>, de la que ya hay disponibles tres episodios en Apple TV, la humanidad tal y como la conocemos se termina y, a la vez, el mundo sigue, que dir\u00eda Fern\u00e1n G\u00f3mez. Carol sobrevive con su libre albedr\u00edo intacto a una invasi\u00f3n extraterrestre que convierte a todos los seres humanos menos ella (y otro pu\u00f1ado m\u00e1s, desperdigados por el planeta) en uno solo, sin anhelos, sin libertad, sin emociones. A la vez sin guerras, sin cr\u00edmenes, sin conflictos. Un enjambre solo desestabilizado por los ataques de ira de Carol, que provocan millones de muertos. Por eso, el objetivo de esta manada homog\u00e9nea, cuyo \u00fanico imperativo parece la perpetuaci\u00f3n, es que Carol sea feliz. Y Carol, un poco por la cabezoner\u00eda y la desolaci\u00f3n propias de quien conserva su individualidad frente a la masa uniforme, otro poco por la p\u00e9rdida de su mujer, se resiste. <\/p>\n<p class=\"\">Mientras ve\u00eda los episodios disponibles, recordaba la \u00faltima serie que retrat\u00f3 una invasi\u00f3n alien\u00edgena para hablar de lo que nos hace humanos. <a href=\"https:\/\/elpais.com\/cultura\/2016\/04\/29\/television\/1461934429_133100.html\" target=\"_self\" rel=\"nofollow noopener\" title=\"https:\/\/elpais.com\/cultura\/2016\/04\/29\/television\/1461934429_133100.html\">Fue Braindead (2016)<\/a>, de <a href=\"https:\/\/elpais.com\/television\/2022-09-08\/los-creadores-de-the-good-fight-hay-muchas-series-con-dragones-pero-pocas-que-hablen-de-la-politica-de-la-que-habla-la-gente.html\" target=\"_self\" rel=\"nofollow noopener\" title=\"https:\/\/elpais.com\/television\/2022-09-08\/los-creadores-de-the-good-fight-hay-muchas-series-con-dragones-pero-pocas-que-hablen-de-la-politica-de-la-que-habla-la-gente.html\">Michelle y Robert King<\/a>. En ella unos insectos extraterrestres devoraban los cerebros de la fauna de Washington DC con objeto de polarizarla para finalmente destruir el coraz\u00f3n pol\u00edtico de Estados Unidos. Pluribus va casi al lugar opuesto: no es la confrontaci\u00f3n extrema lo que acaba con aquello que nos hace humanos, sino el consenso absoluto que nace del pensamiento \u00fanico y la ausencia de libertad individual. <\/p>\n<p class=\"\">El t\u00edtulo, por supuesto, remite al \u201cE pluribus unum\u201d estadounidense (De muchos uno, en lat\u00edn), pero a m\u00ed me ha llevado a recordar un ensayo que escribi\u00f3 David Foster Wallace titulado \u201cE unibus pluram\u201d, sobre la influencia de la televisi\u00f3n en los escritores norteamericanos de su generaci\u00f3n. En \u00e9l, Foster Wallace atribuye la devoci\u00f3n por la televisi\u00f3n de sus colegas y de \u00e9l mismo a una combinaci\u00f3n que puede resultar parad\u00f3jica, pero no lo es: el voyeurismo y la misantrop\u00eda. Algo de esto hay en Carol, que no por casualidad es escritora, y cuando quiere aislarse del nuevo mundo hostilmente diplom\u00e1tico que la rodea, <a href=\"https:\/\/elpais.com\/icon\/2025-10-02\/cuatro-amigas-que-transgredieron-las-normas-por-que-las-chicas-de-oro-se-ha-convertido-en-un-simbolo-queer-40-anos-despues.html\" target=\"_self\" rel=\"nofollow noopener\" title=\"https:\/\/elpais.com\/icon\/2025-10-02\/cuatro-amigas-que-transgredieron-las-normas-por-que-las-chicas-de-oro-se-ha-convertido-en-un-simbolo-queer-40-anos-despues.html\">se encierra en su casa a ver Las chicas de oro<\/a>. Pocos planes mejores para el fin del mundo. <\/p>\n","protected":false},"excerpt":{"rendered":"Oh, Carol. Me hago cargo de que la versi\u00f3n m\u00e1s conocida en espa\u00f1ol de la canci\u00f3n de Neil&hellip;\n","protected":false},"author":2,"featured_media":242275,"comment_status":"","ping_status":"","sticky":false,"template":"","format":"standard","meta":{"footnotes":""},"categories":[171],"tags":[1014,1015,12178,17104,146,147,25,24,1925,18626,6586,8189,23,807,214],"class_list":{"0":"post-242274","1":"post","2":"type-post","3":"status-publish","4":"format-standard","5":"has-post-thumbnail","7":"category-tv","8":"tag-actores","9":"tag-actrices","10":"tag-apple-tv","11":"tag-critica-television","12":"tag-entertainment","13":"tag-entretenimiento","14":"tag-es","15":"tag-espana","16":"tag-opinion","17":"tag-series-ciencia-ficcion","18":"tag-series-drama","19":"tag-series-television","20":"tag-spain","21":"tag-television","22":"tag-tv"},"share_on_mastodon":{"url":"https:\/\/pubeurope.com\/@es\/115569367860411031","error":""},"_links":{"self":[{"href":"https:\/\/www.europesays.com\/es\/wp-json\/wp\/v2\/posts\/242274","targetHints":{"allow":["GET"]}}],"collection":[{"href":"https:\/\/www.europesays.com\/es\/wp-json\/wp\/v2\/posts"}],"about":[{"href":"https:\/\/www.europesays.com\/es\/wp-json\/wp\/v2\/types\/post"}],"author":[{"embeddable":true,"href":"https:\/\/www.europesays.com\/es\/wp-json\/wp\/v2\/users\/2"}],"replies":[{"embeddable":true,"href":"https:\/\/www.europesays.com\/es\/wp-json\/wp\/v2\/comments?post=242274"}],"version-history":[{"count":0,"href":"https:\/\/www.europesays.com\/es\/wp-json\/wp\/v2\/posts\/242274\/revisions"}],"wp:featuredmedia":[{"embeddable":true,"href":"https:\/\/www.europesays.com\/es\/wp-json\/wp\/v2\/media\/242275"}],"wp:attachment":[{"href":"https:\/\/www.europesays.com\/es\/wp-json\/wp\/v2\/media?parent=242274"}],"wp:term":[{"taxonomy":"category","embeddable":true,"href":"https:\/\/www.europesays.com\/es\/wp-json\/wp\/v2\/categories?post=242274"},{"taxonomy":"post_tag","embeddable":true,"href":"https:\/\/www.europesays.com\/es\/wp-json\/wp\/v2\/tags?post=242274"}],"curies":[{"name":"wp","href":"https:\/\/api.w.org\/{rel}","templated":true}]}}