{"id":242288,"date":"2025-11-18T06:56:07","date_gmt":"2025-11-18T06:56:07","guid":{"rendered":"https:\/\/www.europesays.com\/es\/242288\/"},"modified":"2025-11-18T06:56:07","modified_gmt":"2025-11-18T06:56:07","slug":"crisis-eeuu-venezuela-y-colombia-claves-del-despliegue-militar-y-ataques","status":"publish","type":"post","link":"https:\/\/www.europesays.com\/es\/242288\/","title":{"rendered":"Crisis EEUU &#8211; Venezuela y Colombia: claves del despliegue militar y ataques"},"content":{"rendered":"<p>Estados Unidos ha bautizado como <a href=\"https:\/\/www.rtve.es\/noticias\/20251114\/eeuu-operacion-lanza-sur-ofensiva-trump-caribe-narcotrafico\/16815134.shtml\" rel=\"nofollow noopener\" target=\"_blank\">\u00abLanza del Sur\u00bb la campa\u00f1a militar<\/a> que lleva a cabo desde el pasado verano en aguas del Caribe y el Pac\u00edfico oriental, una operaci\u00f3n que, bajo el argumento de combatir el narcotr\u00e1fico, ha desencadenado una oleada de ataques contra embarcaciones procedentes de Venezuela y ha elevado la tensi\u00f3n regional.<\/p>\n<p>El anuncio de la iniciativa lo realiz\u00f3 el secretario de Guerra estadounidense, <a href=\"https:\/\/x.com\/SecWar\/status\/1989094923497316430\" rel=\"nofollow\">Pete Hegseth, en la red social X<\/a>. Explic\u00f3 que las acciones estar\u00e1n coordinadas por un grupo de trabajo conjunto y el Comando Sur, responsable de las operaciones militares de Washington en Am\u00e9rica Central y del Sur. Aunque sin detallar la magnitud del operativo, el mensaje coincidi\u00f3 con la <a href=\"https:\/\/www.rtve.es\/noticias\/20251111\/estados-unidos-portaviones-caribe-frenar-narcotrafico-tensiones-venezuela\/16811173.shtml\" rel=\"nofollow noopener\" target=\"_blank\">llegada al Caribe del portaaviones USS Gerald R. Ford<\/a>, el mayor del Pent\u00e1gono, acompa\u00f1ado de su grupo de ataque \u2014m\u00e1s de 4.000 marineros y decenas de aeronaves\u2014, adem\u00e1s de buques de guerra, un submarino nuclear y cazabombarderos ya desplegados en la zona.<\/p>\n<p><strong>La escalada empez\u00f3 el pasado 8 de agosto<\/strong>, cuando el presidente de Estados Unidos, Donald Trump, autoriz\u00f3 el uso de la fuerza militar contra carteles latinoamericanos, designados por su Administraci\u00f3n como organizaciones terroristas.<\/p>\n<p><strong><a href=\"https:\/\/www.rtve.es\/noticias\/20250902\/trump-afirma-estados-unidos-atacado-barco-cargado-drogas-procedente-venezuela\/16715052.shtml\" rel=\"nofollow noopener\" target=\"_blank\">El primer ataque, el 2 de septiembre<\/a><\/strong><strong>,<\/strong> habr\u00eda tenido como blanco una lancha que transportaba a 11 miembros del Tren de Aragua \u2014organizaci\u00f3n que EE.UU. considera terrorista\u2014, supuestamente en ruta hacia el norte con cargamentos de coca\u00edna. Ninguna de las afirmaciones ha sido acompa\u00f1ada de pruebas verificables, y las operaciones han sido calificadas por Caracas de \u00abbombardeos extraterritoriales\u00bb contra civiles. EE.UU. tambi\u00e9n ha dirigido sus ataques en las \u00faltimas semanas contra el conocido como Cartel de los Soles, al que tambi\u00e9n planea declararlo organizaci\u00f3n terrorista<\/p>\n<p>Desde entonces, se han acumulado los ataques, tanto en el mar del Caribe como en el Pac\u00edfico Oriental, principalmente en aguas internacionales y en varias ocasiones cerca de las costas de Venezuela.<\/p>\n<p>La ofensiva tiene adem\u00e1s un fuerte impacto diplom\u00e1tico. Al presidente de <strong>Colombia<\/strong>, Gustavo Petro \u2014cuya pol\u00edtica de sustituci\u00f3n de cultivos ilegales ha irritado a Washington\u2014, <a href=\"https:\/\/www.rtve.es\/noticias\/20250927\/eeuu-revoca-visa-petro-trump\/16746914.shtml\" rel=\"nofollow noopener\" target=\"_blank\">se le retir\u00f3 en septiembre el visado<\/a> tras participar en un acto propalestino durante la Asamblea General de la ONU. Ese mismo mes, <a href=\"https:\/\/www.rtve.es\/noticias\/20250916\/estados-unidos-colombia-lista-paises-combaten-narcotrafico\/16730489.shtml\" rel=\"nofollow noopener\" target=\"_blank\">Estados Unidos excluy\u00f3 a Colombia de su lista de pa\u00edses cooperantes<\/a> en la lucha contra el narcotr\u00e1fico, pese a ser el mayor productor mundial de coca\u00edna. La medida fue interpretada como una se\u00f1al de distanciamiento pol\u00edtico respecto a Bogot\u00e1. M\u00e1s tarde, en octubre, <a href=\"https:\/\/www.rtve.es\/noticias\/20251019\/trump-llama-presidente-colombiano-lider-del-narcotrafico-anuncia-fin-ayuda-financiera\/16777290.shtml\" rel=\"nofollow noopener\" target=\"_blank\">retir\u00f3 a Colombia la ayuda financiera estadounidense<\/a>.<\/p>\n<p>Las tensiones se agravaron a\u00fan m\u00e1s cuando el Departamento de Guerra estadounidense envi\u00f3 el 10 de noviembre tropas terrestres a Panam\u00e1 para realizar maniobras en la selva, algo in\u00e9dito en d\u00e9cadas. Dos d\u00edas despu\u00e9s, Venezuela anunci\u00f3 una movilizaci\u00f3n de 200.000 militares en todo su territorio como parte de unos ejercicios destinados a \u00abresponder a las amenazas de Estados Unidos\u00bb, y la escalada belicista a\u00fan subi\u00f3 otro escal\u00f3n con las <a href=\"https:\/\/www.rtve.es\/play\/videos\/telediario-fin-de-semana\/tension-caribe-maniobras-militares-eeuu-trinidad-tobago\/16817723\/\" rel=\"nofollow noopener\" target=\"_blank\">maniobras militares norteamericanas en Trinidad y Tobago<\/a>, isla a 11 kil\u00f3metros de la costa venezolana.<\/p>\n<p>El movimiento consolida el mayor despliegue militar estadounidense en el Caribe en d\u00e9cadas, comparable solo, seg\u00fan fuentes diplom\u00e1ticas, con las operaciones navales de la primera guerra del Golfo (1990-1991). Washington sostiene que <strong>el objetivo es golpear las rutas mar\u00edtimas del narcotr\u00e1fico vinculadas<\/strong>, seg\u00fan su versi\u00f3n, <strong>al Gobierno de Nicol\u00e1s Maduro<\/strong>, a quien acusa de encabezar el llamado Cartel de los Soles. La Administraci\u00f3n Trump declar\u00f3 en julio esa red como organizaci\u00f3n terrorista y mantiene una recompensa de 50 millones de d\u00f3lares por la captura del presidente venezolano.<\/p>\n","protected":false},"excerpt":{"rendered":"Estados Unidos ha bautizado como \u00abLanza del Sur\u00bb la campa\u00f1a militar que lleva a cabo desde el pasado&hellip;\n","protected":false},"author":2,"featured_media":242289,"comment_status":"","ping_status":"","sticky":false,"template":"","format":"standard","meta":{"footnotes":""},"categories":[42],"tags":[17,18,13,14,11,61,62,63,64,19,20,9,10,15,16,12,21,22,65,66,67],"class_list":{"0":"post-242288","1":"post","2":"type-post","3":"status-publish","4":"format-standard","5":"has-post-thumbnail","7":"category-internacional","8":"tag-breaking-news","9":"tag-breakingnews","10":"tag-featured-news","11":"tag-featurednews","12":"tag-headlines","13":"tag-internacional","14":"tag-international","15":"tag-international-news","16":"tag-internationalnews","17":"tag-latest-news","18":"tag-latestnews","19":"tag-news","20":"tag-noticias","21":"tag-noticias-destacadas","22":"tag-noticiasdestacadas","23":"tag-titulares","24":"tag-ultimas-noticias","25":"tag-ultimasnoticias","26":"tag-world","27":"tag-world-news","28":"tag-worldnews"},"share_on_mastodon":{"url":"https:\/\/pubeurope.com\/@es\/115569399211639569","error":""},"_links":{"self":[{"href":"https:\/\/www.europesays.com\/es\/wp-json\/wp\/v2\/posts\/242288","targetHints":{"allow":["GET"]}}],"collection":[{"href":"https:\/\/www.europesays.com\/es\/wp-json\/wp\/v2\/posts"}],"about":[{"href":"https:\/\/www.europesays.com\/es\/wp-json\/wp\/v2\/types\/post"}],"author":[{"embeddable":true,"href":"https:\/\/www.europesays.com\/es\/wp-json\/wp\/v2\/users\/2"}],"replies":[{"embeddable":true,"href":"https:\/\/www.europesays.com\/es\/wp-json\/wp\/v2\/comments?post=242288"}],"version-history":[{"count":0,"href":"https:\/\/www.europesays.com\/es\/wp-json\/wp\/v2\/posts\/242288\/revisions"}],"wp:featuredmedia":[{"embeddable":true,"href":"https:\/\/www.europesays.com\/es\/wp-json\/wp\/v2\/media\/242289"}],"wp:attachment":[{"href":"https:\/\/www.europesays.com\/es\/wp-json\/wp\/v2\/media?parent=242288"}],"wp:term":[{"taxonomy":"category","embeddable":true,"href":"https:\/\/www.europesays.com\/es\/wp-json\/wp\/v2\/categories?post=242288"},{"taxonomy":"post_tag","embeddable":true,"href":"https:\/\/www.europesays.com\/es\/wp-json\/wp\/v2\/tags?post=242288"}],"curies":[{"name":"wp","href":"https:\/\/api.w.org\/{rel}","templated":true}]}}