{"id":242294,"date":"2025-11-18T07:03:08","date_gmt":"2025-11-18T07:03:08","guid":{"rendered":"https:\/\/www.europesays.com\/es\/242294\/"},"modified":"2025-11-18T07:03:08","modified_gmt":"2025-11-18T07:03:08","slug":"las-bromas-entre-paula-badosa-y-david-broncano-sigo-teniendo-mas-dinero-que-tu","status":"publish","type":"post","link":"https:\/\/www.europesays.com\/es\/242294\/","title":{"rendered":"Las bromas entre Paula Badosa y David Broncano: \u00abSigo teniendo m\u00e1s dinero que t\u00fa\u00bb"},"content":{"rendered":"<p class=\"v-mdl-ath__p v-mdl-ath__p--6\">\nMartes, 18 de noviembre 2025, 07:18<\/p>\n<p class=\"v-p\">La tenista Paula Badosa ha sido la \u00faltima invitada del programa La Revuelta, de David Broncano. La tenista, n\u00famero dos del mundo y una de las deportistas espa\u00f1olas m\u00e1s reconocidas internacionalmente, ha <a href=\"https:\/\/www.diariovasco.com\/culturas\/tv\/david-broncano-estalla-20210727181731-nt.html\" title=\"www.diariovasco.com\" data-voc-vtm-id=\"in-text-traffic\" data-mrf-link=\"www.diariovasco.com\" rel=\"nofollow noopener\" target=\"_blank\">mostrado la buena relaci\u00f3n que mantiene con el presentador <\/a>y no ha eludido ninguna de las preguntas del programa. <\/p>\n<p class=\"v-p\">Sobre su situaci\u00f3n sentimental, David Broncano fue directo: \u00ab\u00bfHas confirmado que est\u00e1s soltera?\u00bb. Paula no esquiv\u00f3 la cuesti\u00f3n: \u00abNo lo hab\u00eda dicho, pero se sabe. Salt\u00f3 la noticia y ya est\u00e1. Y ahora pues aqu\u00ed lo estoy confirmando\u00bb, afirm\u00f3 con sinceridad. La tenista ha mantenido una relaci\u00f3n con varias idas y venidas con el tambi\u00e9n tenista St\u00e9fanos Tsitsip\u00e1s. <\/p>\n<p class=\"v-p\">Cuando lleg\u00f3 el turno del dinero en el banco, la deportista tampoco se escondi\u00f3 y volvi\u00f3 a lanzarle un gui\u00f1o competitivo al presentador. \u00abSigo teniendo m\u00e1s que t\u00fa. Me da igual lo que hayas firmado aqu\u00ed. Sigo teniendo m\u00e1s, que es lo que me importa\u00bb, le solt\u00f3 entre risas.<\/p>\n<p class=\"v-p\">En este punto, David Broncano estim\u00f3 su fortuna en torno a 20 millones de euros, cifra que Paula no desminti\u00f3. Fiel a su estilo, el presentador le record\u00f3 que \u00e9l tiene \u00ab40 a\u00f1os m\u00e1s\u00bb para seguir acumulando ingresos. \u00abYo, haciendo las tonter\u00edas que hago, puedo estar toda la vida\u00bb, brome\u00f3.<\/p>\n<p class=\"v-p\">Uno de los momentos m\u00e1s comentado lleg\u00f3 con la pregunta sobre su vida sexual. La tenista respondi\u00f3 sin dramatismos: no est\u00e1 en un momento \u00abincre\u00edble\u00bb, pero tampoco \u00abfatal\u00bb. Entre los entrenamientos, la falta de tiempo y su solter\u00eda, la combinaci\u00f3n no ayuda. Broncano, entre risas, le advirti\u00f3 que su bandeja de mensajes \u00abiba a echar humo\u00bb esa misma noche.<\/p>\n<p>Relaci\u00f3n entre Paula Badosa y David Broncano<\/p>\n<p class=\"v-p\">Hubo tambi\u00e9n mensaje para Rosal\u00eda, cuya entrevista en el programa fue un fen\u00f3meno: \u00abSer\u00eda un honor jugar contigo al tenis cuando quieras. Y me ha encantado tu disco, sobre todo &#8216;La Perla&#8217;\u00bb. La referencia desat\u00f3 carcajadas en plat\u00f3, ya que la canci\u00f3n est\u00e1 dedicada a un \u00abex\u00bb descrito con muy poca simpat\u00eda.<\/p>\n<p class=\"v-p\">Paula Badosa tambi\u00e9n aprovech\u00f3 para hacer un gui\u00f1o al propio Broncano<a href=\"https:\/\/www.diariovasco.com\/culturas\/tv\/rosalia-conquista-revuelta-humor-naturalidad-programa-a-gusto-20251111073307-nt.html\" title=\"www.diariovasco.com\" data-voc-vtm-id=\"in-text-traffic\" data-mrf-link=\"www.diariovasco.com\" rel=\"nofollow noopener\" target=\"_blank\"> recordando algo que \u00e9l dijo en la entrevista de Rosal\u00eda<\/a>. \u00abDijiste que hab\u00edas entrenado a una tenista profesional\u2026 imagino que hablabas de m\u00ed\u00bb. <\/p>\n<p class=\"v-p\">Una frase que evidenci\u00f3 la complicidad y la competitividad sana que mantienen. <a href=\"https:\/\/www.diariovasco.com\/gente-estilo\/david-broncano-cuenta-revuelta-ruptura-paula-badosa-20241119085654-nt.html\" title=\"www.diariovasco.com\" data-voc-vtm-id=\"in-text-traffic\" data-mrf-link=\"www.diariovasco.com\" rel=\"nofollow noopener\" target=\"_blank\">Paula Badosa y David Broncano fueron pareja en 2020<\/a>, pero, pese a la ruptura, han demostrado mantener una relaci\u00f3n cercana y cordial. La tenista ha visitado varias veces el programa y ambos han comentado que siguen entrenando juntos cuando sus agendas lo permiten.<\/p>\n<p>Reporta un error<\/p>\n","protected":false},"excerpt":{"rendered":"Martes, 18 de noviembre 2025, 07:18 La tenista Paula Badosa ha sido la \u00faltima invitada del programa La&hellip;\n","protected":false},"author":2,"featured_media":242295,"comment_status":"","ping_status":"","sticky":false,"template":"","format":"standard","meta":{"footnotes":""},"categories":[274],"tags":[9029,168,25,24,29956,9408,23,167,327,326],"class_list":{"0":"post-242294","1":"post","2":"type-post","3":"status-publish","4":"format-standard","5":"has-post-thumbnail","7":"category-tenis","8":"tag-david-broncano","9":"tag-deportes","10":"tag-es","11":"tag-espana","12":"tag-la-revuelta","13":"tag-paula-badosa","14":"tag-spain","15":"tag-sports","16":"tag-tenis","17":"tag-tennis"},"share_on_mastodon":{"url":"https:\/\/pubeurope.com\/@es\/115569426824550645","error":""},"_links":{"self":[{"href":"https:\/\/www.europesays.com\/es\/wp-json\/wp\/v2\/posts\/242294","targetHints":{"allow":["GET"]}}],"collection":[{"href":"https:\/\/www.europesays.com\/es\/wp-json\/wp\/v2\/posts"}],"about":[{"href":"https:\/\/www.europesays.com\/es\/wp-json\/wp\/v2\/types\/post"}],"author":[{"embeddable":true,"href":"https:\/\/www.europesays.com\/es\/wp-json\/wp\/v2\/users\/2"}],"replies":[{"embeddable":true,"href":"https:\/\/www.europesays.com\/es\/wp-json\/wp\/v2\/comments?post=242294"}],"version-history":[{"count":0,"href":"https:\/\/www.europesays.com\/es\/wp-json\/wp\/v2\/posts\/242294\/revisions"}],"wp:featuredmedia":[{"embeddable":true,"href":"https:\/\/www.europesays.com\/es\/wp-json\/wp\/v2\/media\/242295"}],"wp:attachment":[{"href":"https:\/\/www.europesays.com\/es\/wp-json\/wp\/v2\/media?parent=242294"}],"wp:term":[{"taxonomy":"category","embeddable":true,"href":"https:\/\/www.europesays.com\/es\/wp-json\/wp\/v2\/categories?post=242294"},{"taxonomy":"post_tag","embeddable":true,"href":"https:\/\/www.europesays.com\/es\/wp-json\/wp\/v2\/tags?post=242294"}],"curies":[{"name":"wp","href":"https:\/\/api.w.org\/{rel}","templated":true}]}}