{"id":242304,"date":"2025-11-18T07:09:12","date_gmt":"2025-11-18T07:09:12","guid":{"rendered":"https:\/\/www.europesays.com\/es\/242304\/"},"modified":"2025-11-18T07:09:12","modified_gmt":"2025-11-18T07:09:12","slug":"todavia-hay-mucho-llull-que-explorar-en-el-campo-de-las-artes-visuales","status":"publish","type":"post","link":"https:\/\/www.europesays.com\/es\/242304\/","title":{"rendered":"\u00abTodav\u00eda hay mucho Llull que explorar en el campo de las artes visuales\u00bb"},"content":{"rendered":"<p>Nadie discutir\u00eda que <a href=\"https:\/\/www.ultimahora.es\/etiqueta\/Ramon+Llull.html?utm_source=Inline-tag&amp;utm_medium=internal\" rel=\"nofollow noopener\" target=\"_blank\">Ramon Llull<\/a>, uno de los mayores ilustres e intelectuales de Mallorca de todos los tiempos, ha sido ampliamente reconocido y estudiado desde las diferentes disciplinas que cultiv\u00f3: literatura, filosof\u00eda, teolog\u00eda, matem\u00e1ticas e incluso inform\u00e1tica. Sin embargo, hay un \u00e1mbito art\u00edstico que no ha indagado tanto en el vasto legado del genio: las artes visuales. Lo asegura el gestor cultural, historiador del arte y comisario <strong><a href=\"https:\/\/www.ultimahora.es\/etiqueta\/Jaume+Reus.html?utm_source=Inline-tag&amp;utm_medium=internal\" rel=\"nofollow noopener\" target=\"_blank\">Jaume Reus<\/a><\/strong>, quien precisamente esta tarde hablar\u00e1 de ello en la conferencia Ramon meravellat. Llull des de l\u2019art contemporani. La cita, que se llevar\u00e1 a cabo a las 19.00 horas en el sal\u00f3n de actos de Ca n\u2019Oleo (Palma), forma parte de las actividades culturales que ha organizado el Govern como parte del<strong> Congr\u00e9s Internacional Ramon Llull 2025<\/strong>, que se celebrar\u00e1 desde este jueves hasta el s\u00e1bado.<\/p>\n<p>Reus, que fue director del <strong>Arts Santa M\u00f2nica de Barcelona<\/strong> (2015-2017), y gerente del entonces flamante <strong>Institut d\u2019Ind\u00fastries Culturals<\/strong> (ICIB) en 2019, explica a Ultima Hora que la ponencia tiene como punto de partida el hecho de que \u00abLlull ha sido muy tratado desde la filolog\u00eda, la teolog\u00eda, la filosof\u00eda o la literatura, pero en el mundo de las artes hay poca cosa hecha en realidad\u00bb.<\/p>\n<p><img loading=\"lazy\" decoding=\"async\" src=\"https:\/\/www.europesays.com\/es\/wp-content\/uploads\/2025\/11\/3561947.jpg\" border=\"0\" alt=\"PALMA. CULTURA. El director-gerente del ICIB, Jaume Reus, ayer en Ca n\u00c2'Oleo.\" width=\"2048\" height=\"1366\"\/>&#13;<br \/>\nJaume Reus fue director del Arts Santa M\u00f2nica y gerente del Institut d&#8217;Ind\u00fastries Culturals. Foto: PERE BOTA&#13;<\/p>\n<p>\u00abHay mucho por hacer todav\u00eda. El legado y la obra de Llull son inabarcables, incluso por los propios especialistas y literatos.<strong> El oc\u00e9ano de Llull es inconmensurable,<\/strong> sus trabajos no son f\u00e1ciles de leer o interpretar y, en consecuencia, a veces los artistas sienten una especie de pereza a acercarse a su figura. Siempre he pensado que las artes visuales podr\u00edan aprovechar muchos de sus conceptos e ideas, visualizar lo que pretend\u00eda Llull, porque, al fin y al cabo, su pensamiento es muy visual\u00bb, razona Reus.<\/p>\n<p>\u00abLlull era una persona muy <strong>heterodoxa<\/strong> por el tipo de formaci\u00f3n que recibi\u00f3. De hecho, era pr\u00e1cticamente autodidacta, y tambi\u00e9n porque su experiencia estaba muy relacionada con lo <strong>cortesano<\/strong> y con la poes\u00eda\u00bb, destaca. En este sentido, remarca la importancia de \u00ablas <strong>artes combinatorias<\/strong> de Llull, un claro precedente de la cultura digital contempor\u00e1nea\u00bb. \u00ab\u00c9l cre\u00eda firmemente en la calidad interdisciplinaria del conocimiento, un terreno muy f\u00e9rtil para los artistas visuales, porque pone el acento en la capacidad de conectarse con otros lenguajes\u00bb.<\/p>\n<p>Repaso<\/p>\n<p>En la conferencia de esta tarde, Reus har\u00e1 un repaso por algunas de las propuestas art\u00edsticas contempor\u00e1neas vinculadas con Llull. Una de ellas es la exposici\u00f3n que llev\u00f3 a cabo el Centre de <strong>Cultura Contempor\u00e0nia de Barcelona (CCCB)<\/strong> comisariada por Amador Vega en 2016 o la que impuls\u00f3 Reus en Santa M\u00f2nica en el Any Llull, cuando puso en di\u00e1logo a<strong> Ryoichi Kurokawa<\/strong> con Llull en la muestra A la llum de les idees, que ten\u00eda como eje la capacidad tan luliana de \u00abmaravillarse ante el espect\u00e1culo de la naturaleza\u00bb.<\/p>\n<p>Asimismo, esta misma edici\u00f3n de la<strong> Nit de l\u2019Art<\/strong>, Reus inaugur\u00f3 con la <strong>Galeria Maior<\/strong> \u2013en el 35 aniversario de este emblem\u00e1tico espacio de Pollen\u00e7a\u2013 la exposici\u00f3n Umburri, Umburri, Umburri!. La propuesta, que se pudo ver hasta hace poco en las <strong>salas anexas del Aljub de La Misierc\u00f2rdia,<\/strong> era una exposici\u00f3n de<strong> Erick Beltr\u00e1n,<\/strong> artista mexicano establecido en Barcelona, que reflexionaba sobre la iconograf\u00eda y \u00abc\u00f3mo ha evolucionado el mundo y la lectura de las im\u00e1genes desde la edad cl\u00e1sica hasta la actualidad\u00bb.<\/p>\n<p><img loading=\"lazy\" decoding=\"async\" src=\"https:\/\/www.europesays.com\/es\/wp-content\/uploads\/2025\/11\/3561951.jpg\" border=\"0\" alt=\"\" width=\"1280\" height=\"1706\"\/>&#13;<br \/>\nReus puso en di\u00e1logo en el Arts Santa M\u00f2nica de Barcelona, con motivo del Any Llull, a Ryoichi Kurokawa con Llull en la muestra A la llum de les idees, que ten\u00eda como eje la capacidad tan luliana de \u00abmaravillarse ante el espect\u00e1culo de la naturaleza\u00bb.&#13;<\/p>\n<p>Comisariada por Reus y <strong>M\u00f3nica Galv\u00e1n<\/strong>, la muestra exploraba la \u00ableyenda de la mata escrita de Llull\u00bb. Seg\u00fan este relato, en su retiro espiritual a Randa, Llull hall\u00f3 unas peque\u00f1as manchas de <strong>despigmentaci\u00f3n<\/strong> en una hoja del arbusto. \u00abLlull lo interpret\u00f3 como una se\u00f1al divina y una motivaci\u00f3n para escribir el gran libro, el mejor libro del mundo\u00bb, detalla. El proyecto de Beltr\u00e1n se materializaba en dos esculturas m\u00f3viles sostenidas del techo y tres monotipos en las paredes, \u00abuna investigaci\u00f3n-propuesta compuesta de cuatro \u00e1rboles de pensamiento sobre la forma de relaci\u00f3n de las im\u00e1genes que van desde <strong>grabados medievales<\/strong> a im\u00e1genes del mundo contempor\u00e1neo\u00bb.<\/p>\n<p>Otro caso importante es el de <strong>Horacio Sapere<\/strong> que, en colaboraci\u00f3n con<strong> Sant Francesc,<\/strong> realiz\u00f3 una \u00absilla iluminada, de cristal\u00bb para un espacio \u00fanico: el sepulcro de Ramon Llull. Con motivo de este acto, Sapere expone sus Quatre cadires lul\u00b7lianes en el <strong>patio de Ca n\u2019Oleo<\/strong>, donde pueden verse hasta el 29 de noviembre.<\/p>\n","protected":false},"excerpt":{"rendered":"Nadie discutir\u00eda que Ramon Llull, uno de los mayores ilustres e intelectuales de Mallorca de todos los tiempos,&hellip;\n","protected":false},"author":2,"featured_media":242305,"comment_status":"","ping_status":"","sticky":false,"template":"","format":"standard","meta":{"footnotes":""},"categories":[173],"tags":[229,1829,233,231,230,209,232,234,146,147,25,24,58135,58136,62291,62292,23],"class_list":{"0":"post-242304","1":"post","2":"type-post","3":"status-publish","4":"format-standard","5":"has-post-thumbnail","7":"category-arte-y-diseno","8":"tag-arte","9":"tag-arte-en-mallorca","10":"tag-arte-y-diseno","11":"tag-arts","12":"tag-arts-and-design","13":"tag-cultura","14":"tag-design","15":"tag-diseno","16":"tag-entertainment","17":"tag-entretenimiento","18":"tag-es","19":"tag-espana","20":"tag-govern-balear","21":"tag-govern-de-les-illes-balears","22":"tag-jaume-reus","23":"tag-ramon-llull","24":"tag-spain"},"share_on_mastodon":{"url":"https:\/\/pubeurope.com\/@es\/115569450323275794","error":""},"_links":{"self":[{"href":"https:\/\/www.europesays.com\/es\/wp-json\/wp\/v2\/posts\/242304","targetHints":{"allow":["GET"]}}],"collection":[{"href":"https:\/\/www.europesays.com\/es\/wp-json\/wp\/v2\/posts"}],"about":[{"href":"https:\/\/www.europesays.com\/es\/wp-json\/wp\/v2\/types\/post"}],"author":[{"embeddable":true,"href":"https:\/\/www.europesays.com\/es\/wp-json\/wp\/v2\/users\/2"}],"replies":[{"embeddable":true,"href":"https:\/\/www.europesays.com\/es\/wp-json\/wp\/v2\/comments?post=242304"}],"version-history":[{"count":0,"href":"https:\/\/www.europesays.com\/es\/wp-json\/wp\/v2\/posts\/242304\/revisions"}],"wp:featuredmedia":[{"embeddable":true,"href":"https:\/\/www.europesays.com\/es\/wp-json\/wp\/v2\/media\/242305"}],"wp:attachment":[{"href":"https:\/\/www.europesays.com\/es\/wp-json\/wp\/v2\/media?parent=242304"}],"wp:term":[{"taxonomy":"category","embeddable":true,"href":"https:\/\/www.europesays.com\/es\/wp-json\/wp\/v2\/categories?post=242304"},{"taxonomy":"post_tag","embeddable":true,"href":"https:\/\/www.europesays.com\/es\/wp-json\/wp\/v2\/tags?post=242304"}],"curies":[{"name":"wp","href":"https:\/\/api.w.org\/{rel}","templated":true}]}}