{"id":242307,"date":"2025-11-18T07:12:27","date_gmt":"2025-11-18T07:12:27","guid":{"rendered":"https:\/\/www.europesays.com\/es\/242307\/"},"modified":"2025-11-18T07:12:27","modified_gmt":"2025-11-18T07:12:27","slug":"video-de-la-prueba-de-sonido-de-dua-lipa-confirmaria-que-cantara-un-cover-de-mon-laferte","status":"publish","type":"post","link":"https:\/\/www.europesays.com\/es\/242307\/","title":{"rendered":"Video de la prueba de sonido de Dua Lipa confirmar\u00eda que cantar\u00e1 un cover de Mon Laferte"},"content":{"rendered":"<p>                  <img decoding=\"async\" src=\"https:\/\/www.europesays.com\/es\/wp-content\/uploads\/2025\/09\/placeholder.png\"\/><\/p>\n<p>\n                  Por CNN Chile<br \/>\n                  11.11.2025 \/ 17:09\n                <\/p>\n<p>                <img decoding=\"async\" src=\"https:\/\/www.europesays.com\/es\/wp-content\/uploads\/2025\/11\/Dua-Lipa-confirm\u00f3-que-interpretar\u00e1-_Tu-falta-de-querer_-de-Mon-Laferte-en-sus-conciertos-en-Chile-74.jpeg\" alt=\"{alt}\"\/><\/p>\n<p class=\"epigraph\">La estrella brit\u00e1nica incluir\u00e1 el \u00e9xito de la cantante nacional como parte de su tradici\u00f3n de versionar temas locales durante su gira \u00abRadical Optimism\u00bb, seg\u00fan revel\u00f3 durante su prueba de sonido en el Estadio Nacional.<\/p>\n<p class=\"ds-markdown-paragraph\">Dua Lipa despej\u00f3 las dudas sobre su repertorio chileno al confirmar que interpretar\u00e1\u00a0<strong>\u201cTu falta de querer\u201d<\/strong>\u00a0de Mon Laferte durante sus presentaciones en el Estadio Nacional. La revelaci\u00f3n ocurri\u00f3 durante la prueba de sonido de este martes, donde la cantante brit\u00e1nica incluy\u00f3 el \u00e9xito que lanz\u00f3 al estrellato a la artista nacional en 2015.<\/p>\n<p class=\"ds-markdown-paragraph\">La gira\u00a0<strong>\u201cRadical Optimism\u201d<\/strong>\u00a0mantiene la tradici\u00f3n de incorporar versiones de temas locales en cada pa\u00eds visitado, consolidando un v\u00ednculo especial con sus audiencias internacionales.<\/p>\n<blockquote class=\"twitter-tweet\">\n<p dir=\"ltr\" lang=\"es\">[SPOILER DUA LIPA EN CHILE]<\/p>\n<p>LAS CHICAS CEBOLLERAS SOMOS FELICES TENDREMOS UN COVER DE MON LAFERTE \ud83d\ude2d\ud83e\udef6\ud83c\udffc <a href=\"https:\/\/t.co\/yuBWgIXBrX\" rel=\"nofollow\">pic.twitter.com\/yuBWgIXBrX<\/a><\/p>\n<p>\u2014 \ud83e\udebc (@swiftieuch) <a href=\"https:\/\/twitter.com\/swiftieuch\/status\/1988307264089034835?ref_src=twsrc%5Etfw\" rel=\"nofollow noopener\" target=\"_blank\">November 11, 2025<\/a><\/p>\n<\/blockquote>\n<p>Un gesto de conexi\u00f3n cultural<\/p>\n<p class=\"ds-markdown-paragraph\">Seg\u00fan report\u00f3 <a href=\"https:\/\/www.cooperativa.cl\/noticias\/magazine\/musica\/shows-en-vivo\/dua-lipa-cantara-un-tema-de-mon-laferte-durante-su-paso-por-santiago\/2025-11-11\/163727.html\" rel=\"nofollow noopener\" target=\"_blank\">Cooperativa<\/a>,\u00a0El emblem\u00e1tico tema de Mon Laferte ser\u00e1 una de las dos canciones chilenas que Lipa incluir\u00e1 en sus shows del 11 y 12 de noviembre.<\/p>\n<p class=\"ds-markdown-paragraph\">Esta estrategia musical ya ha generado colaboraciones con artistas de la talla de Charli XCX, Kevin Parker y Lionel Richie en otras ciudades, pero marca la primera vez que rinde homenaje espec\u00edfico al repertorio chileno.<\/p>\n<p>          <script async src=\"https:\/\/platform.twitter.com\/widgets.js\" charset=\"utf-8\"><\/script><\/p>\n","protected":false},"excerpt":{"rendered":"Por CNN Chile 11.11.2025 \/ 17:09 La estrella brit\u00e1nica incluir\u00e1 el \u00e9xito de la cantante nacional como parte&hellip;\n","protected":false},"author":2,"featured_media":242308,"comment_status":"","ping_status":"","sticky":false,"template":"","format":"standard","meta":{"footnotes":""},"categories":[170],"tags":[208,62293,14008,146,147,25,24,22770,55866,184,185,23],"class_list":{"0":"post-242307","1":"post","2":"type-post","3":"status-publish","4":"format-standard","5":"has-post-thumbnail","7":"category-musica","8":"tag-conciertos","9":"tag-covers","10":"tag-dua-lipa","11":"tag-entertainment","12":"tag-entretenimiento","13":"tag-es","14":"tag-espana","15":"tag-estadio-nacional","16":"tag-mon-laferte","17":"tag-music","18":"tag-musica","19":"tag-spain"},"share_on_mastodon":{"url":"https:\/\/pubeurope.com\/@es\/115569462572488708","error":""},"_links":{"self":[{"href":"https:\/\/www.europesays.com\/es\/wp-json\/wp\/v2\/posts\/242307","targetHints":{"allow":["GET"]}}],"collection":[{"href":"https:\/\/www.europesays.com\/es\/wp-json\/wp\/v2\/posts"}],"about":[{"href":"https:\/\/www.europesays.com\/es\/wp-json\/wp\/v2\/types\/post"}],"author":[{"embeddable":true,"href":"https:\/\/www.europesays.com\/es\/wp-json\/wp\/v2\/users\/2"}],"replies":[{"embeddable":true,"href":"https:\/\/www.europesays.com\/es\/wp-json\/wp\/v2\/comments?post=242307"}],"version-history":[{"count":0,"href":"https:\/\/www.europesays.com\/es\/wp-json\/wp\/v2\/posts\/242307\/revisions"}],"wp:featuredmedia":[{"embeddable":true,"href":"https:\/\/www.europesays.com\/es\/wp-json\/wp\/v2\/media\/242308"}],"wp:attachment":[{"href":"https:\/\/www.europesays.com\/es\/wp-json\/wp\/v2\/media?parent=242307"}],"wp:term":[{"taxonomy":"category","embeddable":true,"href":"https:\/\/www.europesays.com\/es\/wp-json\/wp\/v2\/categories?post=242307"},{"taxonomy":"post_tag","embeddable":true,"href":"https:\/\/www.europesays.com\/es\/wp-json\/wp\/v2\/tags?post=242307"}],"curies":[{"name":"wp","href":"https:\/\/api.w.org\/{rel}","templated":true}]}}