{"id":242309,"date":"2025-11-18T07:13:12","date_gmt":"2025-11-18T07:13:12","guid":{"rendered":"https:\/\/www.europesays.com\/es\/242309\/"},"modified":"2025-11-18T07:13:12","modified_gmt":"2025-11-18T07:13:12","slug":"luc-besson-transforma-dracula-todo-sobre-su-estreno","status":"publish","type":"post","link":"https:\/\/www.europesays.com\/es\/242309\/","title":{"rendered":"Luc Besson transforma Dr\u00e1cula: todo sobre su estreno"},"content":{"rendered":"<p>            <a href=\"https:\/\/filasiete.com\/wp-content\/uploads\/2025\/11\/dracula.webp\" data-caption=\"Dr\u00e1cula (2025)\" data-wpel-link=\"internal\" rel=\"nofollow noopener\" target=\"_blank\"><img loading=\"lazy\" decoding=\"async\" width=\"696\" height=\"400\" class=\"entry-thumb td-modal-image\" src=\"data:image\/svg+xml,%3Csvg%20xmlns=\" http:=\"\" data-lazy- data-lazy- alt=\"Dr\u00e1cula (2025)\" title=\"Dr\u00e1cula (2025)\" data-lazy-src=\"https:\/\/www.europesays.com\/es\/wp-content\/uploads\/2025\/11\/dracula-696x400.webp.webp\"\/><\/a>Dr\u00e1cula (2025)<\/p>\n<p>Luc Besson transforma Dr\u00e1cula: todo sobre su estreno el 21 de noviembre<\/p>\n<p>La leyenda del vampiro m\u00e1s c\u00e9lebre del cine revive con un nuevo giro. El director franc\u00e9s <strong>Luc Besson<\/strong>, autor de t\u00edtulos emblem\u00e1ticos como El quinto elemento, <a href=\"https:\/\/filasiete.com\/critica-pelicula\/adele-y-el-misterio-de-la-momia\/\" data-wpel-link=\"internal\" rel=\"nofollow noopener\" target=\"_blank\">Ad\u00e8le y el misterio de la momia<\/a> o Le\u00f3n, el profesional, presenta su versi\u00f3n de la historia del famoso conde, titulada <strong>Dr\u00e1cula<\/strong> (Dr\u00e1cula: A Love Tale), que tendr\u00e1 su estreno en los cines espa\u00f1oles el pr\u00f3ximo 21 de noviembre.<\/p>\n<p>Esta revisi\u00f3n del cl\u00e1sico escrito por <strong>Bram Stoker<\/strong> apuesta por un enfoque que <strong>Besson<\/strong> define como \u00abla historia de amor definitiva\u00bb: un conde vampiro que atraviesa los siglos y busca la reencarnaci\u00f3n de su esposa perdida.<\/p>\n<p>&#8211; Anuncio &#8211;<a class=\"gofollow\" data-track=\"NDgsMCw2MA==\" href=\"https:\/\/cutt.ly\/5r4q0ZON\" target=\"_blank\" data-wpel-link=\"external\" rel=\"nofollow external noopener noreferrer\"><img loading=\"lazy\" decoding=\"async\" width=\"300\" height=\"300\" src=\"data:image\/svg+xml,%3Csvg%20xmlns=\" http:=\"\" data-lazy-src=\"https:\/\/www.europesays.com\/es\/wp-content\/uploads\/2025\/11\/klinema_2025_300x300.jpg\"\/><\/a><br \/>\nNovedades y distribuci\u00f3n<\/p>\n<p>La pel\u00edcula arranca con el pr\u00edncipe Vlad en el siglo XV que, tras la muerte de su esposa, renuncia a Dios y es maldecido con la inmortalidad. Con el paso de los siglos, su obsesi\u00f3n le lleva a descubrir en una joven moderna el reflejo de su amada. <strong>Besson<\/strong> traslada distintos escenarios al filme, incluyendo una ambientaci\u00f3n en Laponia y trazando un tono m\u00e1s g\u00f3tico-rom\u00e1ntico que las adaptaciones anteriores.<\/p>\n<p>En su reparto figuran <strong>Caleb Landry Jones<\/strong> (Dogman) como Dr\u00e1cula, <strong>Zo\u00eb Bleu<\/strong> (The Bling King) en un doble papel (Elisabeta \/ Mina) y <strong>Christoph Waltz<\/strong> como sacerdote, entre otros.<\/p>\n<p>La pel\u00edcula se estren\u00f3 en Francia el 30 de julio de este a\u00f1o. Para Espa\u00f1a, como hemos resaltado, el estreno confirmado es el pr\u00f3ximo 21 de noviembre, bajo la distribuci\u00f3n de V\u00e9rtice 360. Adem\u00e1s, est\u00e1 previsto su lanzamiento en VOD el 2 de diciembre de 2025.<\/p>\n<p>\u00bfPor qu\u00e9 interesa a los aficionados al cine?<\/p>\n<ul>\n<li>Un mito reinterpretado: la figura de Dr\u00e1cula ha sido adaptada m\u00faltiples veces, pero aqu\u00ed <strong>Besson<\/strong> apuesta por el romance y la tragedia, m\u00e1s que por el terror convencional.<\/li>\n<li>Est\u00e9tica notable: el presupuesto del filme ronda los 45 millones de euros, con un fuerte componente visual y musical (la m\u00fasica est\u00e1 compuesta por <strong>Danny Elfman<\/strong>).<\/li>\n<li>Reencuentro con el p\u00fablico espa\u00f1ol: la fecha de noviembre permitir\u00e1 al p\u00fablico de Espa\u00f1a vivir la experiencia en pantalla grande en la temporada de oto\u00f1o-invierno, momento clave para el g\u00e9nero fant\u00e1stico.<\/li>\n<\/ul>\n<p><strong>\u21d2 <a style=\"background-color: #ffff00;\" href=\"https:\/\/filasiete.com\/noticias\/actualidad-del-cine\/las-10-mejores-peliculas-de-dracula\/\" data-wpel-link=\"internal\" rel=\"nofollow noopener\" target=\"_blank\">Las 10 mejores pel\u00edculas de Dr\u00e1cula<\/a><\/strong><\/p>\n<p><a href=\"https:\/\/filasiete.com\/shop\/producto\/suscripcion-filasiete\/\" data-wpel-link=\"internal\" rel=\"nofollow noopener\" target=\"_blank\">Suscr\u00edbete a la revista FilaSiete<\/a><br \/>\n<a class=\"gofollow\" data-track=\"MjcsMCw2MA==\" href=\"https:\/\/cutt.ly\/wrwjJ8jt\" target=\"_blank\" data-wpel-link=\"external\" rel=\"nofollow external noopener noreferrer\"><img loading=\"lazy\" decoding=\"async\" width=\"970\" height=\"250\" src=\"data:image\/svg+xml,%3Csvg%20xmlns=\" http:=\"\" data-lazy-src=\"https:\/\/www.europesays.com\/es\/wp-content\/uploads\/2025\/11\/newsletter_feb25_1.jpg\"\/><\/a>        <\/p>\n","protected":false},"excerpt":{"rendered":"Dr\u00e1cula (2025) Luc Besson transforma Dr\u00e1cula: todo sobre su estreno el 21 de noviembre La leyenda del vampiro&hellip;\n","protected":false},"author":2,"featured_media":242310,"comment_status":"","ping_status":"","sticky":false,"template":"","format":"standard","meta":{"footnotes":""},"categories":[169],"tags":[177,3951,146,147,25,24,176,21813,175,23],"class_list":{"0":"post-242309","1":"post","2":"type-post","3":"status-publish","4":"format-standard","5":"has-post-thumbnail","7":"category-cine","8":"tag-cine","9":"tag-cine-de-terror","10":"tag-entertainment","11":"tag-entretenimiento","12":"tag-es","13":"tag-espana","14":"tag-film","15":"tag-luc-besson","16":"tag-movies","17":"tag-spain"},"share_on_mastodon":{"url":"https:\/\/pubeurope.com\/@es\/115569466003709643","error":""},"_links":{"self":[{"href":"https:\/\/www.europesays.com\/es\/wp-json\/wp\/v2\/posts\/242309","targetHints":{"allow":["GET"]}}],"collection":[{"href":"https:\/\/www.europesays.com\/es\/wp-json\/wp\/v2\/posts"}],"about":[{"href":"https:\/\/www.europesays.com\/es\/wp-json\/wp\/v2\/types\/post"}],"author":[{"embeddable":true,"href":"https:\/\/www.europesays.com\/es\/wp-json\/wp\/v2\/users\/2"}],"replies":[{"embeddable":true,"href":"https:\/\/www.europesays.com\/es\/wp-json\/wp\/v2\/comments?post=242309"}],"version-history":[{"count":0,"href":"https:\/\/www.europesays.com\/es\/wp-json\/wp\/v2\/posts\/242309\/revisions"}],"wp:featuredmedia":[{"embeddable":true,"href":"https:\/\/www.europesays.com\/es\/wp-json\/wp\/v2\/media\/242310"}],"wp:attachment":[{"href":"https:\/\/www.europesays.com\/es\/wp-json\/wp\/v2\/media?parent=242309"}],"wp:term":[{"taxonomy":"category","embeddable":true,"href":"https:\/\/www.europesays.com\/es\/wp-json\/wp\/v2\/categories?post=242309"},{"taxonomy":"post_tag","embeddable":true,"href":"https:\/\/www.europesays.com\/es\/wp-json\/wp\/v2\/tags?post=242309"}],"curies":[{"name":"wp","href":"https:\/\/api.w.org\/{rel}","templated":true}]}}