{"id":242312,"date":"2025-11-18T07:15:11","date_gmt":"2025-11-18T07:15:11","guid":{"rendered":"https:\/\/www.europesays.com\/es\/242312\/"},"modified":"2025-11-18T07:15:11","modified_gmt":"2025-11-18T07:15:11","slug":"fraternidad-muprespa-situa-a-las-personas-en-el-centro-de-la-prevencion-en-laboralia-2025","status":"publish","type":"post","link":"https:\/\/www.europesays.com\/es\/242312\/","title":{"rendered":"Fraternidad-Muprespa sit\u00faa a las personas en el centro de la prevenci\u00f3n en Laboralia 2025"},"content":{"rendered":"<p>Entre el 11 y el 13 de noviembre Valencia se convirti\u00f3 en el epicentro de la <a href=\"https:\/\/www.fraternidad.com\/es-ES\/prevencion-de-riesgos-laborales\" class=\"use-ajax dictionary-word\" data-dialog-type=\"modal\" rel=\"nofollow noopener\" target=\"_blank\">prevenci\u00f3n de riesgos laborales<\/a> y la salud en el trabajo, con la celebraci\u00f3n de Laboralia 2025, un encuentro que reuni\u00f3 a profesionales, empresas y administraciones en torno a la innovaci\u00f3n y el compromiso con la seguridad laboral.\u00a0<\/p>\n<p><a href=\"https:\/\/www.fraternidad.com\/es-ES\/fraternidad-muprespa\" class=\"use-ajax dictionary-word\" data-dialog-type=\"modal\" rel=\"nofollow noopener\" target=\"_blank\">Fraternidad-Muprespa<\/a> particip\u00f3 en este espacio, reafirmando su prop\u00f3sito de poner a las personas en el centro de todas sus acciones.<\/p>\n<p><strong>Jordi de Vicente<\/strong>, director Provincial de la Mutua en Valencia, particip\u00f3 en la mesa redonda de debate \u201cAdicciones en el trabajo\u201d, donde se abordaron, desde una perspectiva pr\u00e1ctica, las experiencias de diferentes empresas participantes. Se analizaron las problem\u00e1ticas derivadas de las adicciones y las soluciones adoptadas para garantizar un entorno laboral seguro y eficiente.<\/p>\n<p>El debate permiti\u00f3 identificar factores comunes que pueden generar riesgos de adicci\u00f3n con impacto directo en el desempe\u00f1o laboral y en la seguridad de los trabajadores. Se trataron tanto los casos m\u00e1s cl\u00e1sicos, como el consumo de alcohol y estupefacientes, como otros m\u00e1s actuales y \u201cnormalizados\u201d, entre ellos la adicci\u00f3n a las pantallas, que representan una seria amenaza para la <a href=\"https:\/\/www.fraternidad.com\/es-ES\/salud-laboral\" class=\"use-ajax dictionary-word\" data-dialog-type=\"modal\" rel=\"nofollow noopener\" target=\"_blank\">salud laboral<\/a>.<\/p>\n<p>En dicha mesa participaron representantes de empresas como Armaduras de acero Ferralia, \u00c1rea de servicio Godelleta, Isoltubex, Transvia, Cl\u00e1sica Urbana, Varadero Valencia y M\u00e9todo Soma.\u00a0<\/p>\n<p>Adem\u00e1s, el consultor de Prevenci\u00f3n <strong>David Balmaseda\u00a0<\/strong>comparti\u00f3 con algunos participantes el equipo de simulaci\u00f3n con gafas de realidad virtual inmersiva que simula la conducci\u00f3n en condiciones adversas.\u00a0<\/p>\n<p>La participaci\u00f3n en Laboralia 2025 reafirma el compromiso de <a href=\"https:\/\/www.fraternidad.com\/es-ES\/fraternidad-muprespa\" class=\"use-ajax dictionary-word\" data-dialog-type=\"modal\" rel=\"nofollow noopener\" target=\"_blank\">Fraternidad-Muprespa<\/a> con la creaci\u00f3n de entornos laborales seguros, equilibrados y felices.<\/p>\n","protected":false},"excerpt":{"rendered":"Entre el 11 y el 13 de noviembre Valencia se convirti\u00f3 en el epicentro de la prevenci\u00f3n de&hellip;\n","protected":false},"author":2,"featured_media":242313,"comment_status":"","ping_status":"","sticky":false,"template":"","format":"standard","meta":{"footnotes":""},"categories":[92],"tags":[31860,15691,25,24,31862,31861,165,31863,31855,31859,31854,31858,31856,31864,31857,166,23],"class_list":{"0":"post-242312","1":"post","2":"type-post","3":"status-publish","4":"format-standard","5":"has-post-thumbnail","7":"category-salud","8":"tag-accidente-trabajo","9":"tag-accidentes-laborales","10":"tag-es","11":"tag-espana","12":"tag-fraternidad","13":"tag-fraternidad-muprespa","14":"tag-health","15":"tag-muprespa","16":"tag-mutua","17":"tag-mutua-accidentes-laborales","18":"tag-mutua-de-accidentes","19":"tag-mutua-de-accidentes-de-trabajo","20":"tag-mutuas","21":"tag-mutuas-colaboradoras-de-la-seguridad-social","22":"tag-mutuas-de-accidentes","23":"tag-salud","24":"tag-spain"},"share_on_mastodon":{"url":"https:\/\/pubeurope.com\/@es\/115569473898659739","error":""},"_links":{"self":[{"href":"https:\/\/www.europesays.com\/es\/wp-json\/wp\/v2\/posts\/242312","targetHints":{"allow":["GET"]}}],"collection":[{"href":"https:\/\/www.europesays.com\/es\/wp-json\/wp\/v2\/posts"}],"about":[{"href":"https:\/\/www.europesays.com\/es\/wp-json\/wp\/v2\/types\/post"}],"author":[{"embeddable":true,"href":"https:\/\/www.europesays.com\/es\/wp-json\/wp\/v2\/users\/2"}],"replies":[{"embeddable":true,"href":"https:\/\/www.europesays.com\/es\/wp-json\/wp\/v2\/comments?post=242312"}],"version-history":[{"count":0,"href":"https:\/\/www.europesays.com\/es\/wp-json\/wp\/v2\/posts\/242312\/revisions"}],"wp:featuredmedia":[{"embeddable":true,"href":"https:\/\/www.europesays.com\/es\/wp-json\/wp\/v2\/media\/242313"}],"wp:attachment":[{"href":"https:\/\/www.europesays.com\/es\/wp-json\/wp\/v2\/media?parent=242312"}],"wp:term":[{"taxonomy":"category","embeddable":true,"href":"https:\/\/www.europesays.com\/es\/wp-json\/wp\/v2\/categories?post=242312"},{"taxonomy":"post_tag","embeddable":true,"href":"https:\/\/www.europesays.com\/es\/wp-json\/wp\/v2\/tags?post=242312"}],"curies":[{"name":"wp","href":"https:\/\/api.w.org\/{rel}","templated":true}]}}