{"id":242314,"date":"2025-11-18T07:16:11","date_gmt":"2025-11-18T07:16:11","guid":{"rendered":"https:\/\/www.europesays.com\/es\/242314\/"},"modified":"2025-11-18T07:16:11","modified_gmt":"2025-11-18T07:16:11","slug":"me-mola-mas-esta-version-macarra-de-el","status":"publish","type":"post","link":"https:\/\/www.europesays.com\/es\/242314\/","title":{"rendered":"Me mola m\u00e1s esta versi\u00f3n macarra de \u00e9l"},"content":{"rendered":"<p class=\"c-paragraph\"><a href=\"https:\/\/www.20minutos.es\/tags\/personas\/blanca-romero.html\" title=\"Blanca Romero\" rel=\"nofollow noopener\" target=\"_blank\">Blanca Romero<\/a> se ha vuelto a pronunciar sobre <a href=\"https:\/\/www.20minutos.es\/gente\/cayetano-rivera-sufre-un-accidente-coche-se-estrella-contra-una-palmera-podria-haber-dado-positivo-test-alcoholemia_6880508_0.html\" title=\"Cayetano Rivera sufre un accidente de coche: se estrella contra una palmera y se niega a hacerse un test de alcoholemia\" rel=\"nofollow noopener\" target=\"_blank\">el accidente de coche que sufri\u00f3 su ex,\u00a0Cayetano Rivera<\/a>, por el cual sali\u00f3 ileso, pero en el que se neg\u00f3 a someterse a un control de alcoholemia. En medio de toda la pol\u00e9mica y de las especulaciones,<b> la actriz ha opinado sobre el tema <\/b>en dos ocasiones.\u00a0<\/p>\n<p class=\"c-paragraph\">\u00abNo s\u00e9 nada. Pero est\u00e1 vivo, \u00bfno?<b> Pobre palmera, pero vamos<\/b>\u2026 que amo la naturaleza\u00bb, dijo la actual concursante de <a href=\"https:\/\/www.20minutos.es\/tags\/temas\/bailando-con-las-estrellas.html\" title=\"Bailando con las estrellas\" rel=\"nofollow noopener\" target=\"_blank\">Bailando con las estrellas<\/a> a los medios de comunicaci\u00f3n <a href=\"https:\/\/www.20minutos.es\/gente\/blanca-romero-enterarse-accidente-trafico-cayetano-rivera-esta-vivo-no-pobre-palmera_6896926_0.html\" title=\"Blanca Romero, al enterarse del accidente de tr\u00e1fico de Cayetano Rivera: &quot;Est\u00e1 vivo, \u00bfno? Pobre palmera&quot;\" rel=\"nofollow noopener\" target=\"_blank\">la primera vez que le interrogaron<\/a>.<\/p>\n<p class=\"c-paragraph\">Precisamente ha sido en los ensayos del concurso emitido en Telecinco donde su pareja de baile le preguntaba de nuevo por lo ocurrido al torero. \u00abBien, todo bien. <b>Menos mal que no fue un roble, que est\u00e1n protegidos, <\/b>las palmeras tambi\u00e9n, pero no tanto\u00bb, dijo en una primera instancia.<\/p>\n<p class=\"c-paragraph\">A continuaci\u00f3n, su compa\u00f1ero quiso saber si hab\u00eda hablado con \u00e9l. \u00ab<b>No he tenido el placer, mi hija s\u00ed, claro\u00bb<\/b>, apunt\u00f3 en referencia a Luc\u00eda Rivera. \u00abYo no le pregunto porque no soy nada cotilla. No me importa, hasta luego\u00bb, a\u00f1adi\u00f3.<\/p>\n<p class=\"c-paragraph\">Finalmente, Blanca Romero le dedic\u00f3 un mensaje con mucho sentido del humor a Cayetano Rivera. \u00abA m\u00ed me mola m\u00e1s esta versi\u00f3n de Caye, <b>esta versi\u00f3n macarra\u00bb<\/b>, expres\u00f3 con un tono ir\u00f3nico.<\/p>\n","protected":false},"excerpt":{"rendered":"Blanca Romero se ha vuelto a pronunciar sobre el accidente de coche que sufri\u00f3 su ex,\u00a0Cayetano Rivera, por&hellip;\n","protected":false},"author":2,"featured_media":242315,"comment_status":"","ping_status":"","sticky":false,"template":"","format":"standard","meta":{"footnotes":""},"categories":[91],"tags":[4205,1269,1393,3075,146,147,25,24,9264,23,739],"class_list":{"0":"post-242314","1":"post","2":"type-post","3":"status-publish","4":"format-standard","5":"has-post-thumbnail","7":"category-entretenimiento","8":"tag-accidente","9":"tag-blanca-romero","10":"tag-cayetano-rivera","11":"tag-coche","12":"tag-entertainment","13":"tag-entretenimiento","14":"tag-es","15":"tag-espana","16":"tag-hablar","17":"tag-spain","18":"tag-vuelve"},"share_on_mastodon":{"url":"https:\/\/pubeurope.com\/@es\/115569477777425511","error":""},"_links":{"self":[{"href":"https:\/\/www.europesays.com\/es\/wp-json\/wp\/v2\/posts\/242314","targetHints":{"allow":["GET"]}}],"collection":[{"href":"https:\/\/www.europesays.com\/es\/wp-json\/wp\/v2\/posts"}],"about":[{"href":"https:\/\/www.europesays.com\/es\/wp-json\/wp\/v2\/types\/post"}],"author":[{"embeddable":true,"href":"https:\/\/www.europesays.com\/es\/wp-json\/wp\/v2\/users\/2"}],"replies":[{"embeddable":true,"href":"https:\/\/www.europesays.com\/es\/wp-json\/wp\/v2\/comments?post=242314"}],"version-history":[{"count":0,"href":"https:\/\/www.europesays.com\/es\/wp-json\/wp\/v2\/posts\/242314\/revisions"}],"wp:featuredmedia":[{"embeddable":true,"href":"https:\/\/www.europesays.com\/es\/wp-json\/wp\/v2\/media\/242315"}],"wp:attachment":[{"href":"https:\/\/www.europesays.com\/es\/wp-json\/wp\/v2\/media?parent=242314"}],"wp:term":[{"taxonomy":"category","embeddable":true,"href":"https:\/\/www.europesays.com\/es\/wp-json\/wp\/v2\/categories?post=242314"},{"taxonomy":"post_tag","embeddable":true,"href":"https:\/\/www.europesays.com\/es\/wp-json\/wp\/v2\/tags?post=242314"}],"curies":[{"name":"wp","href":"https:\/\/api.w.org\/{rel}","templated":true}]}}