{"id":242316,"date":"2025-11-18T07:17:08","date_gmt":"2025-11-18T07:17:08","guid":{"rendered":"https:\/\/www.europesays.com\/es\/242316\/"},"modified":"2025-11-18T07:17:08","modified_gmt":"2025-11-18T07:17:08","slug":"la-nasa-anuncia-para-principios-de-2026-el-vuelo-de-artemisa-ii-alrededor-de-la-luna-con-cuatro-astronautas","status":"publish","type":"post","link":"https:\/\/www.europesays.com\/es\/242316\/","title":{"rendered":"La Nasa anuncia para principios de 2026 el vuelo de Artemisa II alrededor de la Luna con cuatro astronautas"},"content":{"rendered":"<p>Con un lanzamiento previsto para principios de 2026, el vuelo de prueba Artemisa II enviar\u00e1 a los astronautas de la Nasa Reid Wiseman, Victor Glover y Christina Koch y al astronauta de la CSA (Agencia Espacial Canadiense) Jeremy Hansen en un viaje de aproximadamente 10 d\u00edas alrededor de la Luna y de regreso. M\u00e1s adelante la Nasa proporcionaremos detalles adicionales sobre la fecha concreta del lanzamiento.<\/p>\n<p>La tripulaci\u00f3n despegar\u00e1 desde el Centro Espacial Kennedy de la agencia en Florida, a bordo de la nave espacial Orion de la Nasa, t<strong>ransportada por el poderoso cohete Sistema de Lanzamiento Espacial (SLS) de la agencia,<\/strong> con el fin de ayudar a validar los sistemas y el hardware necesarios para la exploraci\u00f3n humana del espacio profundo.<\/p>\n<p>Como parte de una edad dorada de innovaci\u00f3n y exploraci\u00f3n, Artemisa allanar\u00e1 el camino para nuevas misiones tripuladas estadounidenses en la superficie lunar, en preparaci\u00f3n para la primera misi\u00f3n tripulada a Marte.<\/p>\n","protected":false},"excerpt":{"rendered":"Con un lanzamiento previsto para principios de 2026, el vuelo de prueba Artemisa II enviar\u00e1 a los astronautas&hellip;\n","protected":false},"author":2,"featured_media":242317,"comment_status":"","ping_status":"","sticky":false,"template":"","format":"standard","meta":{"footnotes":""},"categories":[81],"tags":[62294,43865,119,123,124,25,24,1935,642,117,121,122,23,118,120],"class_list":{"0":"post-242316","1":"post","2":"type-post","3":"status-publish","4":"format-standard","5":"has-post-thumbnail","7":"category-ciencia-y-tecnologia","8":"tag-artemisa-ii","9":"tag-astronautas","10":"tag-ciencia","11":"tag-ciencia-y-tecnologia","12":"tag-cienciaytecnologia","13":"tag-es","14":"tag-espana","15":"tag-luna","16":"tag-nasa","17":"tag-science","18":"tag-science-and-technology","19":"tag-scienceandtechnology","20":"tag-spain","21":"tag-technology","22":"tag-tecnologia"},"share_on_mastodon":{"url":"https:\/\/pubeurope.com\/@es\/115569481840409658","error":""},"_links":{"self":[{"href":"https:\/\/www.europesays.com\/es\/wp-json\/wp\/v2\/posts\/242316","targetHints":{"allow":["GET"]}}],"collection":[{"href":"https:\/\/www.europesays.com\/es\/wp-json\/wp\/v2\/posts"}],"about":[{"href":"https:\/\/www.europesays.com\/es\/wp-json\/wp\/v2\/types\/post"}],"author":[{"embeddable":true,"href":"https:\/\/www.europesays.com\/es\/wp-json\/wp\/v2\/users\/2"}],"replies":[{"embeddable":true,"href":"https:\/\/www.europesays.com\/es\/wp-json\/wp\/v2\/comments?post=242316"}],"version-history":[{"count":0,"href":"https:\/\/www.europesays.com\/es\/wp-json\/wp\/v2\/posts\/242316\/revisions"}],"wp:featuredmedia":[{"embeddable":true,"href":"https:\/\/www.europesays.com\/es\/wp-json\/wp\/v2\/media\/242317"}],"wp:attachment":[{"href":"https:\/\/www.europesays.com\/es\/wp-json\/wp\/v2\/media?parent=242316"}],"wp:term":[{"taxonomy":"category","embeddable":true,"href":"https:\/\/www.europesays.com\/es\/wp-json\/wp\/v2\/categories?post=242316"},{"taxonomy":"post_tag","embeddable":true,"href":"https:\/\/www.europesays.com\/es\/wp-json\/wp\/v2\/tags?post=242316"}],"curies":[{"name":"wp","href":"https:\/\/api.w.org\/{rel}","templated":true}]}}