{"id":242318,"date":"2025-11-18T07:18:08","date_gmt":"2025-11-18T07:18:08","guid":{"rendered":"https:\/\/www.europesays.com\/es\/242318\/"},"modified":"2025-11-18T07:18:08","modified_gmt":"2025-11-18T07:18:08","slug":"el-black-friday-bajo-vigilancia-el-gobierno-lanza-su-mayor-campana-para-evitar-enganos-y-fraudes-las-claves-de-la-economia","status":"publish","type":"post","link":"https:\/\/www.europesays.com\/es\/242318\/","title":{"rendered":"El Black Friday, bajo vigilancia: el Gobierno lanza su mayor campa\u00f1a para evitar enga\u00f1os y fraudes | Las claves de la econom\u00eda"},"content":{"rendered":"<p>Apenas quedan 10 d\u00edas para el <a href=\"https:\/\/cadenaser.com\/nacional\/2025\/11\/17\/el-consejo-de-un-experto-en-ciberseguridad-para-evitar-caer-en-paginas-fraudulentas-este-black-friday-cadena-ser\/\" target=\"_blank\" rel=\"noreferrer nofollow noopener\" title=\"https:\/\/cadenaser.com\/nacional\/2025\/11\/17\/el-consejo-de-un-experto-en-ciberseguridad-para-evitar-caer-en-paginas-fraudulentas-este-black-friday-cadena-ser\/\">Black Friday, ese d\u00eda de grandes descuentos en la gran mayor\u00eda de tiendas, si bien los descuentos ya han comenzado en muchos comercios<\/a> -especialmente online- y se prolongar\u00e1n m\u00e1s all\u00e1 del viernes 28, fecha en la que cae este a\u00f1o. Y para evitar enga\u00f1os y fraudes, el Ministerio de Consumo anuncia que va a extremar la campa\u00f1a de vigilancia.<\/p>\n<p>El Black Friday se ha consolidado como el d\u00eda por excelencia de compras y algunas empresas que optan por la vieja pr\u00e1ctica de enga\u00f1ar anunciando descuentos que no son tales; <a href=\"https:\/\/cadenaser.com\/nacional\/2025\/07\/08\/el-timo-de-las-falsas-rebajas-cadena-ser\/\" target=\"_blank\" rel=\"noreferrer nofollow noopener\" title=\"https:\/\/cadenaser.com\/nacional\/2025\/07\/08\/el-timo-de-las-falsas-rebajas-cadena-ser\/\">hay otras que inflan o suben los precios unos d\u00edas antes para despu\u00e9s rebajarlo<\/a>. Todo esto son pr\u00e1cticas prohibidas que el ministro de Consumo, Pablo Bustinduy, dice que el Ejecutivo va a vigilar con mayor ah\u00ednco estos d\u00edas.<\/p>\n<p>Fruto de esta vigilancia, Consumo sancion\u00f3 el a\u00f1o pasado a siete empresas con multas de 350.000 euros por cambiar los precios y enga\u00f1ar a los consumidores con falsas rebajas. Multas que han sido ratificadas judicialmente.<\/p>\n<p>M\u00e1s informaci\u00f3n<\/p>\n<p>Consumo tambi\u00e9n va a vigilar, adem\u00e1s del precio, otras pr\u00e1cticas que presionan al consumidor, como no poner el precio final desde el principio de la compra, ofrecer precios muy bajos por tiempo limitado o los precios personalizados. Tambi\u00e9n otras pr\u00e1cticas como manipular ofertas prometiendo precios m\u00e1s bajos que la competencia sin que eso sea verdad.<\/p>\n<p>En definitiva, varias pr\u00e1cticas que son cada vez m\u00e1s habituales, especialmente en las ofertas online y que este a\u00f1o Consumo anuncia que va a vigilar especialmente.<\/p>\n<p>Adem\u00e1s, las asociaciones de consumidores advierten de que hay que ser muy cuidadoso porque el Black Friday se ha extendido a todos los sectores y no solo a las compras de consumo. De hecho, se pueden ver ofertas evidentemente en las tiendas, que es donde empez\u00f3, pero tambi\u00e9n en empresas de suministros -desde telef\u00f3nicas hasta el gas-, productos bancarios&#8230;<\/p>\n<p>El Black Friday llega a todo. Y, por lo tanto, el riesgo de ser enga\u00f1ados o de comprar impulsivamente atra\u00eddos por alguna oferta tambi\u00e9n es mayor. De ah\u00ed que tanto organizaciones de consumidores como algunos bancos est\u00e9n advirtiendo de que tengamos cuidado con lo que compramos para que no nos enga\u00f1en, ya sea comprando algo a un precio que nos prometen bajo y al final no lo es o incluso para no caer en fraudes o ciberestafas que tambi\u00e9n son m\u00e1s habituales en estas fechas.<\/p>\n","protected":false},"excerpt":{"rendered":"Apenas quedan 10 d\u00edas para el Black Friday, ese d\u00eda de grandes descuentos en la gran mayor\u00eda de&hellip;\n","protected":false},"author":2,"featured_media":242319,"comment_status":"","ping_status":"","sticky":false,"template":"","format":"standard","meta":{"footnotes":""},"categories":[80],"tags":[82,95,94,25,24,23],"class_list":{"0":"post-242318","1":"post","2":"type-post","3":"status-publish","4":"format-standard","5":"has-post-thumbnail","7":"category-economia","8":"tag-business","9":"tag-economia","10":"tag-economy","11":"tag-es","12":"tag-espana","13":"tag-spain"},"share_on_mastodon":{"url":"https:\/\/pubeurope.com\/@es\/115569486802923691","error":""},"_links":{"self":[{"href":"https:\/\/www.europesays.com\/es\/wp-json\/wp\/v2\/posts\/242318","targetHints":{"allow":["GET"]}}],"collection":[{"href":"https:\/\/www.europesays.com\/es\/wp-json\/wp\/v2\/posts"}],"about":[{"href":"https:\/\/www.europesays.com\/es\/wp-json\/wp\/v2\/types\/post"}],"author":[{"embeddable":true,"href":"https:\/\/www.europesays.com\/es\/wp-json\/wp\/v2\/users\/2"}],"replies":[{"embeddable":true,"href":"https:\/\/www.europesays.com\/es\/wp-json\/wp\/v2\/comments?post=242318"}],"version-history":[{"count":0,"href":"https:\/\/www.europesays.com\/es\/wp-json\/wp\/v2\/posts\/242318\/revisions"}],"wp:featuredmedia":[{"embeddable":true,"href":"https:\/\/www.europesays.com\/es\/wp-json\/wp\/v2\/media\/242319"}],"wp:attachment":[{"href":"https:\/\/www.europesays.com\/es\/wp-json\/wp\/v2\/media?parent=242318"}],"wp:term":[{"taxonomy":"category","embeddable":true,"href":"https:\/\/www.europesays.com\/es\/wp-json\/wp\/v2\/categories?post=242318"},{"taxonomy":"post_tag","embeddable":true,"href":"https:\/\/www.europesays.com\/es\/wp-json\/wp\/v2\/tags?post=242318"}],"curies":[{"name":"wp","href":"https:\/\/api.w.org\/{rel}","templated":true}]}}