{"id":242320,"date":"2025-11-18T07:19:09","date_gmt":"2025-11-18T07:19:09","guid":{"rendered":"https:\/\/www.europesays.com\/es\/242320\/"},"modified":"2025-11-18T07:19:09","modified_gmt":"2025-11-18T07:19:09","slug":"la-victoria-agridulce-de-jeannette-jara","status":"publish","type":"post","link":"https:\/\/www.europesays.com\/es\/242320\/","title":{"rendered":"La victoria agridulce de Jeannette Jara"},"content":{"rendered":"<p class=\"\">La candidata de la izquierda chilena, <a href=\"https:\/\/elpais.com\/chile\/2025-11-16\/jeannette-jara-la-esperanza-de-la-izquierda-de-gabriel-boric.html\" target=\"_self\" rel=\"nofollow noopener\" title=\"https:\/\/elpais.com\/chile\/2025-11-16\/jeannette-jara-la-esperanza-de-la-izquierda-de-gabriel-boric.html\">Jeannette Jara<\/a>, logr\u00f3 el domingo una victoria agridulce en la elecci\u00f3n presidencial. Si bien la militante comunista obtuvo la mayor\u00eda de los votos, un 26,8%, y <a href=\"https:\/\/elpais.com\/chile\/2025-11-16\/la-comunista-jeannette-jara-y-el-ultraderechista-jose-antonio-kast-se-disputaran-la-presidencia-de-chile.html\" target=\"_self\" rel=\"nofollow noopener\" title=\"https:\/\/elpais.com\/chile\/2025-11-16\/la-comunista-jeannette-jara-y-el-ultraderechista-jose-antonio-kast-se-disputaran-la-presidencia-de-chile.html\">pas\u00f3 a segunda vuelta<\/a> con el republicano de la derecha radical y conservadora, <a href=\"https:\/\/elpais.com\/chile\/2025-11-17\/kast-tras-pasar-a-la-segunda-vuelta-necesitamos-evitar-la-continuidad-de-quizas-el-peor-gobierno-de-la-historia-democratica-de-chile.html\" target=\"_self\" rel=\"nofollow noopener\" title=\"https:\/\/elpais.com\/chile\/2025-11-17\/kast-tras-pasar-a-la-segunda-vuelta-necesitamos-evitar-la-continuidad-de-quizas-el-peor-gobierno-de-la-historia-democratica-de-chile.html\">Jos\u00e9 Antonio Kast<\/a> (23,9%), tiene un escenario muy complejo de aqu\u00ed al 14 de diciembre, cuando se celebre el desempate. Lo dif\u00edcil para la exministra del Trabajo del Gobierno de Gabriel Boric tiene que ver con n\u00fameros: por la derecha compet\u00edan otros dos abanderados, el libertario <a href=\"https:\/\/elpais.com\/chile\/2025-11-16\/kaiser-el-libertario-que-mira-a-milei.html\" target=\"_self\" rel=\"nofollow noopener\" title=\"https:\/\/elpais.com\/chile\/2025-11-16\/kaiser-el-libertario-que-mira-a-milei.html\">Johannes Kaiser<\/a> (13,9%), de la ultraderecha, y <a href=\"https:\/\/elpais.com\/chile\/2025-11-16\/matthei-la-perplejidad-de-la-derecha-liberal-chilena.html\" target=\"_self\" rel=\"nofollow noopener\" title=\"https:\/\/elpais.com\/chile\/2025-11-16\/matthei-la-perplejidad-de-la-derecha-liberal-chilena.html\">Evelyn Matthei<\/a>, de la derecha tradicional (12,46%), quienes junto a Kast suman poco m\u00e1s del 50% y ya han anunciado que se unir\u00e1n en el desempate.<\/p>\n<p class=\"\">Seg\u00fan el soci\u00f3logo y polit\u00f3logo Alfredo Joignant, para Jara \u201cla segunda vuelta est\u00e1 completamente cuesta arriba, ya que tiene muy poco espacio por donde crecer: a decir verdad, la elecci\u00f3n est\u00e1 orientada a terminar en una masacre de no mediar genialidad o fen\u00f3menos sobrenaturales\u201d.<\/p>\n<p class=\"\">Por el camino ha surgido, adem\u00e1s, el populista <a href=\"https:\/\/elpais.com\/chile\/2025-11-17\/franco-parisi-el-populista-que-nuevamente-sorprende-en-la-eleccion-presidencial-de-chile.html\" target=\"_self\" rel=\"nofollow noopener\" title=\"https:\/\/elpais.com\/chile\/2025-11-17\/franco-parisi-el-populista-que-nuevamente-sorprende-en-la-eleccion-presidencial-de-chile.html\">Franco Parisi<\/a>, del Partido de la Gente (PDG), quien concurr\u00eda por tercera vez a La Moneda y fue, <a href=\"https:\/\/elpais.com\/internacional\/2021-11-23\/el-candidato-sorpresa-que-no-piso-chile.html\" target=\"_self\" rel=\"nofollow noopener\" title=\"https:\/\/elpais.com\/internacional\/2021-11-23\/el-candidato-sorpresa-que-no-piso-chile.html\">como en 2021<\/a>, la sorpresa de la elecci\u00f3n: obtuvo el tercer lugar, con 19,71%. \u201cEs la Cenicienta de este cuento\u201d, ha dicho Jara medio en broma y medio en serio este lunes por la ma\u00f1ana. Aunque el economista ha sido opositor a Boric, \u201celectoralmente hablando, la gran duda es saber hacia d\u00f3nde se dirigir\u00e1 la enorme votaci\u00f3n\u201d que alcanz\u00f3\u201c, se\u00f1ala Joignant<a href=\"https:\/\/elpais.com\/chile\/2025-11-17\/chile-la-tumba-del-neoliberalismo.html\" target=\"_self\" rel=\"nofollow noopener\" title=\"https:\/\/elpais.com\/chile\/2025-11-17\/chile-la-tumba-del-neoliberalismo.html\"> en esta columna en EL PA\u00cdS<\/a>.<\/p>\n<p class=\"\">La noche del domingo, tras conocer los resultados, Jara no perdi\u00f3 tiempo, y dijo que ha venido mirando ideas de los otros abanderados: \u201cValoro profundamente la propuesta de la devoluci\u00f3n del IVA [Impuesto al Valor Agregado] que est\u00e1 en el programa de Franco Parisi\u201d, dijo. Tambi\u00e9n alab\u00f3 del programa de Matthei, que fue apoyada por algunos pol\u00edticos que fueron parte de la exConcertaci\u00f3n \u2014coalici\u00f3n de centroizquierda que gobern\u00f3 entre 1990 y 2010\u2014, la reducci\u00f3n de los tiempos de espera para tratamientos oncol\u00f3gicos.<\/p>\n<p class=\"\">Jara no solo obtuvo menos votaci\u00f3n de lo que, en promedio, proyectaban las encuestas, que la situaban en un 28%. Tampoco logr\u00f3 llegar a lo que se esperaba fuera su piso, vinculado al 30% de apoyo de los fieles adherentes a Boric. Su mejor escenario, anhelado y necesario para aspirar a buen desempe\u00f1o en segunda vuelta, era<a href=\"https:\/\/elpais.com\/chile\/2025-11-03\/el-fantasma-del-38-que-le-pesa-a-jeannette-jara.html\" target=\"_self\" rel=\"nofollow noopener\" title=\"https:\/\/elpais.com\/chile\/2025-11-03\/el-fantasma-del-38-que-le-pesa-a-jeannette-jara.html\"> al menos acercarse al 38%<\/a> que en septiembre de 2022 apoy\u00f3 en un plebiscito el proyecto de nueva Constituci\u00f3n, <a href=\"https:\/\/elpais.com\/chile\/2022-09-05\/chile-rechaza-rotundamente-la-nueva-constitucion.html\" target=\"_self\" rel=\"nofollow noopener\" title=\"https:\/\/elpais.com\/chile\/2022-09-05\/chile-rechaza-rotundamente-la-nueva-constitucion.html\">fallido<\/a>, que propuso la izquierda. En aquel refer\u00e9ndum de salida, <a href=\"https:\/\/elpais.com\/chile\/2025-11-09\/voto-obligatorio-el-factor-clave-de-la-presidencial-chilena.html\" target=\"_self\" rel=\"nofollow noopener\" title=\"https:\/\/elpais.com\/chile\/2025-11-09\/voto-obligatorio-el-factor-clave-de-la-presidencial-chilena.html\">con voto obligatorio<\/a>, como esta presidencial, ese fue el peso del progresismo. Pero Jara queda m\u00e1s de 10 puntos por debajo de aquel porcentaje. <\/p>\n<p class=\"\">La votaci\u00f3n a Jara, inevitablemente est\u00e1 asociada al desempe\u00f1o de Boric, pese a que como su ministra del Trabajo sac\u00f3 adelante iniciativas que tanto ella en su campa\u00f1a como la Administraci\u00f3n de izquierdas, lucen: <a href=\"https:\/\/elpais.com\/chile\/2025-01-29\/chile-dispone-por-ley-despues-de-43-anos-que-las-empresas-deben-aportar-a-las-pensiones-de-sus-trabajadores.html\" target=\"_self\" rel=\"nofollow noopener\" title=\"https:\/\/elpais.com\/chile\/2025-01-29\/chile-dispone-por-ley-despues-de-43-anos-que-las-empresas-deben-aportar-a-las-pensiones-de-sus-trabajadores.html\">la reforma de pensiones<\/a> -con el apoyo en el Congreso de la derecha tradicional-, la ley que reduce gradualmente <a href=\"https:\/\/elpais.com\/chile\/2024-04-25\/ley-40-horas-en-chile-cuando-comienza-que-es-el-4x3-y-las-dudas-por-el-recorte-de-la-jornada-laboral.html\" target=\"_self\" rel=\"nofollow noopener\" title=\"https:\/\/elpais.com\/chile\/2024-04-25\/ley-40-horas-en-chile-cuando-comienza-que-es-el-4x3-y-las-dudas-por-el-recorte-de-la-jornada-laboral.html\">la jornada laboral a 40 horas<\/a> semanales y el <a href=\"https:\/\/elpais.com\/chile\/2025-04-29\/salario-minimo-en-chile-cuando-se-tramitara-una-nueva-alza-del-sueldo-para-2025.html\" target=\"_self\" rel=\"nofollow noopener\" title=\"https:\/\/elpais.com\/chile\/2025-04-29\/salario-minimo-en-chile-cuando-se-tramitara-una-nueva-alza-del-sueldo-para-2025.html\">alza hist\u00f3rica del salario m\u00ednimo<\/a>. Sin embargo, el mandatario tambi\u00e9n tiene un fuerte rechazo, del 62%, como se\u00f1ala la \u00faltima encuesta del Centro de Estudios P\u00fablicos (CEP), de octubre. Para la acad\u00e9mica de la Universidad Adolfo Ib\u00e1\u00f1ez, <a href=\"https:\/\/elpais.com\/chile\/2025-11-17\/carmen-le-foulon-jara-tiene-en-contra-algo-que-no-tenia-boric-viene-de-un-gobierno-con-muy-baja-aprobacion.html\" target=\"_self\" rel=\"nofollow noopener\" title=\"https:\/\/elpais.com\/chile\/2025-11-17\/carmen-le-foulon-jara-tiene-en-contra-algo-que-no-tenia-boric-viene-de-un-gobierno-con-muy-baja-aprobacion.html\">Carmen Le Foulon<\/a>, ese factor es muy relevante: \u201cJara tiene en contra algo que no ten\u00eda Boric: viene de un Gobierno con muy baja aprobaci\u00f3n\u201d.<\/p>\n<p class=\"\">En su inicios, el joven Gobierno del frenteamplista, quien en 2021 gan\u00f3 en segunda vuelta a Kast con un 55%, gener\u00f3 altas expectativas y promesas de cambios, pero, varios de ellos, no los pudo cumplir. Por ejemplo, su <a href=\"https:\/\/www.ex-ante.cl\/entrevista-de-marcel-a-el-pais-lo-que-estuvo-detras-de-la-votacion-fue-mucho-mas-que-la-reforma-tributaria\/https:\/\/elpais.com\/chile\/2023-03-09\/mario-marcel-la-dinamica-politica-se-ha-tensionado-en-chile-y-ya-no-son-suficientes-los-argumentos.html\" target=\"_self\" rel=\"nofollow noopener\" title=\"https:\/\/www.ex-ante.cl\/entrevista-de-marcel-a-el-pais-lo-que-estuvo-detras-de-la-votacion-fue-mucho-mas-que-la-reforma-tributaria\/https:\/\/elpais.com\/chile\/2023-03-09\/mario-marcel-la-dinamica-politica-se-ha-tensionado-en-chile-y-ya-no-son-suficientes-los-argumentos.html\">reforma tributaria<\/a>, que, en el Congreso, donde no ten\u00eda mayor\u00eda, <a href=\"https:\/\/elpais.com\/chile\/2023-03-09\/boric-achaca-a-la-derecha-el-fracaso-de-la-reforma-tributaria-en-el-congreso.html\" target=\"_self\" rel=\"nofollow noopener\" title=\"https:\/\/elpais.com\/chile\/2023-03-09\/boric-achaca-a-la-derecha-el-fracaso-de-la-reforma-tributaria-en-el-congreso.html\">ni siquiera aprobaron la idea de legislar <\/a>y arrancar con el debate. Pero tambi\u00e9n porque buena parte de su programa lo hab\u00eda depositado en la certeza de que se aprobar\u00eda la nueva Constituci\u00f3n en 2022.<\/p>\n<p class=\"\">\u201cEl d\u00e9bil resultado de Jara\u201d es tambi\u00e9n \u201cun juicio a la gesti\u00f3n del Gobierno de Gabriel Boric, que se acerca <a href=\"https:\/\/elpais.com\/chile\/2025-03-09\/gabriel-boric-retrato-de-un-presidente-que-se-retirara-a-los-40-anos-de-la-moneda.html\" rel=\"nofollow noopener\" title=\"https:\/\/elpais.com\/chile\/2025-03-09\/gabriel-boric-retrato-de-un-presidente-que-se-retirara-a-los-40-anos-de-la-moneda.html\" target=\"_blank\">al fin de su cuatrienio (en marzo)<\/a> con malos resultados econ\u00f3micos, sociales y de seguridad\u201d, asegura el periodista pol\u00edtico y escritor, Ascanio Cavallo. Para \u00e9l, Boric ha gobernado \u201cconfiado en el aparente vuelo del llamado <a href=\"https:\/\/elpais.com\/chile\/2025-10-08\/a-seis-anos-del-estallido-veinte-anos-de-protestas-revelan-los-ciclos-del-conflicto-en-chile.html\" target=\"_self\" rel=\"nofollow noopener\" title=\"https:\/\/elpais.com\/chile\/2025-10-08\/a-seis-anos-del-estallido-veinte-anos-de-protestas-revelan-los-ciclos-del-conflicto-en-chile.html\">estallido social<\/a> del 2019\u2033, y \u201csobre la base de un conjunto de supuestos que prontamente se mostraron err\u00f3neos y su posterior correcci\u00f3n -que algunos consideraron como un profundo viraje socialdem\u00f3crata- no solo fue incompleta, sino que dej\u00f3 a la econom\u00eda al borde de un estado ruinoso, solo sostenido en la fortaleza de sus instituciones, en particular el Central y el Consejo Fiscal, ambos aut\u00f3nomos\u201d.<\/p>\n<p class=\"\">Kast ha aprovechado estrat\u00e9gicamente la relaci\u00f3n entre la candidata y el mandatario varias veces, en especial este domingo, cuando pas\u00f3 a segunda vuelta. \u201cJeannette Jara es Gabriel Boric. Con un tono de voz distinto, con un modo de ser distinto, pero es el mismo proyecto pol\u00edtico\u201d.<\/p>\n<p class=\"\">Jara debe ahora dar un giro hacia el centro, y buscar tambi\u00e9n a los votantes no ideologizados, o anti-elite, que capt\u00f3 Parisi. Tambi\u00e9n, insistir en su anuncio de <a href=\"https:\/\/elpais.com\/chile\/2025-11-06\/jeannette-jara-dice-que-de-ser-electa-es-bien-probable-que-deje-su-militancia-comunista.html\" target=\"_self\" rel=\"nofollow noopener\" title=\"https:\/\/elpais.com\/chile\/2025-11-06\/jeannette-jara-dice-que-de-ser-electa-es-bien-probable-que-deje-su-militancia-comunista.html\">suspender o congelar su militancia comunista<\/a> -lleva all\u00ed 37 de sus 51 a\u00f1os- como un gesto urgente: est\u00e1 consciente que le ha generado problemas. Tambi\u00e9n, debe convencer de que la inseguridad, la principal preocupaci\u00f3n de la ciudadan\u00eda \u2014un punto en el que Kast ha focalizado su campa\u00f1a\u2014 es su prioridad. \u201c<a href=\"https:\/\/elpais.com\/chile\/2025-11-17\/jeannette-jara-no-dejen-que-el-miedo-congele-sus-corazones.html\" target=\"_self\" rel=\"nofollow noopener\" title=\"https:\/\/elpais.com\/chile\/2025-11-17\/jeannette-jara-no-dejen-que-el-miedo-congele-sus-corazones.html\">No dejen que el miedo congele sus corazones<\/a>\u201d, fue lo primero que dijo tras los resultados.<\/p>\n","protected":false},"excerpt":{"rendered":"La candidata de la izquierda chilena, Jeannette Jara, logr\u00f3 el domingo una victoria agridulce en la elecci\u00f3n presidencial.&hellip;\n","protected":false},"author":2,"featured_media":242321,"comment_status":"","ping_status":"","sticky":false,"template":"","format":"standard","meta":{"footnotes":""},"categories":[42],"tags":[889,17,18,2047,4374,61429,13,14,10204,11,61,62,63,64,60493,60494,19,20,1804,9,10,15,16,62295,952,12,21,22,65,66,67],"class_list":{"0":"post-242320","1":"post","2":"type-post","3":"status-publish","4":"format-standard","5":"has-post-thumbnail","7":"category-internacional","8":"tag-america","9":"tag-breaking-news","10":"tag-breakingnews","11":"tag-chile","12":"tag-elecciones","13":"tag-elecciones-chile","14":"tag-featured-news","15":"tag-featurednews","16":"tag-gabriel-boric","17":"tag-headlines","18":"tag-internacional","19":"tag-international","20":"tag-international-news","21":"tag-internationalnews","22":"tag-jeannette-jara","23":"tag-jose-antonio-kast","24":"tag-latest-news","25":"tag-latestnews","26":"tag-latinoamerica","27":"tag-news","28":"tag-noticias","29":"tag-noticias-destacadas","30":"tag-noticiasdestacadas","31":"tag-partido-comunista-de-chile","32":"tag-politica","33":"tag-titulares","34":"tag-ultimas-noticias","35":"tag-ultimasnoticias","36":"tag-world","37":"tag-world-news","38":"tag-worldnews"},"share_on_mastodon":{"url":"https:\/\/pubeurope.com\/@es\/115569489530355551","error":""},"_links":{"self":[{"href":"https:\/\/www.europesays.com\/es\/wp-json\/wp\/v2\/posts\/242320","targetHints":{"allow":["GET"]}}],"collection":[{"href":"https:\/\/www.europesays.com\/es\/wp-json\/wp\/v2\/posts"}],"about":[{"href":"https:\/\/www.europesays.com\/es\/wp-json\/wp\/v2\/types\/post"}],"author":[{"embeddable":true,"href":"https:\/\/www.europesays.com\/es\/wp-json\/wp\/v2\/users\/2"}],"replies":[{"embeddable":true,"href":"https:\/\/www.europesays.com\/es\/wp-json\/wp\/v2\/comments?post=242320"}],"version-history":[{"count":0,"href":"https:\/\/www.europesays.com\/es\/wp-json\/wp\/v2\/posts\/242320\/revisions"}],"wp:featuredmedia":[{"embeddable":true,"href":"https:\/\/www.europesays.com\/es\/wp-json\/wp\/v2\/media\/242321"}],"wp:attachment":[{"href":"https:\/\/www.europesays.com\/es\/wp-json\/wp\/v2\/media?parent=242320"}],"wp:term":[{"taxonomy":"category","embeddable":true,"href":"https:\/\/www.europesays.com\/es\/wp-json\/wp\/v2\/categories?post=242320"},{"taxonomy":"post_tag","embeddable":true,"href":"https:\/\/www.europesays.com\/es\/wp-json\/wp\/v2\/tags?post=242320"}],"curies":[{"name":"wp","href":"https:\/\/api.w.org\/{rel}","templated":true}]}}