{"id":242324,"date":"2025-11-18T07:21:36","date_gmt":"2025-11-18T07:21:36","guid":{"rendered":"https:\/\/www.europesays.com\/es\/242324\/"},"modified":"2025-11-18T07:21:36","modified_gmt":"2025-11-18T07:21:36","slug":"igualdad-presenta-el-programa-de-actos-con-motivo-del-25n-dia-internacional-contra-la-violencia-de-genero-ayuntamiento-de-alcala-la-real","status":"publish","type":"post","link":"https:\/\/www.europesays.com\/es\/242324\/","title":{"rendered":"Igualdad presenta el programa de actos con motivo del 25N, D\u00eda Internacional contra la Violencia de G\u00e9nero \u2013 Ayuntamiento de Alcal\u00e1 la Real"},"content":{"rendered":"<p><strong>Las actividades incluyen formaci\u00f3n, talleres, concursos y un acto institucional para reforzar el compromiso contra la violencia de g\u00e9nero<\/strong><\/p>\n<p>El alcalde, <strong>Marino Aguilera<\/strong> y la concejal de Igualdad, <strong>Dulce Medina<\/strong>, han presentado esta ma\u00f1ana el programa de actividades organizado con motivo del 25 de noviembre, <strong>D\u00eda Internacional contra la Violencia de G\u00e9nero<\/strong>. Una fecha \u201cclave en el calendario y que visibiliza el trabajo que se realiza durante todo el a\u00f1o\u201d, ha subrayado <strong>Aguilera<\/strong>.<\/p>\n<p>El <strong>alcalde<\/strong> ha recordado que 36 mujeres y 3 menores han sido asesinados en <strong>Espa\u00f1a<\/strong> en lo que va de 2025, dejando 17 menores hu\u00e9rfanos, cifras que \u201cevidencian la dimensi\u00f3n de un problema que sigue afectando a nuestra sociedad\u201d. Asimismo, ha destacado la labor coordinada del <strong>\u00e1rea de Igualdad, <\/strong>el <strong>Consejo Local de Igualdad,<\/strong> los<strong> centros educativos, <\/strong>los <strong>cuerpos y fuerzas de seguridad <\/strong>y el <strong>juzgado<\/strong> especializado en esta materia.<\/p>\n<p><img fetchpriority=\"high\" decoding=\"async\" class=\"alignnone size-full wp-image-71279\" src=\"https:\/\/www.europesays.com\/es\/wp-content\/uploads\/2025\/11\/IMG_3986.jpeg\" alt=\"\" width=\"1080\" height=\"1080\"  \/>Este a\u00f1o, la programaci\u00f3n del <strong>25N<\/strong> pone el foco en la prevenci\u00f3n y la formaci\u00f3n frente al consumo de pornograf\u00eda y el acoso sexual, especialmente entre la poblaci\u00f3n joven. El <strong>alcalde<\/strong> ha agradecido expresamente el trabajo del personal del <strong>\u00e1rea de Igualdad<\/strong> y del Centro de Informaci\u00f3n a la Mujer (<strong>CIM<\/strong>), remarcando la \u201calta participaci\u00f3n y el respaldo ciudadano que reciben cada a\u00f1o estas actividades\u201d.<\/p>\n<p><strong>Medina<\/strong>, por su parte, ha detallado las actividades dise\u00f1adas para esta edici\u00f3n, con un marcado enfoque preventivo y educativo. \u201cDesde este Ayuntamiento, nuestro compromiso es firme: trabajar cada d\u00eda por una sociedad libre de violencia de g\u00e9nero, ya que es un problema estructural que nos afecta. El programa que hoy presentamos no solo recoge actos de conmemoraci\u00f3n, sino tambi\u00e9n iniciativas de concienciaci\u00f3n, sensibilizaci\u00f3n y formaci\u00f3n dirigidas a toda la ciudadan\u00eda\u201d.<\/p>\n<p><img loading=\"lazy\" decoding=\"async\" class=\"alignnone size-full wp-image-71286\" src=\"https:\/\/www.europesays.com\/es\/wp-content\/uploads\/2025\/11\/1470da1d-5996-4ebc-a053-3d64b84b49e2.jpeg\" alt=\"\" width=\"1080\" height=\"1080\"  \/>El acto central correr\u00e1 a cargo de <strong>Alejandro Villena<\/strong>, psic\u00f3logo general sanitario y sex\u00f3logo cl\u00ednico, que el 28 de noviembre abordar\u00e1 el impacto del consumo de pornograf\u00eda en la adolescencia con dos charlas, una dirigida al alumnado \u201cDiez razones para rechazar la pornograf\u00eda\u201d, a las 12h, y otra para familias y poblaci\u00f3n general, \u201cHablar de sexualidad con tu hijo e hija es f\u00e1cil, si sabes c\u00f3mo\u201d a las 19:30h. Ambos encuentros tendr\u00e1n lugar en el <strong>Teatro Mart\u00ednez Monta\u00f1\u00e9s<\/strong>, con servicio gratuito de ludoteca previa reserva en el tel\u00e9fono 687-60 26 81.<\/p>\n<p>Tambi\u00e9n para todos los centros escolares del municipio, se ha preparado, junto con el profesorado de coeducaci\u00f3n, un <strong>concurso de cu\u00f1a de radio<\/strong> con un premio de 200\u20ac en material de librer\u00eda o inform\u00e1tica. \u201cEl motivo de este concurso es trabajar la sensibilizaci\u00f3n a trav\u00e9s de la m\u00fasica al tiempo que vamos renovando la cu\u00f1a que cada a\u00f1o podemos escuchar en torno a este d\u00eda en Radio Alcal\u00e1. Hemos recibido 11 trabajos, y el jurado, compuesto por la Comisi\u00f3n de Malos Tratos junto con profesionales de los medios de comunicaci\u00f3n, ha elegido ganador el trabajo titulado \u201cQuien te ama no te controla\u201d, del IES Antonio de Mendoza, que sonar\u00e1 en la emisora municipal del 15 al 27 de noviembre\u201d, ha explicado la <strong>edil<\/strong>.<\/p>\n<p><img loading=\"lazy\" decoding=\"async\" class=\"alignnone size-full wp-image-71281\" src=\"https:\/\/www.europesays.com\/es\/wp-content\/uploads\/2025\/11\/IMG_3956-scaled.jpeg\" alt=\"Formaci\u00f3n 25N Soni Fominguez\" width=\"2560\" height=\"1920\"  \/>Esta misma jornada la <strong>Sala H\u00e9rcules<\/strong> ha acogido la formaci\u00f3n \u201cDetecci\u00f3n y actuaci\u00f3n en casos de violencia sexual en ni\u00f1os, ni\u00f1as y adolescentes\u201d, a cargo de <strong>Sonia Dom\u00ednguez<\/strong>, psic\u00f3loga de la <strong>Fundaci\u00f3n M\u00e1rgenes y V\u00ednculos<\/strong>, dirigida a <strong>profesorado<\/strong> de coeducaci\u00f3n, <strong>Comisi\u00f3n de Malos Tratos, Consejo Local de Igualdad, clubes deportivos <\/strong>y <strong>Corporaci\u00f3n Municipal<\/strong>.<\/p>\n<p>Desde el <strong>CIM<\/strong> se va a impartir un taller grupal de empoderamiento con el fin de favorecer las relaciones horizontales e igualitarias y crear lazos de solidaridad, para v\u00edctimas activas, impartido por la psic\u00f3loga del CIM. Tendr\u00e1 una duraci\u00f3n de 12 sesiones de 1 hora y media. Comenzando el d\u00eda 19 de noviembre.<\/p>\n<p><img loading=\"lazy\" decoding=\"async\" class=\"alignnone size-full wp-image-71282\" src=\"https:\/\/www.europesays.com\/es\/wp-content\/uploads\/2025\/11\/IMG_3929.jpeg\" alt=\"\" width=\"1080\" height=\"1080\"  \/>Para complementar esta formaci\u00f3n, se impartir\u00e1 un <strong>curso de autodefensa<\/strong> los d\u00edas 27 de noviembre y 10 de diciembre a las 11:00 en el gimnasio de la <strong>Casa de la Juventud<\/strong>, dirigido adem\u00e1s de a las v\u00edctimas activas, a toda mujer que quiera inscribirse.<\/p>\n<p>Por parte de la <strong>polic\u00eda adscrita a VioGen <\/strong>de este <strong>Ayuntamiento<\/strong>, el d\u00eda 24 de noviembre se va a impartir el taller \u201cViolencia sexual, conceptos b\u00e1sicos\u201d. Dirigida a alumnado de FB b\u00e1sica de Cocina, ciclo de grado medio de Cocina y Aceite del IES Antonio de Mendoza y a alumnado de Secundaria y postobligatoria de la Residencia Sime\u00f3n Oliver.<\/p>\n<p><img loading=\"lazy\" decoding=\"async\" class=\"alignnone size-full wp-image-71283\" src=\"https:\/\/www.europesays.com\/es\/wp-content\/uploads\/2025\/11\/IMG_3987.jpeg\" alt=\"\" width=\"1080\" height=\"1080\"  \/>El d\u00eda 25 se leer\u00e1 la <strong>Declaraci\u00f3n Institucional<\/strong> contra la violencia de g\u00e9nero, a las 11h en el <strong>Sal\u00f3n de Plenos<\/strong>, como siempre consensuada en el <strong>Consejo Municipal de Igualdad<\/strong>. Ese d\u00eda se iluminar\u00e1n de violeta la <strong>Iglesia Mayor Abacial<\/strong> y las letras corp\u00f3reas del ferial. A las 12h la Federaci\u00f3n de asociaciones de mujeres \u201c<strong>Creciendo Unidas<\/strong>\u201d dar\u00e1 lectura a un <strong>manifiesto<\/strong> y posteriormente se har\u00e1 una <strong>marcha<\/strong> hasta el monolito por la Igualdad, haciendo una parada en los jardines de <strong>Khawla<\/strong>.<\/p>\n<p>Tambi\u00e9n se colocar\u00e1n <strong>pancartas<\/strong> y <strong>carteles<\/strong> en el balc\u00f3n del Ayuntamiento, en el Paseo de los \u00c1lamos y los centros sociales de las aldeas, del 21 al 28 de noviembre.<\/p>\n","protected":false},"excerpt":{"rendered":"Las actividades incluyen formaci\u00f3n, talleres, concursos y un acto institucional para reforzar el compromiso contra la violencia de&hellip;\n","protected":false},"author":2,"featured_media":242325,"comment_status":"","ping_status":"","sticky":false,"template":"","format":"standard","meta":{"footnotes":""},"categories":[5],"tags":[17,18,25,24,13,14,11,19,20,9,10,15,16,23,12,21,22],"class_list":{"0":"post-242324","1":"post","2":"type-post","3":"status-publish","4":"format-standard","5":"has-post-thumbnail","7":"category-titulares","8":"tag-breaking-news","9":"tag-breakingnews","10":"tag-es","11":"tag-espana","12":"tag-featured-news","13":"tag-featurednews","14":"tag-headlines","15":"tag-latest-news","16":"tag-latestnews","17":"tag-news","18":"tag-noticias","19":"tag-noticias-destacadas","20":"tag-noticiasdestacadas","21":"tag-spain","22":"tag-titulares","23":"tag-ultimas-noticias","24":"tag-ultimasnoticias"},"share_on_mastodon":{"url":"https:\/\/pubeurope.com\/@es\/115569497783382879","error":""},"_links":{"self":[{"href":"https:\/\/www.europesays.com\/es\/wp-json\/wp\/v2\/posts\/242324","targetHints":{"allow":["GET"]}}],"collection":[{"href":"https:\/\/www.europesays.com\/es\/wp-json\/wp\/v2\/posts"}],"about":[{"href":"https:\/\/www.europesays.com\/es\/wp-json\/wp\/v2\/types\/post"}],"author":[{"embeddable":true,"href":"https:\/\/www.europesays.com\/es\/wp-json\/wp\/v2\/users\/2"}],"replies":[{"embeddable":true,"href":"https:\/\/www.europesays.com\/es\/wp-json\/wp\/v2\/comments?post=242324"}],"version-history":[{"count":0,"href":"https:\/\/www.europesays.com\/es\/wp-json\/wp\/v2\/posts\/242324\/revisions"}],"wp:featuredmedia":[{"embeddable":true,"href":"https:\/\/www.europesays.com\/es\/wp-json\/wp\/v2\/media\/242325"}],"wp:attachment":[{"href":"https:\/\/www.europesays.com\/es\/wp-json\/wp\/v2\/media?parent=242324"}],"wp:term":[{"taxonomy":"category","embeddable":true,"href":"https:\/\/www.europesays.com\/es\/wp-json\/wp\/v2\/categories?post=242324"},{"taxonomy":"post_tag","embeddable":true,"href":"https:\/\/www.europesays.com\/es\/wp-json\/wp\/v2\/tags?post=242324"}],"curies":[{"name":"wp","href":"https:\/\/api.w.org\/{rel}","templated":true}]}}