{"id":242326,"date":"2025-11-18T07:26:18","date_gmt":"2025-11-18T07:26:18","guid":{"rendered":"https:\/\/www.europesays.com\/es\/242326\/"},"modified":"2025-11-18T07:26:18","modified_gmt":"2025-11-18T07:26:18","slug":"claudia-y-bea-arturito-y-agus-otra-vez-en-el-trono-international-padel-federation","status":"publish","type":"post","link":"https:\/\/www.europesays.com\/es\/242326\/","title":{"rendered":"Claudia y Bea, Arturito y Agus otra vez en el trono &#8211; International Padel Federation"},"content":{"rendered":"<ol>\n<li><a href=\"https:\/\/news.google.com\/rss\/articles\/CBMikAFBVV95cUxNbXo1elR5TldrRzVkejlIOTBVUGM5S1o5LXNZd1N6MkpMcHNDeUFrcUkyNkYwVjBYRDYwQTZORUR1b1V2YlNad1pSNzVqQ1d5SkRDTGNBSi1vOWNiOWRuMHJTWXVaWjdYbDRyVUFnSzItcTl5MUJYb2xlc0hfVzBoRFlHNU9UMkp6Y00wVlJuMDE?oc=5\" target=\"_blank\" rel=\"nofollow noopener\">Claudia y Bea, Arturito y Agus otra vez en el trono<\/a>&nbsp;&nbsp;International Padel Federation<\/li>\n<li><a href=\"https:\/\/news.google.com\/rss\/articles\/CBMiwgFBVV95cUxNMWhvMkhLZkVlZDRTa2JLZDBua05GQXFGd0dxUVBwdVNVN1VsMUEwVjVPQ2xGREZrUy1SLUZ1ME5icEFzeW5uUjVlX0t6QlJkN05pOHdxWlJET25fLXFZVVBlV3BtZm00cmloanVMQldpNmNVQ3ZERmpJVnhWYXRvZk1PTGFTRXFsYzhuODlGY1JOS0VKaHJoSWFTS0M0WjhDTzk3Rm5leUlWSHQ0ODAyYTA1Y195eldiSzctWUVtTVNNQQ?oc=5\" target=\"_blank\" rel=\"nofollow noopener\">El n\u00famero uno sigue resisti\u00e9ndose: Triay y Brea caen en Dub\u00e1i<\/a>&nbsp;&nbsp;Menorca &#8211; Es diari<\/li>\n<li><a href=\"https:\/\/news.google.com\/rss\/articles\/CBMikgFBVV95cUxNcUtFV1ZOb09tX2Fhc0ZXVk9jUHlQTUdfbUZGcEQxcUdCNFQ4dklnZGppYm45Y2duRTVLbmdHS1RvOVpPTjc0VFZka3prV0pZOFE2QWxaRmo2ekVieXhBWDU1N1dsdTVQQVZOcEoxck1SQ3RhVEgtaUYzOFI3TjVBbXp4aURhQ3Ffb2gxQ3JaYlliQQ?oc=5\" target=\"_blank\" rel=\"nofollow noopener\">Paula Josemar\u00eda cae en Dubai y dice adi\u00f3s al n\u00famero 1<\/a>&nbsp;&nbsp;Hoy<\/li>\n<li><a href=\"https:\/\/news.google.com\/rss\/articles\/CBMiqgFBVV95cUxOSnpsQXdDMTNVM2JYRWVURUppN1dBLW1WTWJQVm5DWGhJeXdlVTZtZXR2SkpJRTRkaXVIcVQ2ZmptVzdCZk5sU25Pc0dVcmRFcDJ6enFPNk1jekIzcjBXeHd1eFV3bFJFX19CNDJiSGRlalNjVVZXVDd2LUpFSEtfWnJUNmdoaXhWRXZEZTMydlJsUEdqUi1TTW1rNEpFN3pYWmFUemI1dzg3dw?oc=5\" target=\"_blank\" rel=\"nofollow noopener\">Bea Gonz\u00e1lez levanta en Dub\u00e1i su cuarto t\u00edtulo del a\u00f1o<\/a>&nbsp;&nbsp;Diario Sur<\/li>\n<li><a href=\"https:\/\/news.google.com\/rss\/articles\/CBMi0AFBVV95cUxOek5RYkdXWklfNnE5RGcyQVUtU1gwZ3hVNEt5aFJRSElhVHdOOTV2RTB2SlNuTEF1NXJQUkRqMTRkOVpaQ2N3dVRGd1l5SGhnOEZnS3lLZlp1N1R0aEpyLUpuUEZGUDJ2UzA3OXJYQkZOX3RZVm0yYWQtV3EyaXBOMEd0RTE3ZUdjbk94SWR0a2FOMzdRY1Z4eXZiTGxKOU1DTUVoRzRtTjE5VEQ0bXR5UGxsbUwyWDlGaUJZQmVaamdvR0g4aDIyXzVFY1d2eHp0?oc=5\" target=\"_blank\" rel=\"nofollow noopener\">Claudia Fern\u00e1ndez y Bea Gonz\u00e1lez ganan a las n\u00famero uno y se proclaman campeonas del Dubai Premier Padel P1<\/a>&nbsp;&nbsp;elneverazo<\/li>\n<\/ol>\n","protected":false},"excerpt":{"rendered":"Claudia y Bea, Arturito y Agus otra vez en el trono&nbsp;&nbsp;International Padel Federation El n\u00famero uno sigue resisti\u00e9ndose:&hellip;\n","protected":false},"author":2,"featured_media":233937,"comment_status":"","ping_status":"","sticky":false,"template":"","format":"standard","meta":{"footnotes":""},"categories":[274],"tags":[168,25,24,23,167,327,326],"class_list":{"0":"post-242326","1":"post","2":"type-post","3":"status-publish","4":"format-standard","5":"has-post-thumbnail","7":"category-tenis","8":"tag-deportes","9":"tag-es","10":"tag-espana","11":"tag-spain","12":"tag-sports","13":"tag-tenis","14":"tag-tennis"},"share_on_mastodon":{"url":"https:\/\/pubeurope.com\/@es\/115569517120995894","error":""},"_links":{"self":[{"href":"https:\/\/www.europesays.com\/es\/wp-json\/wp\/v2\/posts\/242326","targetHints":{"allow":["GET"]}}],"collection":[{"href":"https:\/\/www.europesays.com\/es\/wp-json\/wp\/v2\/posts"}],"about":[{"href":"https:\/\/www.europesays.com\/es\/wp-json\/wp\/v2\/types\/post"}],"author":[{"embeddable":true,"href":"https:\/\/www.europesays.com\/es\/wp-json\/wp\/v2\/users\/2"}],"replies":[{"embeddable":true,"href":"https:\/\/www.europesays.com\/es\/wp-json\/wp\/v2\/comments?post=242326"}],"version-history":[{"count":0,"href":"https:\/\/www.europesays.com\/es\/wp-json\/wp\/v2\/posts\/242326\/revisions"}],"wp:featuredmedia":[{"embeddable":true,"href":"https:\/\/www.europesays.com\/es\/wp-json\/wp\/v2\/media\/233937"}],"wp:attachment":[{"href":"https:\/\/www.europesays.com\/es\/wp-json\/wp\/v2\/media?parent=242326"}],"wp:term":[{"taxonomy":"category","embeddable":true,"href":"https:\/\/www.europesays.com\/es\/wp-json\/wp\/v2\/categories?post=242326"},{"taxonomy":"post_tag","embeddable":true,"href":"https:\/\/www.europesays.com\/es\/wp-json\/wp\/v2\/tags?post=242326"}],"curies":[{"name":"wp","href":"https:\/\/api.w.org\/{rel}","templated":true}]}}