{"id":242343,"date":"2025-11-18T07:41:07","date_gmt":"2025-11-18T07:41:07","guid":{"rendered":"https:\/\/www.europesays.com\/es\/242343\/"},"modified":"2025-11-18T07:41:07","modified_gmt":"2025-11-18T07:41:07","slug":"bolsa-e-ibex-35-hoy-en-directo-41","status":"publish","type":"post","link":"https:\/\/www.europesays.com\/es\/242343\/","title":{"rendered":"Bolsa e Ibex 35 hoy, en directo"},"content":{"rendered":"\n<p> Los\u00a0<strong>futuros de las\u00a0bolsas europeas<\/strong>\u00a0auguran una apertura claramente bajista ante el temor creciente a una<strong> burbuja tecnol\u00f3gica<\/strong> y, sobre todo, de la inteligencia artificial en\u00a0Wall Street.\u00a0Adem\u00e1s, se suma una menor expectativa de recortes por parte de la Reserva Federal estadounidense (<strong>Fed<\/strong>) y la falta de datos macro en EEUU, lo que est\u00e1 provocando ciertas ventas en acciones al otro lado del Atl\u00e1ntico y traslad\u00e1ndose el temor al Viejo Continente. Descensos que pueden disiparse o agudizarse tras los resultados de\u00a0<strong>Nvidia<\/strong>, que rendir\u00e1 cuentas este mi\u00e9rcoles.\u00a0 <\/p>\n<ul class=\"bodyList bodyList--unordered\">\n<li class=\"bodyList__item\"><strong>FUTURO DOW JONES:<\/strong>\u00a046.345\u00a0(-0,53%)<\/li>\n<li class=\"bodyList__item\"><strong>FUTURO S&amp;P 500:<\/strong>\u00a06.621,9,4\u00a0(-0,74%)<\/li>\n<li class=\"bodyList__item\"><strong>FUTURO IBEX 35<\/strong>:\u00a015.926\u00a0(-1,22%)<\/li>\n<li class=\"bodyList__item\"><strong>EURO-D\u00d3LAR<\/strong>:\u00a01,16\u00a0(0,05%)<\/li>\n<li class=\"bodyList__item\"><strong>BRENT:<\/strong>\u00a063,66\u00a0d\u00f3lares\u00a0(-0,84%)<\/li>\n<\/ul>\n","protected":false},"excerpt":{"rendered":"Los\u00a0futuros de las\u00a0bolsas europeas\u00a0auguran una apertura claramente bajista ante el temor creciente a una burbuja tecnol\u00f3gica y, sobre&hellip;\n","protected":false},"author":2,"featured_media":235543,"comment_status":"","ping_status":"","sticky":false,"template":"","format":"standard","meta":{"footnotes":""},"categories":[80],"tags":[82,95,94,25,24,23],"class_list":{"0":"post-242343","1":"post","2":"type-post","3":"status-publish","4":"format-standard","5":"has-post-thumbnail","7":"category-economia","8":"tag-business","9":"tag-economia","10":"tag-economy","11":"tag-es","12":"tag-espana","13":"tag-spain"},"share_on_mastodon":{"url":"https:\/\/pubeurope.com\/@es\/115569576551620782","error":""},"_links":{"self":[{"href":"https:\/\/www.europesays.com\/es\/wp-json\/wp\/v2\/posts\/242343","targetHints":{"allow":["GET"]}}],"collection":[{"href":"https:\/\/www.europesays.com\/es\/wp-json\/wp\/v2\/posts"}],"about":[{"href":"https:\/\/www.europesays.com\/es\/wp-json\/wp\/v2\/types\/post"}],"author":[{"embeddable":true,"href":"https:\/\/www.europesays.com\/es\/wp-json\/wp\/v2\/users\/2"}],"replies":[{"embeddable":true,"href":"https:\/\/www.europesays.com\/es\/wp-json\/wp\/v2\/comments?post=242343"}],"version-history":[{"count":0,"href":"https:\/\/www.europesays.com\/es\/wp-json\/wp\/v2\/posts\/242343\/revisions"}],"wp:featuredmedia":[{"embeddable":true,"href":"https:\/\/www.europesays.com\/es\/wp-json\/wp\/v2\/media\/235543"}],"wp:attachment":[{"href":"https:\/\/www.europesays.com\/es\/wp-json\/wp\/v2\/media?parent=242343"}],"wp:term":[{"taxonomy":"category","embeddable":true,"href":"https:\/\/www.europesays.com\/es\/wp-json\/wp\/v2\/categories?post=242343"},{"taxonomy":"post_tag","embeddable":true,"href":"https:\/\/www.europesays.com\/es\/wp-json\/wp\/v2\/tags?post=242343"}],"curies":[{"name":"wp","href":"https:\/\/api.w.org\/{rel}","templated":true}]}}