{"id":242346,"date":"2025-11-18T07:43:11","date_gmt":"2025-11-18T07:43:11","guid":{"rendered":"https:\/\/www.europesays.com\/es\/242346\/"},"modified":"2025-11-18T07:43:11","modified_gmt":"2025-11-18T07:43:11","slug":"el-gobierno-gasta-un-millon-de-euros-en-habilitar-dos-aticos-para-oscar-puente-y-ana-redondo","status":"publish","type":"post","link":"https:\/\/www.europesays.com\/es\/242346\/","title":{"rendered":"El Gobierno gasta un mill\u00f3n de euros en habilitar dos \u00e1ticos para \u00d3scar Puente y Ana Redondo"},"content":{"rendered":"<p style=\"\">El Ministerio de Hacienda ha invertido m\u00e1s de un mill\u00f3n de euros en la reforma integral de una planta de un edificio de <strong>Patrimonio del Estado<\/strong> que se ha convertido en residencia de dos ministros, el de Transportes, \u00d3scar Puente, y la de Igualdad,  &#8230; Ana Redondo. <\/p>\n<p class=\"voc-p\" style=\"\">Se trata de la quinta planta de un inmueble se\u00f1orial ubicado en una de las mejores zonas de Madrid, entre el Paseo del Prado y el Congreso de los Diputados. Las obras se han ejecutado en el \u00e1tico, que cuenta con dos entradas. Tiene una <strong>superficie construida de 575 metros cuadrados<\/strong> que se divide en dos viviendas de 270 y 239 metros cuadrados y otros 66 que corresponden a los elementos comunes de la finca, seg\u00fan la informaci\u00f3n que consta en el Catastro. <\/p>\n<p class=\"voc-p\" style=\"\">El contrato fue adjudicado en julio de 2023, aunque la Plataforma de Contrataci\u00f3n del Sector P\u00fablico lo public\u00f3 ya en diciembre de ese a\u00f1o. Las obras terminaron hace unos meses, seg\u00fan fuentes conocedoras de la reforma.<\/p>\n<p class=\"voc-p\" style=\"\">El importe de la adjudicaci\u00f3n ascendi\u00f3 a 1.067.082,59 euros, impuestos incluidos, aunque durante la ejecuci\u00f3n hubo <strong>una desviaci\u00f3n al alza de no menos de cien mil euros<\/strong>, extremo que no ha podido ser confirmado oficialmente. <\/p>\n<p>\nSubsecretar\u00eda de Hacienda\n<\/p>\n<p class=\"voc-p\" style=\"\">El contrato lo adjudic\u00f3 la Subsecretar\u00eda de Hacienda y Funci\u00f3n P\u00fablica, de quien depende la Direcci\u00f3n General del Patrimonio del Estado, y la ha ejecutado Fern\u00e1ndez Molina Obras y Servicios, una empresa l\u00edder en grandes reformas y rehabilitaciones y la \u00fanica que present\u00f3 oferta en el concurso p\u00fablico. Cuenta en su portfolio con restauraciones tan emblem\u00e1ticas como la de la <strong>Puerta de Alcal\u00e1<\/strong>, la Fuente de Cibeles, el Templo de Debod o la reforma del zagu\u00e1n del Banco de Espa\u00f1a. <\/p>\n<p class=\"voc-p\" style=\"\">La empresa, contactada por ABC, ha declinado ofrecer informaci\u00f3n alguna por motivos de \u00abconfidencialidad\u00bb. Las fuentes consultadas por este diario aseveran que la obra como tal comenz\u00f3 en torno a junio de 2024, despu\u00e9s de la etapa correspondiente a los trabajos de arquitectura, y se prolong\u00f3 durante un a\u00f1o, aproximadamente. Ambos pisos han sido remozados en su totalidad y se han utilizado materiales de primera calidad. Solo el apartado de climatizaci\u00f3n ha ascendido a \u00ab200.000 euros\u00bb, dicen fuentes oficiosas. <\/p>\n<p class=\"voc-p\" style=\"\">El pliego de prescripciones t\u00e9cnicas particulares, de 95 p\u00e1ginas, recoge detalles que van desde la demolici\u00f3n de tabiques hasta la carpinter\u00eda de madera y aluminios, pasando por aislamientos, revestimientos y distintas instalaciones.<\/p>\n<p><img decoding=\"async\" loading=\"lazy\" src=\"https:\/\/www.europesays.com\/es\/wp-content\/uploads\/2025\/11\/newspaint-1763414678896-1200x840-kqrC-U7020045234876g-760x507@diario_abc.jpg\" class=\"voc-img\" width=\"760\" height=\"507\" alt=\"S\u00f3lo hubo una oferta presentada y la obra fue adjudicada a Fern\u00e1ndez Molina Obras y Servicios S.A. en julio de 2023\" data-voc-vtm-id=\"in-text-traffic\"\/><\/p>\n<p>S\u00f3lo hubo una oferta presentada y la obra fue adjudicada a Fern\u00e1ndez Molina Obras y Servicios S.A. en julio de 2023<\/p>\n<p class=\"voc-p\" style=\"\">En una de las viviendas se ha instalado el ministro de Transportes y Movilidad Sostenible, <strong>\u00d3scar Puente<\/strong>, junto a su pareja y el hijo de ambos. La otra est\u00e1 a disposici\u00f3n de <strong>Ana Redondo<\/strong>, ministra de Igualdad, seg\u00fan han confirmado fuentes oficiales del Ministerio de Hacienda a este diario. Los \u00faltimos remates se hicieron cuando las viviendas ya estaban ocupadas.<\/p>\n<p class=\"voc-p\" style=\"\">Seg\u00fan su \u00faltima declaraci\u00f3n de bienes oficial presentada en el Congreso de los Diputados, \u00d3scar Puente es propietario de seis inmuebles, en concreto cuatro casas y dos garajes. En Valladolid posee dos viviendas y dos garajes al 50 por ciento y una tercera vivienda al 25 por cien. La cuarta casa, la m\u00e1s reciente, la adquiri\u00f3 Puente en Alicante este mismo a\u00f1o y es propietario de la mitad.<\/p>\n<p class=\"voc-p\" style=\"\">Por su parte, la ministra Ana Redondo tiene un piso en la ciudad de Valladolid, un chalet en Viana de Cega, localidad de la misma provincia, y un apartamento en Velilla del R\u00edo Carri\u00f3n, en la provincia de Palencia. Posee el 50 por ciento de la propiedad de los tres inmuebles.<\/p>\n<p class=\"voc-p\" style=\"\">La relaci\u00f3n entre ambos ministros, y ahora vecinos, es muy buena. Ana Redondo fue teniente de Alcalde y concejala de Cultura y Turismo del Ayuntamiento de Valladolid entre 2015 y 2023, cuando el alcalde era el hoy ministro de Transportes. <\/p>\n<p class=\"voc-p\" style=\"\">La Direcci\u00f3n General del Patrimonio del Estado, que depende en \u00faltima instancia del Ministerio de Hacienda, se encarga de la administraci\u00f3n general de los bienes del patrimonio estatal. Entre sus competencias est\u00e1 la \u00abconstrucci\u00f3n, conservaci\u00f3n, reforma y reparaci\u00f3n de edificios administrativos y dem\u00e1s que se le encomienden, y la conservaci\u00f3n de bienes inmuebles patrimoniales\u00bb.<\/p>\n<p class=\"voc-p\" style=\"\">ABC se puso este lunes en contacto con los gabinetes de ambos ministros para cotejar desde cu\u00e1ndo habitan estas viviendas y si antes usaban otra de Patrimonio del Estado o pagada por ellos, pero no ha habido respuesta. El equipo de Ana Redondo se ha limitado a decir que <strong>\u00abpor motivos de seguridad no proporcionamos informaci\u00f3n sobre el domicilio de la ministra\u00bb<\/strong>, pese a que ABC inform\u00f3 de que no publicar\u00eda direcciones. Por parte del gabinete de \u00d3scar Puente no ha habido respuesta a las llamadas de este diario.<\/p>\n","protected":false},"excerpt":{"rendered":"El Ministerio de Hacienda ha invertido m\u00e1s de un mill\u00f3n de euros en la reforma integral de una&hellip;\n","protected":false},"author":2,"featured_media":242347,"comment_status":"","ping_status":"","sticky":false,"template":"","format":"standard","meta":{"footnotes":""},"categories":[8],"tags":[17,18,25,24,1557,13,14,62298,582,62299,11,19,20,7818,9,10,15,16,6777,2497,12925,23,12,21,22],"class_list":{"0":"post-242346","1":"post","2":"type-post","3":"status-publish","4":"format-standard","5":"has-post-thumbnail","7":"category-espana","8":"tag-breaking-news","9":"tag-breakingnews","10":"tag-es","11":"tag-espana","12":"tag-euros","13":"tag-featured-news","14":"tag-featurednews","15":"tag-gasta","16":"tag-gobierno","17":"tag-habilitar","18":"tag-headlines","19":"tag-latest-news","20":"tag-latestnews","21":"tag-millon","22":"tag-news","23":"tag-noticias","24":"tag-noticias-destacadas","25":"tag-noticiasdestacadas","26":"tag-pisos","27":"tag-puente","28":"tag-redondo","29":"tag-spain","30":"tag-titulares","31":"tag-ultimas-noticias","32":"tag-ultimasnoticias"},"share_on_mastodon":{"url":"https:\/\/pubeurope.com\/@es\/115569584369862740","error":""},"_links":{"self":[{"href":"https:\/\/www.europesays.com\/es\/wp-json\/wp\/v2\/posts\/242346","targetHints":{"allow":["GET"]}}],"collection":[{"href":"https:\/\/www.europesays.com\/es\/wp-json\/wp\/v2\/posts"}],"about":[{"href":"https:\/\/www.europesays.com\/es\/wp-json\/wp\/v2\/types\/post"}],"author":[{"embeddable":true,"href":"https:\/\/www.europesays.com\/es\/wp-json\/wp\/v2\/users\/2"}],"replies":[{"embeddable":true,"href":"https:\/\/www.europesays.com\/es\/wp-json\/wp\/v2\/comments?post=242346"}],"version-history":[{"count":0,"href":"https:\/\/www.europesays.com\/es\/wp-json\/wp\/v2\/posts\/242346\/revisions"}],"wp:featuredmedia":[{"embeddable":true,"href":"https:\/\/www.europesays.com\/es\/wp-json\/wp\/v2\/media\/242347"}],"wp:attachment":[{"href":"https:\/\/www.europesays.com\/es\/wp-json\/wp\/v2\/media?parent=242346"}],"wp:term":[{"taxonomy":"category","embeddable":true,"href":"https:\/\/www.europesays.com\/es\/wp-json\/wp\/v2\/categories?post=242346"},{"taxonomy":"post_tag","embeddable":true,"href":"https:\/\/www.europesays.com\/es\/wp-json\/wp\/v2\/tags?post=242346"}],"curies":[{"name":"wp","href":"https:\/\/api.w.org\/{rel}","templated":true}]}}