{"id":242351,"date":"2025-11-18T07:50:18","date_gmt":"2025-11-18T07:50:18","guid":{"rendered":"https:\/\/www.europesays.com\/es\/242351\/"},"modified":"2025-11-18T07:50:18","modified_gmt":"2025-11-18T07:50:18","slug":"galdar-vuelve-a-ser-protagonista-de-la-gran-canaria-bike-week","status":"publish","type":"post","link":"https:\/\/www.europesays.com\/es\/242351\/","title":{"rendered":"G\u00e1ldar vuelve a ser protagonista de la Gran Canaria Bike Week"},"content":{"rendered":"<p class=\"ft-text\">El municipio de <a class=\"ft-link ft-link--decoration\" href=\"https:\/\/www.laprovincia.es\/gran-canaria\/galdar\/\" rel=\"nofollow noopener\" target=\"_blank\">G\u00e1ldar<\/a> volver\u00e1 a ser uno de los grandes protagonistas de la Gran Canaria Bike Week 2025, la cita cicloturista por excelencia de la isla, reafirmando as\u00ed su compromiso con el deporte, el turismo activo y los eventos sostenibles.<\/p>\n<p class=\"ft-text\">El s\u00e1bado 6 de diciembre, la etapa \u201cGran Canaria Verde\u201d partir\u00e1 desde G\u00e1ldar para recorrer 64 kil\u00f3metros entre <a class=\"ft-link ft-link--decoration\" href=\"https:\/\/www.laprovincia.es\/tags\/fontanales\/\" rel=\"nofollow noopener\" target=\"_blank\">Fontanales<\/a> y <a class=\"ft-link ft-link--decoration\" href=\"https:\/\/www.laprovincia.es\/gran-canaria\/moya\/\" rel=\"nofollow noopener\" target=\"_blank\">Moya<\/a>, atravesando la belleza natural de la zona norte y las median\u00edas de la isla. Este trazado, que combina exigencia y paisajes \u00fanicos, se ha consolidado como una de las etapas m\u00e1s esperadas por los participantes.<\/p>\n<p class=\"ft-text\">El Ayuntamiento de G\u00e1ldar, fiel a su compromiso con la promoci\u00f3n de h\u00e1bitos de vida saludable y el impulso del deporte como <a class=\"ft-link ft-link--decoration\" href=\"https:\/\/www.laprovincia.es\/tags\/motogp\/\" rel=\"nofollow noopener\" target=\"_blank\">motor<\/a> social y tur\u00edstico, colaborar\u00e1 un a\u00f1o m\u00e1s con la organizaci\u00f3n del evento. Como muestra de este apoyo, el consistorio pondr\u00e1 a disposici\u00f3n de los vecinos y vecinas 30 inscripciones gratuitas para participar en esta etapa, invitando as\u00ed a la ciudadan\u00eda a vivir la experiencia desde dentro.<\/p>\n<p class=\"ft-text\">La Gran Canaria Bike Week, que se celebrar\u00e1 del 30 de noviembre al 7 de diciembre, combina cada a\u00f1o deporte y turismo en una experiencia \u00fanica que permite a ciclistas de diferentes niveles disfrutar de los paisajes m\u00e1s emblem\u00e1ticos de la isla. En esta edici\u00f3n, la prueba volver\u00e1 con nuevas rutas y el mismo esp\u00edritu de convivencia y respeto por el entorno que la ha convertido en una referencia del calendario cicloturista.<\/p>\n<p class=\"ft-text\">Con la participaci\u00f3n de G\u00e1ldar, la Gran Canaria Bike Week refuerza su v\u00ednculo con los municipios del norte poniendo en valor sus paisajes naturales.<\/p>\n","protected":false},"excerpt":{"rendered":"El municipio de G\u00e1ldar volver\u00e1 a ser uno de los grandes protagonistas de la Gran Canaria Bike Week&hellip;\n","protected":false},"author":2,"featured_media":242352,"comment_status":"","ping_status":"","sticky":false,"template":"","format":"standard","meta":{"footnotes":""},"categories":[273],"tags":[7221,313,312,168,25,24,29642,3956,1897,3643,1440,23,167,4664,739],"class_list":{"0":"post-242351","1":"post","2":"type-post","3":"status-publish","4":"format-standard","5":"has-post-thumbnail","7":"category-ciclismo","8":"tag-canaria","9":"tag-ciclismo","10":"tag-cycling","11":"tag-deportes","12":"tag-es","13":"tag-espana","14":"tag-galdar","15":"tag-gran","16":"tag-gran-canaria","17":"tag-isla","18":"tag-protagonista","19":"tag-spain","20":"tag-sports","21":"tag-turismo","22":"tag-vuelve"},"share_on_mastodon":{"url":"https:\/\/pubeurope.com\/@es\/115569611402348965","error":""},"_links":{"self":[{"href":"https:\/\/www.europesays.com\/es\/wp-json\/wp\/v2\/posts\/242351","targetHints":{"allow":["GET"]}}],"collection":[{"href":"https:\/\/www.europesays.com\/es\/wp-json\/wp\/v2\/posts"}],"about":[{"href":"https:\/\/www.europesays.com\/es\/wp-json\/wp\/v2\/types\/post"}],"author":[{"embeddable":true,"href":"https:\/\/www.europesays.com\/es\/wp-json\/wp\/v2\/users\/2"}],"replies":[{"embeddable":true,"href":"https:\/\/www.europesays.com\/es\/wp-json\/wp\/v2\/comments?post=242351"}],"version-history":[{"count":0,"href":"https:\/\/www.europesays.com\/es\/wp-json\/wp\/v2\/posts\/242351\/revisions"}],"wp:featuredmedia":[{"embeddable":true,"href":"https:\/\/www.europesays.com\/es\/wp-json\/wp\/v2\/media\/242352"}],"wp:attachment":[{"href":"https:\/\/www.europesays.com\/es\/wp-json\/wp\/v2\/media?parent=242351"}],"wp:term":[{"taxonomy":"category","embeddable":true,"href":"https:\/\/www.europesays.com\/es\/wp-json\/wp\/v2\/categories?post=242351"},{"taxonomy":"post_tag","embeddable":true,"href":"https:\/\/www.europesays.com\/es\/wp-json\/wp\/v2\/tags?post=242351"}],"curies":[{"name":"wp","href":"https:\/\/api.w.org\/{rel}","templated":true}]}}