{"id":242359,"date":"2025-11-18T07:55:14","date_gmt":"2025-11-18T07:55:14","guid":{"rendered":"https:\/\/www.europesays.com\/es\/242359\/"},"modified":"2025-11-18T07:55:14","modified_gmt":"2025-11-18T07:55:14","slug":"la-nina-se-va-al-hospital-benalmadena-retira-su-popular-estatua-para-restaurarla","status":"publish","type":"post","link":"https:\/\/www.europesays.com\/es\/242359\/","title":{"rendered":"&#8216;La Ni\u00f1a&#8217; se va al hospital: Benalm\u00e1dena retira su popular estatua para restaurarla"},"content":{"rendered":"<p>Es, sin duda, uno de los grandes s\u00edmbolos de la localidad, hasta el punto que desde enero de 2024 es la imagen visual corporativa del  &#8230; Ayuntamiento, pero en unos d\u00edas dejar\u00e1 de poder verse en esa plaza en la que se coloc\u00f3 en 1968, que se llama Espa\u00f1a pero que los benalmadenses bautizaron como la plaza de La Ni\u00f1a. La obra, una escultura de bronce de 125 cent\u00edmetros de alto y 85 de ancho firmada por Jaime Fern\u00e1ndez Pimentel (M\u00e1laga, 1933), autor del Cenachero de la capital, ser\u00e1 sometida a \u00abun proceso de restauraci\u00f3n\u00bb ante el \u00abvisible deterioro\u00bb sufrido ante las inclemencias meteorol\u00f3gicas y, \u00absalvo imprevistos\u00bb, no volver\u00e1 al centro de Benalm\u00e1dena Pueblo hasta mediados de diciembre, seg\u00fan ha anunciado el Consistorio. <\/p>\n<p class=\"v-p\">La \u00faltima vez que se restaur\u00f3 &#8216;La Ni\u00f1a&#8217; fue a finales de los a\u00f1os 90 del siglo pasado en Marbella y la siguiente se producir\u00e1 \u00aben los pr\u00f3ximos d\u00edas\u00bb, seg\u00fan la informaci\u00f3n ofrecida por el Ayuntamiento. El proceso de restauraci\u00f3n ser\u00e1 realizado por Chapitel, la empresa que restaur\u00f3 en la capital malague\u00f1a el monumento al Marqu\u00e9s de Larios y la fuente de Las Tres Gracias, y se ejecutar\u00e1 en tres fases: an\u00e1lisis previo, tratamiento de limpieza y tratamiento est\u00e9tico.<\/p>\n<p>\nLa restauraci\u00f3n se ejecutar\u00e1 en tres fases, y en la etapa final se aplicar\u00e1 a la escultura una capa de protecci\u00f3n con cera y pigmento\n<\/p>\n<p class=\"v-p\">En la primera etapa se realizar\u00e1 \u00abun estudio organol\u00e9ptico y documentaci\u00f3n del estado de conservaci\u00f3n de la obra\u00bb; en la segunda se llevar\u00e1 a cabo \u00abuna limpieza qu\u00edmica superficial y mec\u00e1nica\u00bb para eliminar las concreciones calc\u00e1reas y manchas org\u00e1nicas, y en la tercera fase se aplicar\u00e1 una capa de protecci\u00f3n final con cera y pigmento, seg\u00fan ha detallado el Ayuntamiento.<\/p>\n<p>Supervisi\u00f3n y recomendaciones<\/p>\n<p class=\"v-p\">El proceso, al que ha dado su visto bueno el artista, ser\u00e1 supervisado por un t\u00e9cnico especializado en conservaci\u00f3n y restauraci\u00f3n de bienes culturales, y durante su desarrollo se documentar\u00e1 toda la intervenci\u00f3n y el resultado final de la misma. Adem\u00e1s, se ha planteado una memoria del proyecto de limpieza y restauraci\u00f3n con recomendaciones para la conservaci\u00f3n futura de una obra que es parte esencial del municipio.<\/p>\n<p><img decoding=\"async\" loading=\"lazy\" src=\"https:\/\/www.europesays.com\/es\/wp-content\/uploads\/2025\/11\/Cara-U34028714570uan-650x455@Diario Sur.JPG\" class=\"v-a-img\" width=\"650\" height=\"455\" alt=\"La escultura, visiblemente deteriorada, luce en una fuente en la plaza de Espa\u00f1a de Benalm\u00e1dena Pueblo.\" data-voc-vtm-id=\"in-text-traffic\"\/><\/p>\n<p>La escultura, visiblemente deteriorada, luce en una fuente en la plaza de Espa\u00f1a de Benalm\u00e1dena Pueblo.<\/p>\n<p>SUR<\/p>\n<p><img loading=\"lazy\" decoding=\"async\" src=\"https:\/\/www.europesays.com\/es\/wp-content\/uploads\/2025\/11\/Fuente-U81747823431qdc-1920x1344@Diario Sur.JPG\" class=\"v-mdl__img-z\" width=\"1920\" height=\"1344\" alt=\"\"\/><\/p>\n<p class=\"v-p\">La obra, instalada en un fuente de m\u00e1rmol en la plaza de Espa\u00f1a de Benalm\u00e1dena Pueblo, representa a una ni\u00f1a de sonrisa inocente y pelo recogido que ofrece, con los brazos extendidos, agua en una concha, y simboliza el car\u00e1cter abierto y hospitalario del municipio. Fue un encargo del entonces alcalde, Enrique Bol\u00edn, y Pimentel reflej\u00f3 la abundante presencia de ni\u00f1os en la Costa del Sol como consecuencia del \u00e9xodo masivo de habitantes de pueblos del interior ante la explosi\u00f3n tur\u00edstica.<\/p>\n","protected":false},"excerpt":{"rendered":"Es, sin duda, uno de los grandes s\u00edmbolos de la localidad, hasta el punto que desde enero de&hellip;\n","protected":false},"author":2,"featured_media":242360,"comment_status":"","ping_status":"","sticky":false,"template":"","format":"standard","meta":{"footnotes":""},"categories":[173],"tags":[229,233,231,230,17784,232,234,146,147,25,24,2141,3345,1388,7108,62300,15896,23],"class_list":{"0":"post-242359","1":"post","2":"type-post","3":"status-publish","4":"format-standard","5":"has-post-thumbnail","7":"category-arte-y-diseno","8":"tag-arte","9":"tag-arte-y-diseno","10":"tag-arts","11":"tag-arts-and-design","12":"tag-benalmadena","13":"tag-design","14":"tag-diseno","15":"tag-entertainment","16":"tag-entretenimiento","17":"tag-es","18":"tag-espana","19":"tag-estatua","20":"tag-hospital","21":"tag-nina","22":"tag-popular","23":"tag-restaurarla","24":"tag-retira","25":"tag-spain"},"share_on_mastodon":{"url":"https:\/\/pubeurope.com\/@es\/115569631226572370","error":""},"_links":{"self":[{"href":"https:\/\/www.europesays.com\/es\/wp-json\/wp\/v2\/posts\/242359","targetHints":{"allow":["GET"]}}],"collection":[{"href":"https:\/\/www.europesays.com\/es\/wp-json\/wp\/v2\/posts"}],"about":[{"href":"https:\/\/www.europesays.com\/es\/wp-json\/wp\/v2\/types\/post"}],"author":[{"embeddable":true,"href":"https:\/\/www.europesays.com\/es\/wp-json\/wp\/v2\/users\/2"}],"replies":[{"embeddable":true,"href":"https:\/\/www.europesays.com\/es\/wp-json\/wp\/v2\/comments?post=242359"}],"version-history":[{"count":0,"href":"https:\/\/www.europesays.com\/es\/wp-json\/wp\/v2\/posts\/242359\/revisions"}],"wp:featuredmedia":[{"embeddable":true,"href":"https:\/\/www.europesays.com\/es\/wp-json\/wp\/v2\/media\/242360"}],"wp:attachment":[{"href":"https:\/\/www.europesays.com\/es\/wp-json\/wp\/v2\/media?parent=242359"}],"wp:term":[{"taxonomy":"category","embeddable":true,"href":"https:\/\/www.europesays.com\/es\/wp-json\/wp\/v2\/categories?post=242359"},{"taxonomy":"post_tag","embeddable":true,"href":"https:\/\/www.europesays.com\/es\/wp-json\/wp\/v2\/tags?post=242359"}],"curies":[{"name":"wp","href":"https:\/\/api.w.org\/{rel}","templated":true}]}}