{"id":242361,"date":"2025-11-18T07:57:09","date_gmt":"2025-11-18T07:57:09","guid":{"rendered":"https:\/\/www.europesays.com\/es\/242361\/"},"modified":"2025-11-18T07:57:09","modified_gmt":"2025-11-18T07:57:09","slug":"la-decepcion-de-laura-con-su-cita-en-first-dates-mierda-es-calvo","status":"publish","type":"post","link":"https:\/\/www.europesays.com\/es\/242361\/","title":{"rendered":"La decepci\u00f3n de Laura con su cita en &#8216;First Dates&#8217;: \u00ab\u00a1Mierda, es calvo!\u00bb"},"content":{"rendered":"<p class=\"c-paragraph\">\u00ab<b>Soy un enamorado de la monta\u00f1a<\/b>, me encanta hacer rutas, ver nieve, subir picos&#8230; compartir eso con alguien especial es lo que me llama, me apetece y me motiva\u00bb, afirm\u00f3 Justo este lunes en <a href=\"https:\/\/www.20minutos.es\/tags\/instituciones-empresas\/first-dates.html\" title=\"First dates\" rel=\"nofollow noopener\" target=\"_blank\">First Dates<\/a>.<\/p>\n<p class=\"c-paragraph\">El comensal explic\u00f3 que <b>prefer\u00eda que le llamaran Rotty<\/b>: \u00abEse nombre viene de los perros que tengo y porque fui criador de rottweiler durante cuatro a\u00f1os\u00bb, le dijo a\u00a0<a href=\"https:\/\/www.20minutos.es\/tags\/personas\/carlos-sobera.html\" title=\"Carlos Sobera\" rel=\"nofollow noopener\" target=\"_blank\">Carlos Sobera<\/a>.<\/p>\n<p class=\"c-paragraph\">El presentador le pidi\u00f3 que se definiera en el amor: <b>\u00abSoy una persona muy rom\u00e1ntica<\/b>, cari\u00f1oso, fiel&#8230; soy m\u00e1s tirando a cl\u00e1sico que a tanta modernidad\u00bb.<\/p>\n<p class=\"c-paragraph\">Su cita fue Laura: \u00ab<b>El autoconocimiento me ha cambiado la vida<\/b> porque nos ense\u00f1an a ser de una manera y no tenemos por qu\u00e9 serlo. Tienes que demostrar que t\u00fa eres t\u00fa\u00bb, afirm\u00f3 la pucelana.<\/p>\n<p class=\"c-paragraph\">Nada m\u00e1s ver a Rotty, la comensal exclam\u00f3 decepcionada: \u00ab\u00a1Mierda, es calvo! No es que no me gusten, pero es que <b>prefiero a los hombres con pelo<\/b>\u00ab.<\/p>\n<p class=\"c-paragraph\">\u00c9l tambi\u00e9n admiti\u00f3 que \u00ab<b>de primeras, no me ha encajado f\u00edsicamente<\/b>, pero es verdad que me he fijado un poco m\u00e1s en ella y s\u00ed ten\u00eda ese punto que me gustaba\u00bb.<\/p>\n<p class=\"c-paragraph\">Ambos pasaron a la mesa para conocerse un poco m\u00e1s, y la cena la comenzaron <b>hablando de sus respectivos trabajos<\/b>: \u00abEstoy haciendo un M\u00e1ster de hipnosis cl\u00ednica\u00bb, le dijo Laura.\u00a0<\/p>\n<p class=\"c-paragraph\">\u00ab\u00a1No me hipnotices!\u00bb, le contest\u00f3 Rotty, que a\u00f1adi\u00f3 entre risas:\u00a0<b>\u00abMe acojona que me hipnotice\u00bb<\/b>. Durante la cena tambi\u00e9n hablaron de sus lugares de procedencia y de sus aficiones.<\/p>\n<p class=\"c-paragraph\">Al final, el madrile\u00f1o afincado en La Coru\u00f1a s\u00ed que quiso tener una segunda cita con Laura porque \u00abquiero conocerla m\u00e1s\u00bb. La pucelana, por su parte, tambi\u00e9n quiso volver a quedar: <b>\u00abMe ha parecido una persona muy interesante\u00bb<\/b>.<\/p>\n","protected":false},"excerpt":{"rendered":"\u00abSoy un enamorado de la monta\u00f1a, me encanta hacer rutas, ver nieve, subir picos&#8230; compartir eso con alguien&hellip;\n","protected":false},"author":2,"featured_media":242362,"comment_status":"","ping_status":"","sticky":false,"template":"","format":"standard","meta":{"footnotes":""},"categories":[171],"tags":[7716,24171,17172,146,147,25,24,3459,23,3271,214],"class_list":{"0":"post-242361","1":"post","2":"type-post","3":"status-publish","4":"format-standard","5":"has-post-thumbnail","7":"category-tv","8":"tag-cita","9":"tag-con","10":"tag-decepcion","11":"tag-entertainment","12":"tag-entretenimiento","13":"tag-es","14":"tag-espana","15":"tag-laura","16":"tag-spain","17":"tag-su","18":"tag-tv"},"share_on_mastodon":{"url":"https:\/\/pubeurope.com\/@es\/115569638949747334","error":""},"_links":{"self":[{"href":"https:\/\/www.europesays.com\/es\/wp-json\/wp\/v2\/posts\/242361","targetHints":{"allow":["GET"]}}],"collection":[{"href":"https:\/\/www.europesays.com\/es\/wp-json\/wp\/v2\/posts"}],"about":[{"href":"https:\/\/www.europesays.com\/es\/wp-json\/wp\/v2\/types\/post"}],"author":[{"embeddable":true,"href":"https:\/\/www.europesays.com\/es\/wp-json\/wp\/v2\/users\/2"}],"replies":[{"embeddable":true,"href":"https:\/\/www.europesays.com\/es\/wp-json\/wp\/v2\/comments?post=242361"}],"version-history":[{"count":0,"href":"https:\/\/www.europesays.com\/es\/wp-json\/wp\/v2\/posts\/242361\/revisions"}],"wp:featuredmedia":[{"embeddable":true,"href":"https:\/\/www.europesays.com\/es\/wp-json\/wp\/v2\/media\/242362"}],"wp:attachment":[{"href":"https:\/\/www.europesays.com\/es\/wp-json\/wp\/v2\/media?parent=242361"}],"wp:term":[{"taxonomy":"category","embeddable":true,"href":"https:\/\/www.europesays.com\/es\/wp-json\/wp\/v2\/categories?post=242361"},{"taxonomy":"post_tag","embeddable":true,"href":"https:\/\/www.europesays.com\/es\/wp-json\/wp\/v2\/tags?post=242361"}],"curies":[{"name":"wp","href":"https:\/\/api.w.org\/{rel}","templated":true}]}}