{"id":242405,"date":"2025-11-18T08:30:14","date_gmt":"2025-11-18T08:30:14","guid":{"rendered":"https:\/\/www.europesays.com\/es\/242405\/"},"modified":"2025-11-18T08:30:14","modified_gmt":"2025-11-18T08:30:14","slug":"paula-badosa-sorprende-a-broncano-en-la-revuelta-con-un-emotivo-regalo-vaya-foto","status":"publish","type":"post","link":"https:\/\/www.europesays.com\/es\/242405\/","title":{"rendered":"Paula Badosa sorprende a Broncano en &#8216;La Revuelta&#8217; con un emotivo regalo: \u00abVaya foto\u00bb"},"content":{"rendered":"<p class=\"c-paragraph\"><a href=\"https:\/\/www.20minutos.es\/tags\/temas\/la-revuelta.html\" title=\"La Revuelta\" rel=\"nofollow noopener\" target=\"_blank\">La Revuelta<\/a> ha contado este lunes con <b>la visita de <a href=\"https:\/\/www.20minutos.es\/tags\/personas\/paula-badosa.html\" title=\"Paula Badosa\" rel=\"nofollow noopener\" target=\"_blank\">Paula Badosa<\/a>. <\/b>La tenista, que est\u00e1 de baja hasta 2026 por una lesi\u00f3n de la que se est\u00e1 recuperando, ha acudido al programa de <a href=\"https:\/\/www.20minutos.es\/tags\/personas\/broncano.html\" title=\"David Broncano\" rel=\"nofollow noopener\" target=\"_blank\">David Broncano<\/a> y le ha llevado unos regalos muy especiales y significativos.<\/p>\n<p class=\"c-paragraph\">En primer lugar, la deportista le ha entregado unas deportivas personalizadas. \u00ab<b>Me duelen un poco los ojos siempre que veo el programa<\/b> y veo las que llevas, aunque hoy vas bien\u00bb, apunt\u00f3 ella en una primera instancia.\u00a0<\/p>\n<p class=\"c-paragraph\">\u00abBueno, hoy no he arriesgado, voy neutro, por si acaso\u00bb, le respondi\u00f3 el presentador. Tras ello, Badosa sac\u00f3 las deportivas y le advirti\u00f3 a Broncano del mensaje que hab\u00eda en el interior de las leng\u00fcetas: \u00abCuando te las atas podr\u00e1s leer: puto amo\u00bb. \u00ab<b>Lo que me faltaba, yo no puedo tener esto\u00bb<\/b>, dijo \u00e9l entre risas a la vez que le agradec\u00eda el regalo a la que fuera su pareja en el a\u00f1o 2020.<\/p>\n<p class=\"c-paragraph\">Tras este primer obsequio, la tenista le dio el siguiente. \u00abEl otro d\u00eda vi el programa de Rosal\u00eda y <b>te estabas tirando el rollo de que hab\u00edas entrenado a una tenista profesional\u00bb<\/b>, aleg\u00f3. \u00abNo dije nombres, pero&#8230;\u00bb, le reproch\u00f3 Broncano.<\/p>\n<p class=\"c-paragraph\">\u00abBueno, como te tiraste el rollo de que me hab\u00edas entrenado, <b>que quede claro que s\u00ed<\/b>\u00ab, reconoci\u00f3 Badosa mientras sacaba de la bolsa una fotograf\u00eda enmarcada de los dos juntos jugando al tenis.<\/p>\n<p class=\"c-paragraph\">\u00abVaya foto. Mirad, aqu\u00ed, <b>Paula practicando unos saques, yo explic\u00e1ndole c\u00f3mo se saca&#8230;<\/b>\u00ab, dijo Broncano, que a\u00f1adi\u00f3: \u00abEs verdad que cuando te conoc\u00ed estabas la 90 y pico y ahora eres una tenista muy prometedora\u00bb. \u00abLa n\u00famero dos\u00bb, matiz\u00f3 ella. \u00abY gracias al coaching&#8230; yo no s\u00e9 qu\u00e9 decirte\u00bb, concluy\u00f3 Broncano, atribuy\u00e9ndose de broma el m\u00e9rito.<\/p>\n","protected":false},"excerpt":{"rendered":"La Revuelta ha contado este lunes con la visita de Paula Badosa. La tenista, que est\u00e1 de baja&hellip;\n","protected":false},"author":2,"featured_media":242406,"comment_status":"","ping_status":"","sticky":false,"template":"","format":"standard","meta":{"footnotes":""},"categories":[5],"tags":[17,18,9029,25,24,13,14,11,6870,29956,19,20,9,10,15,16,9408,518,23,12,21,22],"class_list":{"0":"post-242405","1":"post","2":"type-post","3":"status-publish","4":"format-standard","5":"has-post-thumbnail","7":"category-titulares","8":"tag-breaking-news","9":"tag-breakingnews","10":"tag-david-broncano","11":"tag-es","12":"tag-espana","13":"tag-featured-news","14":"tag-featurednews","15":"tag-headlines","16":"tag-la-1","17":"tag-la-revuelta","18":"tag-latest-news","19":"tag-latestnews","20":"tag-news","21":"tag-noticias","22":"tag-noticias-destacadas","23":"tag-noticiasdestacadas","24":"tag-paula-badosa","25":"tag-rtve","26":"tag-spain","27":"tag-titulares","28":"tag-ultimas-noticias","29":"tag-ultimasnoticias"},"share_on_mastodon":{"url":"https:\/\/pubeurope.com\/@es\/115569768745321836","error":""},"_links":{"self":[{"href":"https:\/\/www.europesays.com\/es\/wp-json\/wp\/v2\/posts\/242405","targetHints":{"allow":["GET"]}}],"collection":[{"href":"https:\/\/www.europesays.com\/es\/wp-json\/wp\/v2\/posts"}],"about":[{"href":"https:\/\/www.europesays.com\/es\/wp-json\/wp\/v2\/types\/post"}],"author":[{"embeddable":true,"href":"https:\/\/www.europesays.com\/es\/wp-json\/wp\/v2\/users\/2"}],"replies":[{"embeddable":true,"href":"https:\/\/www.europesays.com\/es\/wp-json\/wp\/v2\/comments?post=242405"}],"version-history":[{"count":0,"href":"https:\/\/www.europesays.com\/es\/wp-json\/wp\/v2\/posts\/242405\/revisions"}],"wp:featuredmedia":[{"embeddable":true,"href":"https:\/\/www.europesays.com\/es\/wp-json\/wp\/v2\/media\/242406"}],"wp:attachment":[{"href":"https:\/\/www.europesays.com\/es\/wp-json\/wp\/v2\/media?parent=242405"}],"wp:term":[{"taxonomy":"category","embeddable":true,"href":"https:\/\/www.europesays.com\/es\/wp-json\/wp\/v2\/categories?post=242405"},{"taxonomy":"post_tag","embeddable":true,"href":"https:\/\/www.europesays.com\/es\/wp-json\/wp\/v2\/tags?post=242405"}],"curies":[{"name":"wp","href":"https:\/\/api.w.org\/{rel}","templated":true}]}}