{"id":242413,"date":"2025-11-18T08:39:11","date_gmt":"2025-11-18T08:39:11","guid":{"rendered":"https:\/\/www.europesays.com\/es\/242413\/"},"modified":"2025-11-18T08:39:11","modified_gmt":"2025-11-18T08:39:11","slug":"montella-vuelve-a-sevilla-expresando-su-rencor-hacia-nervion-sufri-una-injusticia","status":"publish","type":"post","link":"https:\/\/www.europesays.com\/es\/242413\/","title":{"rendered":"Montella vuelve a Sevilla expresando su rencor hacia Nervi\u00f3n: \u00abSufr\u00ed una injusticia\u00bb"},"content":{"rendered":"<p class=\"parrafo\">La memoria suele ser bastante selectiva y eso le ha debido suceder a <strong>Vincenzo Montella<\/strong>. El actual seleccionador de Turqu\u00eda visitar\u00e1 este martes el Estadio de La Cartuja para enfrentarse a Espa\u00f1a en la \u00faltima jornada de la Fase de Clasificaci\u00f3n para el Mundial 2026. Ser\u00e1 el regreso del t\u00e9cnico italiano a la capital de Andaluc\u00eda siete a\u00f1os despu\u00e9s de pasar <strong>cinco meses como entrenador del<\/strong> <strong>Sevilla FC<\/strong>. Lleg\u00f3 a finales de diciembre de 2017 para suplir al destituido Eduardo Berizzo y ni siquiera pudo acabar la temporada, ya que en abril en 2018 tambi\u00e9n acabar\u00eda siendo despedido y fue Joaqu\u00edn Caparr\u00f3s el encargado de terminar una temporada hist\u00f3rica para el club de Nervi\u00f3n. De ah\u00ed que Montella haya desvelado que <strong>a\u00fan guarda algo de rencor porque en esa 2017\/2018 vivi\u00f3 la mayor injusticia de su carrera<\/strong>. <\/p>\n<p>El agridulce recuerdo que Montella guarda del Sevilla FC <\/p>\n<p class=\"parrafo\">El techo hist\u00f3rico del Sevilla FC en la <strong>UEFA Champions League<\/strong> est\u00e1 en los cuartos de final que jug\u00f3 en esa 17\/18 de la mano de Montella, tras superar la ronda de octavos contra el Manchester United tras un 0-0 en la ida en el Ram\u00f3n S\u00e1nchez-Pizju\u00e1n y con <strong>un 1-2 en Old Trafford gracias a la remontada obrada con un doblete de Wissam Ben Yedder<\/strong> saliendo desde el banquillo. Al de Pomigliano d&#8217;Arco tambi\u00e9n se le dieron bien las eliminatorias <strong>en la Copa del Rey, donde accedi\u00f3 hasta la final despu\u00e9s de eliminar al C\u00e1diz CF (0-2 y 2-1), al Atl\u00e9tico de Madrid (1-2 y 3-1) y al CD Legan\u00e9s (1-1 y 2-0)<\/strong>. <\/p>\n<p class=\"parrafo\">Sin embargo desde la proeza en M\u00e1nchester hasta el 0-5 ante el FC Barcelona en la final encaden\u00f3 ocho partidos seguidos sin ganar. Al noveno consecutivo (cinco derrotas y cuatro empates) se anunci\u00f3 su cese en la jornada 35.<strong> En LaLiga s\u00f3lo gan\u00f3 cinco jornadas de 17, con cuatro igualadas y ocho citas perdidas<\/strong>. El equipo acab\u00f3 en el s\u00e9ptimo puesto de la clasificaci\u00f3n con Joaqu\u00edn Caparr\u00f3s.<\/p>\n<p><img decoding=\"async\" src=\"https:\/\/www.europesays.com\/es\/wp-content\/uploads\/2025\/11\/0d9eb01b-d1de-4fa4-b2fe-0f73e73156b1_800x533.jpeg\" loading=\"lazy\"\/><\/p>\n<p class=\"parrafo\">\u00ab<strong>Fueron cinco meses muy bellos, pero creo que aqu\u00ed sufr\u00ed una injustica como nunca me ha pasado<\/strong>. Es verdad que perdimos la final de la Copa de manera rotunda, ante el Barcelona de Messi, Su\u00e1rez&#8230; Pero tambi\u00e9n revalorizamos a jugadores como Correa, Muriel, Lenglet&#8230; Eliminamos al Manchester United en la Champions, en la Copa dejamos fuera al Atl\u00e9tico de Madrid. A pesar de esa injusticia, mi recuerdo es bello, muy positivo\u00bb, ha precisado Montella en la rueda de prensa que ha ofrecido en La Cartuja antes del \u00faltimo entrenamiento de Turqu\u00eda previo al duelo con Espa\u00f1a. <\/p>\n<p>Montella se queja tambi\u00e9n del m\u00e9todo de clasificaci\u00f3n para el Mundial en la zona UEFA   <\/p>\n<p class=\"parrafo\">La de su despido en el Sevilla FC no fue la \u00fanica queja que ha expresado Montella, que tendr\u00eda que ganar a Espa\u00f1a por siete goles de diferencia para ir al Mundial. \u00abLo que dijo Gatusso lo hab\u00eda pensando yo antes. <strong>En Sudam\u00e9rica es m\u00e1s f\u00e1cil clasificarse que no hacerlo; aqu\u00ed, nosotros para ir directos al Mundial tenemos que  quedar por delante de la mejor del mundo<\/strong>. Creo que se debe ir hacia un modelo de clasificaci\u00f3n similar al actual de la Champions\u00bb, ha opinado. <\/p>\n<p><img decoding=\"async\" src=\"https:\/\/www.europesays.com\/es\/wp-content\/uploads\/2025\/11\/0c887318-54df-453b-bc3d-c497d8ecdd6e_599x572.jpeg\" loading=\"lazy\"\/><\/p>\n<p class=\"parrafo\">\u00abQue Espa\u00f1a es la mejor lo dicen sus resultados y su juego. Que gane o no es otra cosa, pero se la va a jugar con Brasil, Francia, Argentina, Portugal&#8230; Espa\u00f1a tiene 30 o 35 jugadores de primer nivel\u00bb. \u00ab<strong>No hay emoci\u00f3n m\u00e1s grande que jugar ante los mejores del mundo. No entiendo que nadie puede salir a un partido as\u00ed sin la adrenalina alta<\/strong>. Nos vamos a medir, y a vivir lo que en la Nations League nos hemos ganado con el ascenso a la Liga A. Nuestra idea es ganar en un partido que es distinto a otros\u00bb, ha concluido.<\/p>\n","protected":false},"excerpt":{"rendered":"La memoria suele ser bastante selectiva y eso le ha debido suceder a Vincenzo Montella. El actual seleccionador&hellip;\n","protected":false},"author":2,"featured_media":242414,"comment_status":"","ping_status":"","sticky":false,"template":"","format":"standard","meta":{"footnotes":""},"categories":[268],"tags":[168,25,24,284,280,282,1945,19022,2993,281,23,167,62304],"class_list":{"0":"post-242413","1":"post","2":"type-post","3":"status-publish","4":"format-standard","5":"has-post-thumbnail","7":"category-futbol","8":"tag-deportes","9":"tag-es","10":"tag-espana","11":"tag-estadio-deportivo","12":"tag-football","13":"tag-futbol","14":"tag-primera-division","15":"tag-selecciones","16":"tag-sevilla-futbol-club","17":"tag-soccer","18":"tag-spain","19":"tag-sports","20":"tag-vincenzo-montella"},"share_on_mastodon":{"url":"https:\/\/pubeurope.com\/@es\/115569804641002918","error":""},"_links":{"self":[{"href":"https:\/\/www.europesays.com\/es\/wp-json\/wp\/v2\/posts\/242413","targetHints":{"allow":["GET"]}}],"collection":[{"href":"https:\/\/www.europesays.com\/es\/wp-json\/wp\/v2\/posts"}],"about":[{"href":"https:\/\/www.europesays.com\/es\/wp-json\/wp\/v2\/types\/post"}],"author":[{"embeddable":true,"href":"https:\/\/www.europesays.com\/es\/wp-json\/wp\/v2\/users\/2"}],"replies":[{"embeddable":true,"href":"https:\/\/www.europesays.com\/es\/wp-json\/wp\/v2\/comments?post=242413"}],"version-history":[{"count":0,"href":"https:\/\/www.europesays.com\/es\/wp-json\/wp\/v2\/posts\/242413\/revisions"}],"wp:featuredmedia":[{"embeddable":true,"href":"https:\/\/www.europesays.com\/es\/wp-json\/wp\/v2\/media\/242414"}],"wp:attachment":[{"href":"https:\/\/www.europesays.com\/es\/wp-json\/wp\/v2\/media?parent=242413"}],"wp:term":[{"taxonomy":"category","embeddable":true,"href":"https:\/\/www.europesays.com\/es\/wp-json\/wp\/v2\/categories?post=242413"},{"taxonomy":"post_tag","embeddable":true,"href":"https:\/\/www.europesays.com\/es\/wp-json\/wp\/v2\/tags?post=242413"}],"curies":[{"name":"wp","href":"https:\/\/api.w.org\/{rel}","templated":true}]}}