{"id":242417,"date":"2025-11-18T08:41:12","date_gmt":"2025-11-18T08:41:12","guid":{"rendered":"https:\/\/www.europesays.com\/es\/242417\/"},"modified":"2025-11-18T08:41:12","modified_gmt":"2025-11-18T08:41:12","slug":"dos-belgas-burlan-la-seguridad-del-louvre-y-cuelgan-un-cuadro-suyo-en-la-sala-de-la-gioconda","status":"publish","type":"post","link":"https:\/\/www.europesays.com\/es\/242417\/","title":{"rendered":"Dos belgas burlan la seguridad del Louvre y cuelgan un cuadro suyo en la sala de La Gioconda"},"content":{"rendered":"<p class=\"paragraph\">Dos j\u00f3venes belgas lograron burlar la seguridad del Louvre y c<b>olgaron un cuadro con una foto de ambos en la sala en la que se expone La Gioconda<\/b> de Leonardo Da Vinci, informaron este lunes medios franceses.<\/p>\n<p class=\"paragraph\">Los j\u00f3venes <b>tiktokeros belgas Nick y Senne,<\/b> conocidos en las redes sociales de su pa\u00eds por sus bromas, lograron burlar la seguridad del museo m\u00e1s famoso del mundo y colgaron un marco con una foto de los dos en la pared, cerca de la Mona Lisa,<b> desvelaron hoy varios medios que mostraron el v\u00eddeo publicado por los belgas en Instagram el viernes pasado.<\/b><\/p>\n<p class=\"paragraph\">En sus redes sociales detallaron su plan, indicando los pasos que siguieron para llevar a cabo su acci\u00f3n,<b> en un museo donde las medidas para proteger las obras se han reforzado dr\u00e1sticamente<\/b> desde que el pasado 19 de octubre un comando de cuatro ladrones rob\u00f3 a plena luz del d\u00eda joyas de la Corona de Francia, de un valor patrimonial incalculable.<\/p>\n<p>        <img decoding=\"async\" loading=\"lazy\" width=\"640\" alt=\"Nick y Senne colgaron el cuadro en el museo franc\u00e9s\" height=\"464\" src=\"https:\/\/imagenes.heraldo.es\/files\/image_640_auto\/uploads\/imagenes\/2025\/11\/18\/nick-y-senne-colgaron-el-cuadro-en-el-museo-frances.jpeg\" data-full-src=\"https:\/\/www.europesays.com\/es\/wp-content\/uploads\/2025\/11\/nick-y-senne-colgaron-el-cuadro-en-el-museo-frances.jpeg\"\/><\/p>\n<p>    Nick y Senne colgaron el cuadro en el museo franc\u00e9sH. A.<\/p>\n<p class=\"paragraph\">Para poder introducir su cuadro, los j\u00f3venes<b> llevaron el marco compuesto de piezas de Lego desmontado y la l\u00e1mina con la foto enrollada,<\/b> de manera que montaron su particular \u00abobra de arte\u00bb dentro del museo y<b> lo pegaron en la pared y sin esperar a que los vigilantes descubriesen su acci\u00f3n abandonaron la sala.<\/b><\/p>\n<p class=\"paragraph\">Entraron una hora antes del cierre del museo y colgaron el lienzo a toda prisa. Como era imposible ponerlo en la pared junto a la Mona Lisa porque<b> \u00abhab\u00eda demasiados guardias\u00bb<\/b>, lo colocaron a unos metros de distancia \u00aben la misma sala\u00bb, explican en el v\u00eddeo en el que se ve c\u00f3mo efect\u00faan toda la operaci\u00f3n.<\/p>\n<p class=\"paragraph\"><b>\u00abSab\u00edamos que era arriesgado. Una vez colgada la obra, nos marchamos inmediatamente. No quer\u00edamos provocar a la seguridad ni esperar su reacci\u00f3n\u00bb, <\/b>explicaron los belgas que ya hab\u00edan llevado a cabo con \u00e9xito una operaci\u00f3n similar en el Museo de Bellas Artes de Gante (B\u00e9lgica).<\/p>\n<p class=\"paragraph\">Los medios franceses se hicieron eco de esta acci\u00f3n el mismo d\u00eda en que el Museo del Louvre<b> anunci\u00f3 el cierre de un espacio de oficinas<\/b> y, por precauci\u00f3n, de una galer\u00eda de antig\u00fcedades griegas que se encuentra debajo, tras haber detectado problemas de fragilidad en algunas de las vigas de esa zona del edificio.<\/p>\n<p class=\"paragraph\">En concreto se trata de uno de los espacios del denominado cuadril\u00e1tero Sully, que se encuentra en la zona este del enorme complejo, rodeando el denominado Patio Cuadrado (Cour Carr\u00e9e).<\/p>\n<p class=\"paragraph\">En consecuencia, e<b>l Louvre ha reubicado a los trabajadores que ocupaban las oficinas afectadas <\/b>y cerrado al p\u00fablico la denominada galer\u00eda Campana, que se encuentra en la primera planta del ala afectada, mientras se estudia el origen de estos problemas.<\/p>\n<p class=\"paragraph\">El museo se encuentra en el ojo del hurac\u00e1n por sus problemas estructurales y sus deficiencias de seguridad desde el pasado 19 de octubre, cuando sufri\u00f3 el robo de varias joyas de la Corona francesa, que no han podido ser recuperadas a\u00fan.\u00a0<\/p>\n","protected":false},"excerpt":{"rendered":"Dos j\u00f3venes belgas lograron burlar la seguridad del Louvre y colgaron un cuadro con una foto de ambos&hellip;\n","protected":false},"author":2,"featured_media":242418,"comment_status":"","ping_status":"","sticky":false,"template":"","format":"standard","meta":{"footnotes":""},"categories":[173],"tags":[229,233,231,230,5835,232,234,146,147,25,24,62306,9212,470,4759,585,23,62307],"class_list":{"0":"post-242417","1":"post","2":"type-post","3":"status-publish","4":"format-standard","5":"has-post-thumbnail","7":"category-arte-y-diseno","8":"tag-arte","9":"tag-arte-y-diseno","10":"tag-arts","11":"tag-arts-and-design","12":"tag-cuadro","13":"tag-design","14":"tag-diseno","15":"tag-entertainment","16":"tag-entretenimiento","17":"tag-es","18":"tag-espana","19":"tag-la-gioconda","20":"tag-louvre","21":"tag-museo","22":"tag-paris","23":"tag-seguridad","24":"tag-spain","25":"tag-tiktokers-belgas"},"share_on_mastodon":{"url":"https:\/\/pubeurope.com\/@es\/115569812047940356","error":""},"_links":{"self":[{"href":"https:\/\/www.europesays.com\/es\/wp-json\/wp\/v2\/posts\/242417","targetHints":{"allow":["GET"]}}],"collection":[{"href":"https:\/\/www.europesays.com\/es\/wp-json\/wp\/v2\/posts"}],"about":[{"href":"https:\/\/www.europesays.com\/es\/wp-json\/wp\/v2\/types\/post"}],"author":[{"embeddable":true,"href":"https:\/\/www.europesays.com\/es\/wp-json\/wp\/v2\/users\/2"}],"replies":[{"embeddable":true,"href":"https:\/\/www.europesays.com\/es\/wp-json\/wp\/v2\/comments?post=242417"}],"version-history":[{"count":0,"href":"https:\/\/www.europesays.com\/es\/wp-json\/wp\/v2\/posts\/242417\/revisions"}],"wp:featuredmedia":[{"embeddable":true,"href":"https:\/\/www.europesays.com\/es\/wp-json\/wp\/v2\/media\/242418"}],"wp:attachment":[{"href":"https:\/\/www.europesays.com\/es\/wp-json\/wp\/v2\/media?parent=242417"}],"wp:term":[{"taxonomy":"category","embeddable":true,"href":"https:\/\/www.europesays.com\/es\/wp-json\/wp\/v2\/categories?post=242417"},{"taxonomy":"post_tag","embeddable":true,"href":"https:\/\/www.europesays.com\/es\/wp-json\/wp\/v2\/tags?post=242417"}],"curies":[{"name":"wp","href":"https:\/\/api.w.org\/{rel}","templated":true}]}}