{"id":242427,"date":"2025-11-18T08:49:11","date_gmt":"2025-11-18T08:49:11","guid":{"rendered":"https:\/\/www.europesays.com\/es\/242427\/"},"modified":"2025-11-18T08:49:11","modified_gmt":"2025-11-18T08:49:11","slug":"los-fire-tv-stick-de-amazon-no-sufriran-uno-de-sus-cambios-mas-temidos","status":"publish","type":"post","link":"https:\/\/www.europesays.com\/es\/242427\/","title":{"rendered":"Los Fire TV Stick de Amazon no sufrir\u00e1n uno de sus cambios m\u00e1s temidos"},"content":{"rendered":"<p>Cambio de planes en las oficinas de Amazon. La empresa ha anunciado que la estrategia para sus Fire TV Stick no ser\u00e1 tal y como se hab\u00eda planteado en las \u00faltimas semanas. <strong>Uno de los cambios m\u00e1s temidos<\/strong> no se aplicar\u00e1 en su totalidad.<\/p>\n<p>La comunidad de usuarios de los Fire TV Stick mira atentamente a Amazon desde hace semanas. Cuando <a href=\"https:\/\/www.adslzone.net\/noticias\/tecnologia\/que-es-vega-os-diferencias-sistema-fire-tv\/\" target=\"_blank\" rel=\"noopener noreferrer nofollow\">la empresa present\u00f3 Vega OS<\/a>, todo cambi\u00f3 en el entorno de estos dispositivos de streaming. Se pensaba que este nuevo sistema operativo sustituir\u00eda a Fire OS, pero <strong>al final las cosas no van a ser as\u00ed<\/strong>.<\/p>\n<p>Fire OS no desaparece<\/p>\n<p>Esto es todo lo que quer\u00edamos saber: <strong>que Fire OS no desaparecer\u00e1<\/strong>. La empresa ha dejado claro, en sus \u00faltimas declaraciones, que ambos sistemas operativos coexistir\u00e1n. \u00bfDe qu\u00e9 modo?<\/p>\n<p>No habr\u00e1 cambio de plataforma<\/p>\n<p>Cuando recientemente se lanz\u00f3 el Amazon Fire TV Stick 4K Select, el cual incluye Vega OS, <strong>se pens\u00f3 que era el punto de inflexi\u00f3n<\/strong>. El relato se escribi\u00f3 alrededor de la futura actualizaci\u00f3n de todos los Fire TV Stick, dispositivos que pasar\u00edan a usar tambi\u00e9n Vega OS.<\/p>\n<p><strong>Eso no gust\u00f3 nada a los usuarios<\/strong>, puesto que significaba cosas como:<\/p>\n<ul>\n<li><strong>Ausencia de aplicaciones<\/strong> que todav\u00eda no tienen versiones nativas de Vega OS.<\/li>\n<li>Imposibilidad de instalar aplicaciones de terceros.<\/li>\n<li>Problemas por falta de depuraci\u00f3n de la experiencia de usuario.<\/li>\n<\/ul>\n<p>Ahora, <strong>sabemos que Fire OS seguir\u00e1<\/strong> y que, adem\u00e1s, los dispositivos que lo incluyen no van a cambiarlo por Vega OS. Por lo tanto, si usas Fire OS en tu Fire TV Stick, seguir\u00e1s haci\u00e9ndolo de la misma manera.<\/p>\n<p>\u00bfQu\u00e9 dispositivos usar\u00e1n Vega OS?<\/p>\n<p>El misterio lo acaba de resolver Amazon en un comunicado que ha enviado a la web Android Authority, a la vista de <strong>los rumores que se han estado publicando<\/strong> en los \u00faltimos d\u00edas.<\/p>\n<p>En ese mensaje, <strong>Amazon reconoce<\/strong> que no van a dejar de trabajar con Android, plataforma sobre la que funciona Fire OS. Tambi\u00e9n indican que el uso de Vega OS se va a dirigir a su aplicaci\u00f3n en dispositivos de baja potencia a los que quieren proporcionar un alto nivel de capacidad.<\/p>\n<p><img decoding=\"async\" loading=\"lazy\" width=\"1280\" height=\"720\" src=\"https:\/\/www.europesays.com\/es\/wp-content\/uploads\/2025\/11\/Fire-TV-Stick-4K-Plus-cambio-nombre.png\" alt=\"Cambio de nombre en el Fire TV Stick 4K\"\/><\/p>\n<p>Amazon le cambia el nombre al dispositivo Fire TV Stick 4K. \/ Foto: Amazon<\/p>\n<p>Seg\u00fan mencionan, con Vega OS le pueden dar a un terminal como el Fire TV Stick 4K Select un nivel de rendimiento que <strong>ser\u00eda imposible de lograr con Fire OS<\/strong>. Por lo tanto, es de esperar que Vega OS llegue en otros dispositivos de potencia baja, pero que no se instale en aquellos terminales de m\u00e1s potencia, como el resto de los Fire TV Stick.<\/p>\n<p>Adem\u00e1s, Amazon menciona que tambi\u00e9n usar\u00e1 Vega OS en dispositivos de mayor envergadura que utilizar\u00e1n <strong>sistemas de inteligencia artificial complejos<\/strong> como Alexa+.<\/p>\n<p>La estrategia de Amazon<\/p>\n<p>Este cambio de rumbo en la estrategia de Amazon <strong>nos aporta informaci\u00f3n interesante<\/strong> sobre c\u00f3mo est\u00e1 funcionando todo entre bambalinas.<\/p>\n<p>El objetivo tras la creaci\u00f3n de Vega OS<\/p>\n<p>Amazon tambi\u00e9n ha aprovechado para aclarar que tienen un <strong>objetivo con el lanzamiento de Vega OS<\/strong>: disponer de un sistema operativo propio que les permita innovar sin l\u00edmites. Quieren tener una plataforma que les ayude a llevar sus dispositivos hasta las cotas que desean alcanzar sin sufrir ning\u00fan tipo de inconveniente.<\/p>\n<p>Tambi\u00e9n se ha hecho referencia a que Vega OS es, a su modo, un seguro de vida ante <strong>la dependencia que tienen de Google<\/strong> y Android con la existencia de Fire OS. Por ello, aunque hoy por hoy Fire OS seguir\u00e1 en primer plano, Amazon quiere ir avanzando para no ser tan dependientes.<\/p>\n<p>Amazon escucha a los usuarios<\/p>\n<p>Los comentarios que ya se pueden leer en la red apuntan a que resulta obvio que <strong>Amazon ha tenido que reaccionar<\/strong> despu\u00e9s de todas las cr\u00edticas recibidas. Por ello, habr\u00edan tomado la decisi\u00f3n de mantener Fire OS en el mercado, en especial por la fr\u00eda recepci\u00f3n que ha tenido el sistema operativo incluido en el nuevo Fire TV Stick 4K Select.<\/p>\n<p>Esto no significa, de todas maneras, que en el futuro Vega OS no vaya a llegar tambi\u00e9n a los <strong>dispositivos de mayor potencia<\/strong>. Es posible que ocurra, aunque, hoy por hoy, este nuevo sistema operativo se limitar\u00e1 a terminales de baja capacidad.<\/p>\n<p>        Preguntas frecuentes sobre el sistema operativo de los Fire TV Stick<\/p>\n<p>                        \u00bfQu\u00e9 modelos usar\u00e1n Vegas OS?<\/p>\n<p>\n                        De momento solo el Fire TV Stick 4K Select. Tambi\u00e9n lo incluir\u00e1n futuras versiones de baja potencia que se lancen.\n                    <\/p>\n<p>                        \u00bfSignifica esto que las instalaciones externas a la tienda de Amazon no se bloquear\u00e1n?<\/p>\n<p>\n                        El plan de eliminar apps que se usen con fines ilegales sigue activo. No obstante, posiblemente se mantendr\u00e1 la capacidad para instalar apps de terceros.\n                    <\/p>\n<p>                        \u00bfPor qu\u00e9 ha cambiado Amazon de decisi\u00f3n?<\/p>\n<p>\n                        Es parte de la estrategia actual de la compa\u00f1\u00eda. Adem\u00e1s, la comunidad podr\u00eda haber influido en la nueva decisi\u00f3n.\n                    <\/p>\n<p>En calidad de Afiliado de Amazon y otros programas similares, esta web obtiene ingresos por las compras adscritas que cumplen los requisitos aplicables<\/p>\n","protected":false},"excerpt":{"rendered":"Cambio de planes en las oficinas de Amazon. La empresa ha anunciado que la estrategia para sus Fire&hellip;\n","protected":false},"author":2,"featured_media":151662,"comment_status":"","ping_status":"","sticky":false,"template":"","format":"standard","meta":{"footnotes":""},"categories":[81],"tags":[119,123,124,25,24,117,121,122,23,118,120],"class_list":{"0":"post-242427","1":"post","2":"type-post","3":"status-publish","4":"format-standard","5":"has-post-thumbnail","7":"category-ciencia-y-tecnologia","8":"tag-ciencia","9":"tag-ciencia-y-tecnologia","10":"tag-cienciaytecnologia","11":"tag-es","12":"tag-espana","13":"tag-science","14":"tag-science-and-technology","15":"tag-scienceandtechnology","16":"tag-spain","17":"tag-technology","18":"tag-tecnologia"},"share_on_mastodon":{"url":"https:\/\/pubeurope.com\/@es\/115569844172556880","error":""},"_links":{"self":[{"href":"https:\/\/www.europesays.com\/es\/wp-json\/wp\/v2\/posts\/242427","targetHints":{"allow":["GET"]}}],"collection":[{"href":"https:\/\/www.europesays.com\/es\/wp-json\/wp\/v2\/posts"}],"about":[{"href":"https:\/\/www.europesays.com\/es\/wp-json\/wp\/v2\/types\/post"}],"author":[{"embeddable":true,"href":"https:\/\/www.europesays.com\/es\/wp-json\/wp\/v2\/users\/2"}],"replies":[{"embeddable":true,"href":"https:\/\/www.europesays.com\/es\/wp-json\/wp\/v2\/comments?post=242427"}],"version-history":[{"count":0,"href":"https:\/\/www.europesays.com\/es\/wp-json\/wp\/v2\/posts\/242427\/revisions"}],"wp:featuredmedia":[{"embeddable":true,"href":"https:\/\/www.europesays.com\/es\/wp-json\/wp\/v2\/media\/151662"}],"wp:attachment":[{"href":"https:\/\/www.europesays.com\/es\/wp-json\/wp\/v2\/media?parent=242427"}],"wp:term":[{"taxonomy":"category","embeddable":true,"href":"https:\/\/www.europesays.com\/es\/wp-json\/wp\/v2\/categories?post=242427"},{"taxonomy":"post_tag","embeddable":true,"href":"https:\/\/www.europesays.com\/es\/wp-json\/wp\/v2\/tags?post=242427"}],"curies":[{"name":"wp","href":"https:\/\/api.w.org\/{rel}","templated":true}]}}