{"id":242432,"date":"2025-11-18T08:52:09","date_gmt":"2025-11-18T08:52:09","guid":{"rendered":"https:\/\/www.europesays.com\/es\/242432\/"},"modified":"2025-11-18T08:52:09","modified_gmt":"2025-11-18T08:52:09","slug":"detenidos-el-presidente-y-el-vicepresidente-de-la-diputacion-de-almeria-por-contrataciones-irregulares-en-la-compra-de-mascarillas-noticias-de-andalucia","status":"publish","type":"post","link":"https:\/\/www.europesays.com\/es\/242432\/","title":{"rendered":"Detenidos el presidente y el vicepresidente de la Diputaci\u00f3n de Almer\u00eda por contrataciones irregulares en la compra de mascarillas | Noticias de Andaluc\u00eda"},"content":{"rendered":"<p class=\"\">La Unidad Central Operativa de la Guardia Civil ha detenido a cinco personas en el marco de unas actuaciones declaradas secretas y vinculadas con supuestas contrataciones ilegales, confirman fuentes oficiales. Entre los arrestados se encuentran el presidente de la Diputaci\u00f3n de Almer\u00eda, Javier Aureliano Garc\u00eda (PP), <a href=\"https:\/\/elpais.com\/espana\/2022-01-11\/la-investigacion-de-las-comisiones-irregulares-en-la-compra-de-mascarillas-en-almeria-apunta-a-otro-alto-cargo-de-la-diputacion.html\" target=\"_blank\" rel=\"noreferrer nofollow noopener\" title=\"https:\/\/elpais.com\/espana\/2022-01-11\/la-investigacion-de-las-comisiones-irregulares-en-la-compra-de-mascarillas-en-almeria-apunta-a-otro-alto-cargo-de-la-diputacion.html\">el vicepresidente y su mano derecha, Fernando Gim\u00e9nez, <\/a>y el alcalde de Fines desde 2003 y tambi\u00e9n del PP, Rodrigo S\u00e1nchez Sim\u00f3n. Los agentes se encuentran registrando los domicilios de los detenidos.<\/p>\n<p class=\"\">Tanto Gim\u00e9nez como S\u00e1nchez Sim\u00f3n est\u00e1n imputados en una causa que investiga el cobro de comisiones ilegales de entre 200.000 y 400.000 euros por la adjudicaci\u00f3n de un contrato de suministro de material sanitario de dos millones de euros. La investigaci\u00f3n se centra en el contrato de mascarillas, monos de protecci\u00f3n y guantes que Aureliano firm\u00f3 el 8 de abril de 2020, en pleno confinamiento, con la empresa Azor Corporate Ib\u00e9rica, propiedad de Kilian L\u00f3pez, cuya investigaci\u00f3n por narcotr\u00e1fico, venta de armas y blanqueo de capitales por una jueza de Barcelona, llev\u00f3 a esa adjudicaci\u00f3n.<\/p>\n<p class=\"\">El 15 de junio de 2021, agentes de la Unidad Central Operativa (UCO) de la Guardia Civil irrump\u00edan en la Diputaci\u00f3n de Almer\u00eda y <a href=\"https:\/\/elpais.com\/espana\/2021-06-15\/la-guardia-civil-detiene-a-un-vicepresidente-de-la-diputacion-de-almeria-por-comisiones-irregulares-en-la-compra-de-mascarillas.html\" rel=\"nofollow noopener\" target=\"_blank\">deten\u00edan a quien entonces era su vicepresidente tercero y responsable del \u00e1rea de Urbanismo, \u00d3scar Liria.<\/a> Liria, que es sobrino del regidor de Fines, se encuentra en el epicentro de esta trama, cuyos 17 investigados terminaron de prestar declaraci\u00f3n ante el juez que instruye la causa el pasado mes de marzo, casi cuatro a\u00f1os despu\u00e9s de que se iniciaran las pesquisas.<\/p>\n<p class=\"\">Del vicepresidente de la Diputaci\u00f3n, que en 2021 era delegado de la Presidencia de esa entidad, se considera que parti\u00f3 la propuesta de contrataci\u00f3n para el suministro de las mascarillas y por ello se le investiga como presunto autor de los delitos de cohecho y malversaci\u00f3n. Tanto en su declaraci\u00f3n ante el titular del Juzgado de Instrucci\u00f3n n\u00famero 1 de Almer\u00eda, como cuando compareci\u00f3 en la comisi\u00f3n de investigaci\u00f3n que abri\u00f3 la Diputaci\u00f3n en el verano de 2021 \u2014y que se cerr\u00f3 sin responsables gracias a los votos del PP, y Ciudadanos y la abstenci\u00f3n de Vox\u2014, Gim\u00e9nez ha sostenido que fue Liria quien le recomend\u00f3 el nombre de Azor para realizar el contrato y que desconoc\u00eda el pago de posibles comisiones. Tambi\u00e9n neg\u00f3 conocer personalmente a Kilian L\u00f3pez, aunque s\u00ed afirm\u00f3 haber hablado con \u00e9l por tel\u00e9fono una sola vez.<\/p>\n<p class=\"\">Gim\u00e9nez fue preguntado por las conversaciones mantenidas entre \u00e9l, Liria y el presidente de la Diputaci\u00f3n en un chat que compart\u00edan los tres. En ellas se alud\u00eda al regalo de una televisi\u00f3n, a lo que Gim\u00e9nez respondi\u00f3 que era una \u201cbroma\u201d entre amigos y que nunca hab\u00eda recibido regalos de nadie. En otra conversaci\u00f3n de WhatsApp,<a href=\"https:\/\/elpais.com\/espana\/2023-02-17\/casi-un-millon-de-euros-del-contrato-fraudulento-de-mascarillas-de-la-diputacion-de-almeria-fue-a-manos-del-adjudicatario-y-a-mordidas-de-un-exvicepresidente.html\" rel=\"nofollow noopener\" target=\"_blank\">de acuerdo con el informe de la UCO del que ya inform\u00f3 este diario,\u00a0<\/a>se puede leer el intercambio de mensajes entre Aureliano y Liria: \u201c\u00d3scar\u2026 hay que ver la que tienes liada con las mascarillas!!!!\u201d, dice el presidente de los populares almerienses a lo que aquel le responde: \u201cYaaaaa, pero quiero que ve\u00e1is c\u00f3mo est\u00e1 la situaci\u00f3n, t\u00edo. No quiero que te veas sin tener material para la residencia\u2026\u201d. Vas a dar lugar a que le meta fuego a las mascarillas\u201d, le responde Aureliano, a lo que Liria le replica con un \u201cJaaaa\u201d, que Aureliano contin\u00faa con un \u201cCallaaaaa yaaaaaa\u201d. Liria termina la conversaci\u00f3n: \u201cBueno t\u00edo que esto se est\u00e1 poniendo muy feo\u201d.<\/p>\n<p class=\"\">La entrega de esa partida de mascarillas no solo se demor\u00f3 bastante tiempo, sino que parte de los lotes llegaron en estado defectuoso, lo que determin\u00f3 a la Diputaci\u00f3n a aprobar el 1 de junio de 2021 \u201415 d\u00edas antes de las detenciones\u2015 un decreto para resolver el contrato con Azor por incumplimiento de la empresa. En ese proceso tambi\u00e9n intervino Liria, seg\u00fan se desprende de las conversaciones mantenidas con L\u00f3pez. La UCO mantiene que la Diputaci\u00f3n inicialmente le habr\u00eda reclamado a Azor una cantidad de entre 200.000 y 300.000 euros y que, tras las alegaciones, en las que intermedi\u00f3 el entonces vicepresidente, la cifra se redujo a 38.000 euros. \u201cContesta diciendo que no est\u00e1s de acuerdo y argument\u00e1ndolo bien y se quedar\u00e1 todo resuelto\u201d, le dice Liria a L\u00f3pez en una conversaci\u00f3n de febrero de 2021.<\/p>\n<p class=\"\">[Noticia de \u00faltima hora. Habr\u00e1 ampliaci\u00f3n]<\/p>\n","protected":false},"excerpt":{"rendered":"La Unidad Central Operativa de la Guardia Civil ha detenido a cinco personas en el marco de unas&hellip;\n","protected":false},"author":2,"featured_media":242433,"comment_status":"","ping_status":"","sticky":false,"template":"","format":"standard","meta":{"footnotes":""},"categories":[8],"tags":[5644,259,17,18,1165,9786,767,62310,25,24,13,14,11,19,20,58057,9,10,15,16,23,12,21,22],"class_list":{"0":"post-242432","1":"post","2":"type-post","3":"status-publish","4":"format-standard","5":"has-post-thumbnail","7":"category-espana","8":"tag-almeria","9":"tag-andalucia","10":"tag-breaking-news","11":"tag-breakingnews","12":"tag-contratos","13":"tag-coronavirus-covid-19","14":"tag-corrupcion","15":"tag-diputacion-provincial-almeria","16":"tag-es","17":"tag-espana","18":"tag-featured-news","19":"tag-featurednews","20":"tag-headlines","21":"tag-latest-news","22":"tag-latestnews","23":"tag-mascarillas","24":"tag-news","25":"tag-noticias","26":"tag-noticias-destacadas","27":"tag-noticiasdestacadas","28":"tag-spain","29":"tag-titulares","30":"tag-ultimas-noticias","31":"tag-ultimasnoticias"},"share_on_mastodon":{"url":"https:\/\/pubeurope.com\/@es\/115569855458962511","error":""},"_links":{"self":[{"href":"https:\/\/www.europesays.com\/es\/wp-json\/wp\/v2\/posts\/242432","targetHints":{"allow":["GET"]}}],"collection":[{"href":"https:\/\/www.europesays.com\/es\/wp-json\/wp\/v2\/posts"}],"about":[{"href":"https:\/\/www.europesays.com\/es\/wp-json\/wp\/v2\/types\/post"}],"author":[{"embeddable":true,"href":"https:\/\/www.europesays.com\/es\/wp-json\/wp\/v2\/users\/2"}],"replies":[{"embeddable":true,"href":"https:\/\/www.europesays.com\/es\/wp-json\/wp\/v2\/comments?post=242432"}],"version-history":[{"count":0,"href":"https:\/\/www.europesays.com\/es\/wp-json\/wp\/v2\/posts\/242432\/revisions"}],"wp:featuredmedia":[{"embeddable":true,"href":"https:\/\/www.europesays.com\/es\/wp-json\/wp\/v2\/media\/242433"}],"wp:attachment":[{"href":"https:\/\/www.europesays.com\/es\/wp-json\/wp\/v2\/media?parent=242432"}],"wp:term":[{"taxonomy":"category","embeddable":true,"href":"https:\/\/www.europesays.com\/es\/wp-json\/wp\/v2\/categories?post=242432"},{"taxonomy":"post_tag","embeddable":true,"href":"https:\/\/www.europesays.com\/es\/wp-json\/wp\/v2\/tags?post=242432"}],"curies":[{"name":"wp","href":"https:\/\/api.w.org\/{rel}","templated":true}]}}