{"id":242434,"date":"2025-11-18T08:53:10","date_gmt":"2025-11-18T08:53:10","guid":{"rendered":"https:\/\/www.europesays.com\/es\/242434\/"},"modified":"2025-11-18T08:53:10","modified_gmt":"2025-11-18T08:53:10","slug":"confemac-presenta-pequenas-acciones-grandes-cambios-una-campana-que-visibiliza-el-impacto-social-del-voluntariado-de-las-personas-mayores","status":"publish","type":"post","link":"https:\/\/www.europesays.com\/es\/242434\/","title":{"rendered":"CONFEMAC presenta \u201cPeque\u00f1as acciones, grandes cambios\u201d, una campa\u00f1a que visibiliza el impacto social del voluntariado de las personas mayores"},"content":{"rendered":"<blockquote>\n<p>Esta cuarta entrega destaca c\u00f3mo la participaci\u00f3n activa de las personas mayores fortalece barrios y crea cohesi\u00f3n comunitaria.\u00a0<\/p>\n<\/blockquote>\n<blockquote>\n<p>\u201cPeque\u00f1as acciones, grandes cambios\u201d es la tercera de las 5 campa\u00f1as estatales que se est\u00e1n difundiendo a lo largo del a\u00f1o con m\u00e1s de 100 entidades adheridas.<\/p>\n<\/blockquote>\n<blockquote>\n<p>Esta campa\u00f1a resalta el impacto positivo del voluntariado de personas mayores en la sociedad.<\/p>\n<\/blockquote>\n<p>La Confederaci\u00f3n Estatal de Mayores Activos (CONFEMAC) presenta una nueva campa\u00f1a dentro del programa estatal \u201cM\u00e1s VIDAS para tu VIDA\u201d, financiado por el IMSERSO, que pone el foco en el poder transformador de los peque\u00f1os gestos realizados por personas mayores en acciones de voluntariado. Con el lema \u201cPeque\u00f1as acciones, grandes cambios\u201d, esta cuarta campa\u00f1a subraya c\u00f3mo una contribuci\u00f3n sencilla puede convertirse en la semilla de un impacto social profundo, duradero y lleno de sentido.<\/p>\n<p>El mensaje central de la iniciativa se apoya en ejemplos reales: desde un gesto tan cotidiano como tejer un toldo entre vecinos para embellecer un barrio y ofrecer sombra, hasta acciones que, sin pretenderlo, acaban dando origen a proyectos mayores, tal y como relata Dori C\u00e1ceres, voluntaria de ACOES Sevilla, en uno de los contenidos audiovisuales de la campa\u00f1a. La idea que atraviesa todos los materiales es la misma: el voluntariado crece cuando se comparte, adem\u00e1s fortalece v\u00ednculos y convierte acciones cotidianas en el motor de cohesi\u00f3n social.<\/p>\n<p>CONFEMAC destaca que <b>las personas mayores son un pilar fundamental en este proceso.<\/b> Su tiempo y experiencia permiten impulsar iniciativas que mejoran la vida de los barrios, generan pertenencia y construyen comunidades m\u00e1s creativas, inclusivas y solidarias. El voluntariado transforma el entorno, a la par que revitaliza a quienes lo ejercen; aporta bienestar, abre nuevas oportunidades y refuerza el sentimiento de utilidad y participaci\u00f3n activa.<\/p>\n<p>Desde CONFEMAC subrayan que \u201clas peque\u00f1as acciones tienen la capacidad de transformar la vida social y personal mucho m\u00e1s de lo que imaginamos. Queremos que <b>las personas mayores sepan que tienen la capacidad de transformar su entorno <\/b>y son necesarias para el progreso de la sociedad\u00bb.<\/p>\n<p><b>Para m\u00e1s informaci\u00f3n<\/b><\/p>\n<p>Sobre esta campa\u00f1a y el programa completo, visita<a href=\"http:\/\/www.confemac.net\" rel=\"nofollow noopener\" target=\"_blank\"> <b>www.confemac.net<\/b><\/a> o s\u00edguenos en nuestras redes sociales:<\/p>\n<p><b>Sobre CONFEMAC<\/b><\/p>\n<p>La <b>Confederaci\u00f3n Estatal de Mayores Activos (CONFEMAC)<\/b>, con sede en Sevilla, es una organizaci\u00f3n comprometida con la defensa de los derechos de las personas mayores, promoviendo su participaci\u00f3n activa en la sociedad y luchando contra cualquier forma de discriminaci\u00f3n por edad.<\/p>\n","protected":false},"excerpt":{"rendered":"Esta cuarta entrega destaca c\u00f3mo la participaci\u00f3n activa de las personas mayores fortalece barrios y crea cohesi\u00f3n comunitaria.\u00a0&hellip;\n","protected":false},"author":2,"featured_media":242435,"comment_status":"","ping_status":"","sticky":false,"template":"","format":"standard","meta":{"footnotes":""},"categories":[5],"tags":[17,18,25,24,13,14,11,19,20,9,10,15,16,23,12,21,22],"class_list":{"0":"post-242434","1":"post","2":"type-post","3":"status-publish","4":"format-standard","5":"has-post-thumbnail","7":"category-titulares","8":"tag-breaking-news","9":"tag-breakingnews","10":"tag-es","11":"tag-espana","12":"tag-featured-news","13":"tag-featurednews","14":"tag-headlines","15":"tag-latest-news","16":"tag-latestnews","17":"tag-news","18":"tag-noticias","19":"tag-noticias-destacadas","20":"tag-noticiasdestacadas","21":"tag-spain","22":"tag-titulares","23":"tag-ultimas-noticias","24":"tag-ultimasnoticias"},"share_on_mastodon":{"url":"https:\/\/pubeurope.com\/@es\/115569859207293491","error":""},"_links":{"self":[{"href":"https:\/\/www.europesays.com\/es\/wp-json\/wp\/v2\/posts\/242434","targetHints":{"allow":["GET"]}}],"collection":[{"href":"https:\/\/www.europesays.com\/es\/wp-json\/wp\/v2\/posts"}],"about":[{"href":"https:\/\/www.europesays.com\/es\/wp-json\/wp\/v2\/types\/post"}],"author":[{"embeddable":true,"href":"https:\/\/www.europesays.com\/es\/wp-json\/wp\/v2\/users\/2"}],"replies":[{"embeddable":true,"href":"https:\/\/www.europesays.com\/es\/wp-json\/wp\/v2\/comments?post=242434"}],"version-history":[{"count":0,"href":"https:\/\/www.europesays.com\/es\/wp-json\/wp\/v2\/posts\/242434\/revisions"}],"wp:featuredmedia":[{"embeddable":true,"href":"https:\/\/www.europesays.com\/es\/wp-json\/wp\/v2\/media\/242435"}],"wp:attachment":[{"href":"https:\/\/www.europesays.com\/es\/wp-json\/wp\/v2\/media?parent=242434"}],"wp:term":[{"taxonomy":"category","embeddable":true,"href":"https:\/\/www.europesays.com\/es\/wp-json\/wp\/v2\/categories?post=242434"},{"taxonomy":"post_tag","embeddable":true,"href":"https:\/\/www.europesays.com\/es\/wp-json\/wp\/v2\/tags?post=242434"}],"curies":[{"name":"wp","href":"https:\/\/api.w.org\/{rel}","templated":true}]}}