{"id":242446,"date":"2025-11-18T09:05:10","date_gmt":"2025-11-18T09:05:10","guid":{"rendered":"https:\/\/www.europesays.com\/es\/242446\/"},"modified":"2025-11-18T09:05:10","modified_gmt":"2025-11-18T09:05:10","slug":"una-iglesia-espanola-irrumpe-en-miami-y-se-alza-como-el-mejor-edificio-del-planeta","status":"publish","type":"post","link":"https:\/\/www.europesays.com\/es\/242446\/","title":{"rendered":"Una iglesia espa\u00f1ola irrumpe en Miami y se alza como el mejor edificio del planeta"},"content":{"rendered":"<p><b>La Iglesia del Sant\u00edsimo Redentor de Las Chumberas en Tenerife,<\/b> dise\u00f1ada por el arquitecto<b> Fernando Menis, <\/b>se ha alzado con el <b>Premio al Mejor Edificio del Mundo<\/b> durante el <b>Festival Mundial de Arquitectura<\/b>, un encuentro celebrado en el Centro de Convenciones de Miami que reuni\u00f3 a algunos de los estudios m\u00e1s influyentes del panorama internacional.<\/p>\n<p><b>El jurado elogi\u00f3 la propuesta por la intensidad de su arquitectura y por la forma en que la luz natural empieza a modelar cada estancia<\/b>, algo que a su juicio potencia la cualidad t\u00e1ctil de las superficies interiores y crea una atm\u00f3sfera que refuerza la experiencia espacial del visitante. Los expertos remarcaron adem\u00e1s que <b>el templo terminar\u00e1 siendo una aportaci\u00f3n decisiva a la historia arquitect\u00f3nica de Tenerife<\/b>, una afirmaci\u00f3n que subraya el valor cultural que el conjunto est\u00e1 llamado a desempe\u00f1ar en el entorno isle\u00f1o.<\/p>\n<p>En su intervenci\u00f3n tras recoger los premios, Menis record\u00f3 que \u00abla iglesia solo pudo levantarse gracias al compromiso del <b>Obispado de Tenerife<\/b> y a la participaci\u00f3n activa de la parroquia, los feligreses, los vecinos y varias empresas de la zona\u00bb. El arquitecto a\u00f1adi\u00f3 que \u00ab<b>el edificio naci\u00f3 con la intenci\u00f3n de ayudar a dinamizar el barrio y de convertirse en un punto de referencia para la comunidad<\/b>\u00ab, un objetivo que se sostuvo mediante donaciones y que, en sus palabras, ha convertido la obra en un s\u00edmbolo del esfuerzo colectivo.<\/p>\n<p>La propuesta arquitect\u00f3nica del <b>Sant\u00edsimo Redentor<\/b> toma como <b>inspiraci\u00f3n la geolog\u00eda volc\u00e1nica de la isla<\/b> y se apoya en u<b>n juego de luces<\/b> que ba\u00f1a el interior, un recurso que se potencia mediante el uso de <b>hormig\u00f3n con texturas diferenciadas y piedra volc\u00e1nica extra\u00edda del propio territorio. <\/b>El estudio explica que el resultado ofrece un espacio sobrio donde se combinan utilidad y expresividad, un equilibrio que destaca tanto por la calidad ac\u00fastica del recinto como por su estrategia de eficiencia energ\u00e9tica.<\/p>\n<p>Los<b> Premios WAF<\/b> cuentan con un amplio reconocimiento en el sector y cada a\u00f1o re\u00fanen a profesionales que presentan sus proyectos en sesiones p\u00fablicas ante un jurado internacional, un formato que convierte al festival en una plataforma de debate donde emergen tendencias y se confrontan enfoques. En su decimos\u00e9ptima edici\u00f3n, el panel estuvo compuesto por figuras de relevancia acad\u00e9mica y cultural, entre ellas<b> Mohsen Mostafavi<\/b>, exdecano de la Escuela de Arquitectura de Harvard; <b>Sir Peter Cook<\/b>, cofundador del colectivo Archigram; <b>Beatrice Galilee<\/b>, comisaria del Museo Metropolitan de Nueva York, y <b>Jonathan Glancey<\/b>, periodista y cr\u00edtico especializado.<\/p>\n<p>Este nuevo reconocimiento ampl\u00eda la lista de premios que acumula el edificio gracias a la singularidad de su planteamiento arquitect\u00f3nico, una trayectoria en la que figuran el International Frate Sole de Arquitectura Sacra 2024, el galard\u00f3n estadounidense de Arquitectura Religiosa 2022 concedido por la Asociaci\u00f3n de Arquitectos de Estados Unidos y Faith &amp; Form, y el Premio de Dise\u00f1o ADF 2025 otorgado por la Fundaci\u00f3n Aoyama de Jap\u00f3n. La obra, adem\u00e1s, forma parte de la colecci\u00f3n permanente del Museo de Arte Moderno de Nueva York, un hecho que refuerza su proyecci\u00f3n internacional y subraya el impacto de la propuesta de Menis en el panorama contempor\u00e1neo.<\/p>\n","protected":false},"excerpt":{"rendered":"La Iglesia del Sant\u00edsimo Redentor de Las Chumberas en Tenerife, dise\u00f1ada por el arquitecto Fernando Menis, se ha&hellip;\n","protected":false},"author":2,"featured_media":242447,"comment_status":"","ping_status":"","sticky":false,"template":"","format":"standard","meta":{"footnotes":""},"categories":[173],"tags":[229,233,231,230,232,234,146,147,25,24,23],"class_list":{"0":"post-242446","1":"post","2":"type-post","3":"status-publish","4":"format-standard","5":"has-post-thumbnail","7":"category-arte-y-diseno","8":"tag-arte","9":"tag-arte-y-diseno","10":"tag-arts","11":"tag-arts-and-design","12":"tag-design","13":"tag-diseno","14":"tag-entertainment","15":"tag-entretenimiento","16":"tag-es","17":"tag-espana","18":"tag-spain"},"share_on_mastodon":{"url":"https:\/\/pubeurope.com\/@es\/115569906359835776","error":""},"_links":{"self":[{"href":"https:\/\/www.europesays.com\/es\/wp-json\/wp\/v2\/posts\/242446","targetHints":{"allow":["GET"]}}],"collection":[{"href":"https:\/\/www.europesays.com\/es\/wp-json\/wp\/v2\/posts"}],"about":[{"href":"https:\/\/www.europesays.com\/es\/wp-json\/wp\/v2\/types\/post"}],"author":[{"embeddable":true,"href":"https:\/\/www.europesays.com\/es\/wp-json\/wp\/v2\/users\/2"}],"replies":[{"embeddable":true,"href":"https:\/\/www.europesays.com\/es\/wp-json\/wp\/v2\/comments?post=242446"}],"version-history":[{"count":0,"href":"https:\/\/www.europesays.com\/es\/wp-json\/wp\/v2\/posts\/242446\/revisions"}],"wp:featuredmedia":[{"embeddable":true,"href":"https:\/\/www.europesays.com\/es\/wp-json\/wp\/v2\/media\/242447"}],"wp:attachment":[{"href":"https:\/\/www.europesays.com\/es\/wp-json\/wp\/v2\/media?parent=242446"}],"wp:term":[{"taxonomy":"category","embeddable":true,"href":"https:\/\/www.europesays.com\/es\/wp-json\/wp\/v2\/categories?post=242446"},{"taxonomy":"post_tag","embeddable":true,"href":"https:\/\/www.europesays.com\/es\/wp-json\/wp\/v2\/tags?post=242446"}],"curies":[{"name":"wp","href":"https:\/\/api.w.org\/{rel}","templated":true}]}}