{"id":242460,"date":"2025-11-18T09:15:17","date_gmt":"2025-11-18T09:15:17","guid":{"rendered":"https:\/\/www.europesays.com\/es\/242460\/"},"modified":"2025-11-18T09:15:17","modified_gmt":"2025-11-18T09:15:17","slug":"el-papa-leon-xiv-insto-a-adoptar-acciones-concretas-contra-el-cambio-climatico-desde-la-cop30","status":"publish","type":"post","link":"https:\/\/www.europesays.com\/es\/242460\/","title":{"rendered":"El papa Le\u00f3n XIV inst\u00f3 a adoptar \u201cacciones concretas\u201d contra el cambio clim\u00e1tico desde la COP30"},"content":{"rendered":"<p><img alt=\"FOTO DE ARCHIVO: El Papa\" class=\"global-image\" decoding=\"async\" fetchpriority=\"high\" height=\"2496\" loading=\"eager\" src=\"https:\/\/www.europesays.com\/es\/wp-content\/uploads\/2025\/11\/OSHSMFQOHZFKFF7TIMLZKINVRU.JPG\" width=\"3744\"\/>FOTO DE ARCHIVO: El Papa Le\u00f3n XIV celebra una audiencia jubilar en la Plaza de San Pedro del Vaticano, 8 de noviembre de 2025 (REUTERS\/Yara Nardi\/Archivo)<\/p>\n<p class=\"paragraph\"><b>El papa Le\u00f3n XIV inst\u00f3 este lunes a adoptar \u201cacciones concretas\u201d frente al cambio clim\u00e1tico <\/b>y lament\u00f3 la falta de \u201cvoluntad pol\u00edtica de algunos\u201d, en un mensaje enviado a las Iglesias particulares del Sur Global reunidas en el Museo Amaz\u00f3nico de Bel\u00e9m (Brasil), en el <a href=\"https:\/\/www.infobae.com\/america\/mundo\/2025\/11\/17\/la-cop30-entra-en-una-fase-critica-con-negociaciones-estancadas\/\" target=\"_blank\" rel=\"noreferrer nofollow noopener\" title=\"https:\/\/www.infobae.com\/america\/mundo\/2025\/11\/17\/la-cop30-entra-en-una-fase-critica-con-negociaciones-estancadas\/\">marco de la COP30<\/a>. <\/p>\n<p class=\"paragraph\">\u201c<b>A\u00fan hay tiempo para mantener el aumento de la temperatura global por debajo de 1,5 \u00b0C<\/b>, pero la ventana se est\u00e1 cerrando\u201d, alert\u00f3 el pont\u00edfice, que reconoci\u00f3 algunos avances internacionales en materia ambiental, aunque los consider\u00f3 \u201cinsuficientes\u201d.<\/p>\n<p class=\"paragraph\">\u201c<b>La esperanza y la determinaci\u00f3n deben renovarse<\/b>, no solo con palabras y aspiraciones, sino tambi\u00e9n con acciones concretas\u201d, a\u00f1adi\u00f3.<\/p>\n<p class=\"paragraph\">El papa defendi\u00f3 el <b>Acuerdo de Par\u00eds<\/b> como la herramienta \u201cm\u00e1s poderosa\u201d para proteger a las personas y al planeta e insisti\u00f3 en que \u201cha impulsado un progreso real\u201d. <\/p>\n<p class=\"paragraph\">\u201cPero debemos ser honestos: no es el Acuerdo el que est\u00e1 fallando, sino nuestra respuesta\u201d, afirm\u00f3.<\/p>\n<p><img alt=\"Activistas ind\u00edgenas en una manifestaci\u00f3n\" class=\"global-image\" decoding=\"async\" fetchpriority=\"low\" height=\"5562\" loading=\"lazy\" src=\"https:\/\/www.europesays.com\/es\/wp-content\/uploads\/2025\/11\/QMF2FZ7FHBGMNMG3DDR42MQNU4.jpg\" width=\"8343\"\/>Activistas ind\u00edgenas en una manifestaci\u00f3n en la conferencia COP30 en Bel\u00e9m, Brasil, el 17 de noviembre del 2025 (AP foto\/Andre Penner)<\/p>\n<p class=\"paragraph\">En este sentido, denunci\u00f3 que <b>\u201clo que est\u00e1 fallando es la voluntad pol\u00edtica de algunos\u201d<\/b> y record\u00f3 que \u201cel verdadero liderazgo implica servicio y apoyo a una escala que pueda hacer de verdad la diferencia\u201d. <\/p>\n<p class=\"paragraph\">Tambi\u00e9n subray\u00f3 que <b>\u201cacciones clim\u00e1ticas m\u00e1s contundentes crear\u00e1n sistemas econ\u00f3micos m\u00e1s s\u00f3lidos y justos<\/b>; medidas pol\u00edticas y clim\u00e1ticas firmes son una inversi\u00f3n en un mundo m\u00e1s justo y estable\u201d.<\/p>\n<p class=\"paragraph\">Sobre los impactos de la crisis clim\u00e1tica, <b>Le\u00f3n XIV alert\u00f3 de que \u201cla creaci\u00f3n clama en las inundaciones, sequ\u00edas, tormentas y en un calor implacable\u201d<\/b> y se\u00f1al\u00f3 que \u201cuna de cada tres personas vive en gran vulnerabilidad debido a estos cambios\u201d. <\/p>\n<p class=\"paragraph\">Para estos grupos, afirm\u00f3, el cambio clim\u00e1tico \u201cno es una amenaza distante\u201d, y advirti\u00f3 que ignorarlos es \u201cnegar nuestra humanidad compartida\u201d.<\/p>\n<p class=\"paragraph\">Al inicio de su intervenci\u00f3n, Le\u00f3n XIV salud\u00f3 a las comunidades presentes en Bel\u00e9m, que, dijo, \u201c<b>acompa\u00f1an la voz prof\u00e9tica de mis hermanos Cardenales en la COP30<\/b>, proclamando al mundo que el Amazonas sigue siendo un s\u00edmbolo vivo de la creaci\u00f3n y que necesita urgentemente ser cuidado\u201d.<\/p>\n<p class=\"paragraph\">\u201cCaminamos junto a cient\u00edficos, l\u00edderes y pastores de todas las naciones y credos. Somos guardianes de la creaci\u00f3n, no rivales por sus bienes. <b>Enviemos juntos un mensaje global claro: las naciones permanecen unidas en firme solidaridad con el Acuerdo de Par\u00eds y con la cooperaci\u00f3n clim\u00e1tica<\/b>\u201d, concluy\u00f3 Le\u00f3n XIV.<\/p>\n<p><img alt=\"Vista a\u00e9rea de una plantaci\u00f3n\" class=\"global-image\" decoding=\"async\" fetchpriority=\"low\" height=\"3667\" loading=\"lazy\" src=\"https:\/\/www.europesays.com\/es\/wp-content\/uploads\/2025\/11\/7L6X4C3TAJD35LUR5ETUFRUFD4.JPG\" width=\"5500\"\/>Vista a\u00e9rea de una plantaci\u00f3n en la selva amaz\u00f3nica durante un sobrevuelo de Greenpeace en el marco de la Conferencia de las Naciones Unidas sobre el Cambio Clim\u00e1tico (COP30), cerca de Centro Novo, estado de Maranh\u00e3o, Brasil, el 13 de noviembre de 2025 (REUTERS\/Adriano Machado)<\/p>\n<p class=\"paragraph\">El video fue transmitido en el <b>Museo de la Amazon\u00eda<\/b>, un centro cultural y cient\u00edfico, ubicado a pocos kil\u00f3metros del recinto oficial de la COP30 e inaugurado hace un mes para albergar el arte amaz\u00f3nico. <\/p>\n<p class=\"paragraph\">A pesar de que la convocatoria fue repentina, m\u00e1s de 40 personas se congregaron a escuchar el mensaje.<\/p>\n<p class=\"paragraph\">Presente en la confraternizaci\u00f3n, el obispo auxiliar de Cusco, Lizardo Estrada Herrera, afirm\u00f3 a EFE que este mensaje desde Roma es \u201c<b>un alivio, la fuerza para seguir trabajando y continuar dando la vida\u201d para que los m\u00e1s vulnerables \u201cpuedan vivir mejor\u201d<\/b>.<\/p>\n<p class=\"paragraph\">\u201cPara nosotros, es una alegr\u00eda porque <b>estamos representando al Sur Global<\/b>\u201d, \u201csabemos y vivimos\u201d el sufrimiento \u201cde estas tierras\u201d, manifest\u00f3. <\/p>\n<p class=\"paragraph\">A su lado, el obispo diocesano de Jales, en S\u00e3o Paulo, Reginaldo Andrietta, dijo que este mensaje reafirma el v\u00ednculo de la Iglesia en el compromiso por el combate de la crisis clim\u00e1tica, un camino que inici\u00f3 su antecesor, el papa Francisco, con la enc\u00edclica titulada \u201cLaudato Si\u2019\u201d, publicada en 2015, en la que aborda la crisis ecol\u00f3gica. <\/p>\n<p class=\"paragraph\">Este mensaje significa que \u201c<b>la Iglesia, a trav\u00e9s del Papa, est\u00e1 recorriendo un camino de concienciaci\u00f3n hacia un nuevo paradigma<\/b>, que es el de la ecolog\u00eda integral\u201d y representa \u201cla preocupaci\u00f3n y la acci\u00f3n de la Iglesia con respecto al medioambiente\u201d. <\/p>\n<p class=\"paragraph\">(Con informaci\u00f3n de EFE) <\/p>\n","protected":false},"excerpt":{"rendered":"FOTO DE ARCHIVO: El Papa Le\u00f3n XIV celebra una audiencia jubilar en la Plaza de San Pedro del&hellip;\n","protected":false},"author":2,"featured_media":242461,"comment_status":"","ping_status":"","sticky":false,"template":"","format":"standard","meta":{"footnotes":""},"categories":[42],"tags":[17,18,406,13,14,11,61,62,63,64,19,20,9,10,15,16,12,21,22,65,66,67],"class_list":{"0":"post-242460","1":"post","2":"type-post","3":"status-publish","4":"format-standard","5":"has-post-thumbnail","7":"category-internacional","8":"tag-breaking-news","9":"tag-breakingnews","10":"tag-europe","11":"tag-featured-news","12":"tag-featurednews","13":"tag-headlines","14":"tag-internacional","15":"tag-international","16":"tag-international-news","17":"tag-internationalnews","18":"tag-latest-news","19":"tag-latestnews","20":"tag-news","21":"tag-noticias","22":"tag-noticias-destacadas","23":"tag-noticiasdestacadas","24":"tag-titulares","25":"tag-ultimas-noticias","26":"tag-ultimasnoticias","27":"tag-world","28":"tag-world-news","29":"tag-worldnews"},"share_on_mastodon":{"url":"https:\/\/pubeurope.com\/@es\/115569946167054189","error":""},"_links":{"self":[{"href":"https:\/\/www.europesays.com\/es\/wp-json\/wp\/v2\/posts\/242460","targetHints":{"allow":["GET"]}}],"collection":[{"href":"https:\/\/www.europesays.com\/es\/wp-json\/wp\/v2\/posts"}],"about":[{"href":"https:\/\/www.europesays.com\/es\/wp-json\/wp\/v2\/types\/post"}],"author":[{"embeddable":true,"href":"https:\/\/www.europesays.com\/es\/wp-json\/wp\/v2\/users\/2"}],"replies":[{"embeddable":true,"href":"https:\/\/www.europesays.com\/es\/wp-json\/wp\/v2\/comments?post=242460"}],"version-history":[{"count":0,"href":"https:\/\/www.europesays.com\/es\/wp-json\/wp\/v2\/posts\/242460\/revisions"}],"wp:featuredmedia":[{"embeddable":true,"href":"https:\/\/www.europesays.com\/es\/wp-json\/wp\/v2\/media\/242461"}],"wp:attachment":[{"href":"https:\/\/www.europesays.com\/es\/wp-json\/wp\/v2\/media?parent=242460"}],"wp:term":[{"taxonomy":"category","embeddable":true,"href":"https:\/\/www.europesays.com\/es\/wp-json\/wp\/v2\/categories?post=242460"},{"taxonomy":"post_tag","embeddable":true,"href":"https:\/\/www.europesays.com\/es\/wp-json\/wp\/v2\/tags?post=242460"}],"curies":[{"name":"wp","href":"https:\/\/api.w.org\/{rel}","templated":true}]}}