{"id":242462,"date":"2025-11-18T09:16:08","date_gmt":"2025-11-18T09:16:08","guid":{"rendered":"https:\/\/www.europesays.com\/es\/242462\/"},"modified":"2025-11-18T09:16:08","modified_gmt":"2025-11-18T09:16:08","slug":"ultima-hora-de-la-actualidad-politica-en-directo-zelenski-acude-al-congreso-en-su-tercera-visita-a-espana-espana","status":"publish","type":"post","link":"https:\/\/www.europesays.com\/es\/242462\/","title":{"rendered":"\u00daltima hora de la actualidad pol\u00edtica, en directo | Zelenski acude al Congreso en su tercera visita a Espa\u00f1a | Espa\u00f1a"},"content":{"rendered":"<p class=\"ev-title\">Albares calcula que Espa\u00f1a aportar\u00e1 1.000 millones a Ucrania para la compra de armas<\/p>\n<p>El ministro de Exteriores, Jos\u00e9 Manuel Albares, ha reafirmado el compromiso de Espa\u00f1a con la soberan\u00eda, la libertad y la integridad territorial de Ucrania y ha adelantado que Espa\u00f1a aportar\u00e1 1.000 millones de euros para la compra de equipamiento militar a Estados Unidos para su uso en Ucrania, a lo que se sumar\u00e1 el gasto en otro tipo de equipamiento, como generadores para paliar los ataques rusos a la infraestructura energ\u00e9tica ucrania ante la llegada del invierno.<\/p>\n<p>\u201cEspa\u00f1a mantiene un compromiso a largo plazo con la soberan\u00eda y la defensa de Ucrania y lo mantendr\u00e1 mientras dure la guerra\u201d, ha comenzado Albares en una entrevista en RNE. Preguntado por la magnitud de ese compromiso, el ministro ha afirmado que el a\u00f1o pasado Espa\u00f1a aport\u00f3 1.000 millones para que Ucrania adquiriese equipamiento militar y que este a\u00f1o se espera \u201calgo similar\u201d. Adem\u00e1s, ha recordado que, m\u00e1s all\u00e1 de esas cantidades para armamento, Espa\u00f1a aporta ayuda de otro tipo, adem\u00e1s de acoger a 250.000 refugiados ucranios, entre ellos 40.000 ni\u00f1os, y de apoyar tanto la entrada de Kiev en la UE como la creaci\u00f3n de un tribunal especial para juzgar a los responsables rusos del crimen de agresi\u00f3n.<\/p>\n<p>El ministro ha confiado en que Sumar, socio del PSOE en el Gobierno de coalici\u00f3n y tradicionalmente renuente al gasto en armamento, no se oponga a esa ayuda militar a Kiev. \u201cTodo el Gobierno est\u00e1 unido por la paz en Ucrania y en Europa, todo el Gobierno es consciente de que en Ucrania est\u00e1n en juego muchas cosas: su soberan\u00eda y su libertad, pero tambi\u00e9n los derechos humanos, el derecho internacional y el derecho internacional humanitario\u201d.<\/p>\n","protected":false},"excerpt":{"rendered":"Albares calcula que Espa\u00f1a aportar\u00e1 1.000 millones a Ucrania para la compra de armas El ministro de Exteriores,&hellip;\n","protected":false},"author":2,"featured_media":242463,"comment_status":"","ping_status":"","sticky":false,"template":"","format":"standard","meta":{"footnotes":""},"categories":[8],"tags":[6069,17,18,4456,6913,25,24,13,14,69,11,19,20,6910,9,10,15,16,32675,14863,957,2959,952,956,21589,1699,6914,6912,23,4453,12,7081,21,22,14181,624,6911,4454],"class_list":{"0":"post-242462","1":"post","2":"type-post","3":"status-publish","4":"format-standard","5":"has-post-thumbnail","7":"category-espana","8":"tag-alberto-nunez-feijoo","9":"tag-breaking-news","10":"tag-breakingnews","11":"tag-congreso-diputados","12":"tag-debates-parlamentarios","13":"tag-es","14":"tag-espana","15":"tag-featured-news","16":"tag-featurednews","17":"tag-guerra","18":"tag-headlines","19":"tag-latest-news","20":"tag-latestnews","21":"tag-legislaturas-politicas","22":"tag-news","23":"tag-noticias","24":"tag-noticias-destacadas","25":"tag-noticiasdestacadas","26":"tag-parlamentarismo","27":"tag-parlamento","28":"tag-partidos-politicos","29":"tag-pedro-sanchez","30":"tag-politica","31":"tag-pp","32":"tag-presupuestos-generales-estado","33":"tag-psoe","34":"tag-santiago-abascal","35":"tag-senado","36":"tag-spain","37":"tag-sumar","38":"tag-titulares","39":"tag-ucrania","40":"tag-ultimas-noticias","41":"tag-ultimasnoticias","42":"tag-volodimir-zelenski","43":"tag-vox","44":"tag-xv-legislatura-espana","45":"tag-yolanda-diaz"},"share_on_mastodon":{"url":"","error":"Validation failed: Text character limit of 500 exceeded"},"_links":{"self":[{"href":"https:\/\/www.europesays.com\/es\/wp-json\/wp\/v2\/posts\/242462","targetHints":{"allow":["GET"]}}],"collection":[{"href":"https:\/\/www.europesays.com\/es\/wp-json\/wp\/v2\/posts"}],"about":[{"href":"https:\/\/www.europesays.com\/es\/wp-json\/wp\/v2\/types\/post"}],"author":[{"embeddable":true,"href":"https:\/\/www.europesays.com\/es\/wp-json\/wp\/v2\/users\/2"}],"replies":[{"embeddable":true,"href":"https:\/\/www.europesays.com\/es\/wp-json\/wp\/v2\/comments?post=242462"}],"version-history":[{"count":0,"href":"https:\/\/www.europesays.com\/es\/wp-json\/wp\/v2\/posts\/242462\/revisions"}],"wp:featuredmedia":[{"embeddable":true,"href":"https:\/\/www.europesays.com\/es\/wp-json\/wp\/v2\/media\/242463"}],"wp:attachment":[{"href":"https:\/\/www.europesays.com\/es\/wp-json\/wp\/v2\/media?parent=242462"}],"wp:term":[{"taxonomy":"category","embeddable":true,"href":"https:\/\/www.europesays.com\/es\/wp-json\/wp\/v2\/categories?post=242462"},{"taxonomy":"post_tag","embeddable":true,"href":"https:\/\/www.europesays.com\/es\/wp-json\/wp\/v2\/tags?post=242462"}],"curies":[{"name":"wp","href":"https:\/\/api.w.org\/{rel}","templated":true}]}}