{"id":242466,"date":"2025-11-18T09:22:07","date_gmt":"2025-11-18T09:22:07","guid":{"rendered":"https:\/\/www.europesays.com\/es\/242466\/"},"modified":"2025-11-18T09:22:07","modified_gmt":"2025-11-18T09:22:07","slug":"alcaraz-no-jugara-la-copa-davis-con-espana","status":"publish","type":"post","link":"https:\/\/www.europesays.com\/es\/242466\/","title":{"rendered":"Alcaraz no jugar\u00e1 la Copa Davis con Espa\u00f1a"},"content":{"rendered":"<p style=\"\">Carlos Alcaraz no jugar\u00e1 la Copa Davis. Los problemas en el isquio le obligan a retirarse de la competici\u00f3n por equipo a unas horas de que el conjunto espa\u00f1ol debute en cuartos contra la <strong>Rep\u00fablica Checa<\/strong>.<\/p>\n<p style=\"\">El murciano lleg\u00f3 a Bolonia el lunes en  &#8230; furgoneta desde Tur\u00edn como l\u00edder del equipo, pero tambi\u00e9n entre dudas por los <a href=\"https:\/\/www.abc.es\/deportes\/tenis\/alcaraz-choca-sinner-majestuoso-territorio-20251116203438-nt.html\" target=\"_self\" data-voc-vtm-id=\"in-text-traffic\" title=\"problemas en el muslo derecho que se produjo durante las ATP Finals\" data-mrf-link=\"www.abc.es\" rel=\"nofollow noopener\">problemas en el muslo derecho que se produjo durante las ATP Finals<\/a>. Pas\u00f3 por reconocimiento m\u00e9dico y resonancia para valorar c\u00f3mo estaba la zona y se comprob\u00f3 que era una sobrecarga y no una rotura. Apur\u00f3 tiempos, dado que Espa\u00f1a no juega hasta el jueves, y ten\u00eda previsto descansar este martes y saltar a probarse con sus compa\u00f1eros en el entrenamiento del mi\u00e9rcoles para ver c\u00f3mo se sent\u00eda en pista.<\/p>\n<p class=\"voc-p\" style=\"\">Sin embargo, seg\u00fan adelant\u00f3 &#8216;El Partidazo&#8217; de la Cope la noche del lunes al martes, el tenista murciano tiene un edema muscular en la pierna derecha y su participaci\u00f3n en la fase final del torneo que comienza este martes en <strong>Bolonia<\/strong> (Italia) conllevar\u00eda asumir un alto riesgo de lesi\u00f3n. Horas despu\u00e9s, \u00e9l mismo lo confirm\u00f3 en sus redes sociales.<\/p>\n<blockquote class=\"twitter-tweet\">\n<p lang=\"es\" dir=\"ltr\">Siento much\u00edsimo anunciar que no voy a poder jugar con Espa\u00f1a la Copa Davis en Bolonia\u2026 \ud83e\udd72 Tengo un edema en el isquiotibial de la pierna derecha y la recomendaci\u00f3n m\u00e9dica es no competir. Siempre he dicho que jugar por Espa\u00f1a es lo m\u00e1s grande que hay y me hac\u00eda mucha ilusi\u00f3n\u2026 <a href=\"https:\/\/t.co\/ftWvwGUYcu\" rel=\"nofollow\">pic.twitter.com\/ftWvwGUYcu<\/a><\/p>\n<p>\u2014 Carlos Alcaraz (@carlosalcaraz) <a href=\"https:\/\/twitter.com\/carlosalcaraz\/status\/1990706573237252319?ref_src=twsrc%5Etfw\" rel=\"nofollow noopener\" target=\"_blank\">November 18, 2025<\/a><\/p><\/blockquote>\n<p class=\"voc-p\" style=\"\">A pesar de sus empe\u00f1os y de sus deseos de llegar bien a la competici\u00f3n, ha preferido reposar y terminar as\u00ed su temporada, por otra parte estupenda, aunque se despida sin jugar con un mal sabor de boca. Alcaraz, 22 a\u00f1os, pidi\u00f3 la asistencia m\u00e9dica en dos ocasiones en la final contra Sinner, y afirm\u00f3 que los apoyos los ten\u00eda fuertes, que no le hab\u00eda limitado el movimiento, pero s\u00ed se le instal\u00f3 en la cabeza y evit\u00f3 algunos gestos de los que suele hacer para defender. \u00abLa idea es ir a Bolonia, ver c\u00f3mo progresa el isquio estos d\u00edas, pero mi intenci\u00f3n es dar todo lo que est\u00e9 en mi mano para poder recuperarme y poder jugar bien la Copa Davis con Espa\u00f1a\u00bb, dec\u00eda el espa\u00f1ol el domingo por la noche, tras perder la final de la <a href=\"https:\/\/www.abc.es\/deportes\/tenis\/alcaraz-choca-sinner-majestuoso-territorio-20251116203438-nt.html\" target=\"_blank\" data-voc-vtm-id=\"in-text-traffic\" title=\"Copa de Maestros contra Jannik Sinner\" data-mrf-link=\"www.abc.es\" rel=\"nofollow noopener\">Copa de Maestros contra Jannik Sinner<\/a>.<\/p>\n<p class=\"voc-p\" style=\"\">Sin embargo, el intento de levantar su primera Ensaladera tendr\u00e1 que esperar, pues el muslo necesita descanso y no forzar para evitar un desgarro mayor. Era una gran oportunidad para Alcaraz, pues no acud\u00edan a la cita tambi\u00e9n por desgaste ni Sinner ni Lorenzo Musetti; Zverev s\u00ed estaba, pero m\u00e1s por amistad que por apetencia; y en Rep\u00fablica Checa tambi\u00e9n hay componentes del grupo con algunas molestias f\u00edsicas. Pero el n\u00famero 1 del mundo tambi\u00e9n ha valorado su propio futuro, pues descansar ahora le permitir\u00e1 una mejor\u00eda m\u00e1s r\u00e1pida del problema en el isquio y, adem\u00e1s, afrontar bien una buena pretemporada, que incluye varias exhibiciones en diciembre.<\/p>\n<p class=\"voc-p\" style=\"\">Y, sobre todo, tendr\u00e1 muchas m\u00e1s garant\u00edas de llegar a enero en perfectas condiciones de descanso y preparaci\u00f3n para acometer ese Abierto de Australia que desea y por el que dar\u00eda mucho. No hay que olvidar que el murciano ya se perdi\u00f3 el primer Grand Slam de 2022 por una lesi\u00f3n parecida.<\/p>\n<p class=\"voc-p\" style=\"\">As\u00ed, David Ferrer se queda sin su n\u00famero 1, pero contar\u00e1 con el orgullo y la valent\u00eda de <strong>Pedro Mart\u00ednez, Juan Munar, Pablo Carre\u00f1o y Marcel Granollers<\/strong>. Como dec\u00eda el capit\u00e1n, siempre es mejor contar con Alcaraz en el equipo, pero este grupo tambi\u00e9n le dio la vuelta a un 0-2 contra Dinamarca y tambi\u00e9n quieren levantar la s\u00e9ptima Ensaladera para Espa\u00f1a.<\/p>\n<p class=\"voc-p\" style=\"\">Espa\u00f1a disputar\u00e1 este jueves los cuartos de final ante la Rep\u00fablica Checa. Los partidos individuales los jugar\u00e1n<strong\/>Munar y Carre\u00f1o, mientras que Granollers y Mart\u00ednez formar\u00e1n la pareja de dobles.<\/p>\n<p><script async src=\"https:\/\/platform.twitter.com\/widgets.js\" charset=\"utf-8\"><\/script><\/p>\n","protected":false},"excerpt":{"rendered":"Carlos Alcaraz no jugar\u00e1 la Copa Davis. Los problemas en el isquio le obligan a retirarse de la&hellip;\n","protected":false},"author":2,"featured_media":242467,"comment_status":"","ping_status":"","sticky":false,"template":"","format":"standard","meta":{"footnotes":""},"categories":[274],"tags":[4736,2493,2494,168,25,24,10660,23,167,327,326],"class_list":{"0":"post-242466","1":"post","2":"type-post","3":"status-publish","4":"format-standard","5":"has-post-thumbnail","7":"category-tenis","8":"tag-alcaraz","9":"tag-copa","10":"tag-davis","11":"tag-deportes","12":"tag-es","13":"tag-espana","14":"tag-jugara","15":"tag-spain","16":"tag-sports","17":"tag-tenis","18":"tag-tennis"},"share_on_mastodon":{"url":"https:\/\/pubeurope.com\/@es\/115569973769950714","error":""},"_links":{"self":[{"href":"https:\/\/www.europesays.com\/es\/wp-json\/wp\/v2\/posts\/242466","targetHints":{"allow":["GET"]}}],"collection":[{"href":"https:\/\/www.europesays.com\/es\/wp-json\/wp\/v2\/posts"}],"about":[{"href":"https:\/\/www.europesays.com\/es\/wp-json\/wp\/v2\/types\/post"}],"author":[{"embeddable":true,"href":"https:\/\/www.europesays.com\/es\/wp-json\/wp\/v2\/users\/2"}],"replies":[{"embeddable":true,"href":"https:\/\/www.europesays.com\/es\/wp-json\/wp\/v2\/comments?post=242466"}],"version-history":[{"count":0,"href":"https:\/\/www.europesays.com\/es\/wp-json\/wp\/v2\/posts\/242466\/revisions"}],"wp:featuredmedia":[{"embeddable":true,"href":"https:\/\/www.europesays.com\/es\/wp-json\/wp\/v2\/media\/242467"}],"wp:attachment":[{"href":"https:\/\/www.europesays.com\/es\/wp-json\/wp\/v2\/media?parent=242466"}],"wp:term":[{"taxonomy":"category","embeddable":true,"href":"https:\/\/www.europesays.com\/es\/wp-json\/wp\/v2\/categories?post=242466"},{"taxonomy":"post_tag","embeddable":true,"href":"https:\/\/www.europesays.com\/es\/wp-json\/wp\/v2\/tags?post=242466"}],"curies":[{"name":"wp","href":"https:\/\/api.w.org\/{rel}","templated":true}]}}