{"id":242474,"date":"2025-11-18T09:27:11","date_gmt":"2025-11-18T09:27:11","guid":{"rendered":"https:\/\/www.europesays.com\/es\/242474\/"},"modified":"2025-11-18T09:27:11","modified_gmt":"2025-11-18T09:27:11","slug":"marilo-montero-gana-masterchef-celebrity-10-en-la-1-tras-una-polemica-con-rtve","status":"publish","type":"post","link":"https:\/\/www.europesays.com\/es\/242474\/","title":{"rendered":"Maril\u00f3 Montero gana MasterChef Celebrity 10 en La 1 tras una pol\u00e9mica con RTVE"},"content":{"rendered":"<p class=\"paragraph\"><b>Maril\u00f3 Montero<\/b> se ha proclamado como la<b> d\u00e9cima ganadora de &#8216;MasterChef Celebrity&#8217;<\/b> tras superar una <b>re\u00f1ida final<\/b> junto al <b>exfutbolista Miguel Torres<\/b>, en una edici\u00f3n 2025 que ha vuelto a situar el formato de La 1 de RTVE entre sus apuestas m\u00e1s s\u00f3lidas. La comunicadora, que protagoniz\u00f3 <b>diversas controversias<\/b> durante la promoci\u00f3n por sus<b> cr\u00edticas a la orientaci\u00f3n de la cadena p\u00fablica<\/b>, logr\u00f3 el trofeo y <b>donar\u00e1 los 75.000 euros del premio a la Fundaci\u00f3n Espa\u00f1ola para la Investigaci\u00f3n de la Esclerosis Lateral Amiotr\u00f3fica<\/b>. En la \u00faltima gala, celebrada este lunes, ambos finalistas compartieron fogones con el apoyo de sus familiares, culminando as\u00ed doce semanas de competici\u00f3n en un contexto de m\u00e1xima expectaci\u00f3n televisiva.<\/p>\n<p class=\"paragraph\">La edici\u00f3n de 2025 de &#8216;MasterChef Celebrity&#8217; lleg\u00f3 a su <b>desenlace en San Sebasti\u00e1n<\/b>, donde concursantes y equipo rindieron un emotivo <b>homenaje a los 50 a\u00f1os de trayectoria del reconocido chef Mart\u00edn Berasategui<\/b>, el espa\u00f1ol con m\u00e1s estrellas Michelin.<\/p>\n<p class=\"paragraph\">El Palacio Miramar, con presencia de nombres como Pedro Subijana, David de Jorge y Eneko Atxa, sirvi\u00f3 de escenario para la evaluaci\u00f3n final de los aspirantes. Adem\u00e1s, la gala cont\u00f3 con la participaci\u00f3n de <b>Tamara Falc\u00f3, ganadora de la cuarta edici\u00f3n, y del chef internacional Virgilio Mart\u00ednez<\/b>, considerado desde Lima como uno de los referentes mundiales de la alta cocina, quien plante\u00f3 el primer reto bajo la atenta mirada del jurado y de Oriol Castro, con tres estrellas Michelin.<\/p>\n<p class=\"paragraph\"><b>UNA FINAL MARCADA POR LA EMOCI\u00d3N Y LA TENSI\u00d3N<\/b><\/p>\n<p class=\"paragraph\">En el duelo definitivo, <b>Montero y Torres dise\u00f1aron sus propios men\u00fas degustaci\u00f3n<\/b>, someti\u00e9ndose a una valoraci\u00f3n exhaustiva del jurado y del invitado chef Castro. El exfutbolista, arropado por su pareja <b>Paula Echevarr\u00eda<\/b>, se mostr\u00f3 satisfecho con su experiencia y afirm\u00f3: \u00abMe siento ganador porque junto a mi etapa del f\u00fatbol este ha sido el proyecto m\u00e1s bonito que he hecho en mi vida\u00bb.<\/p>\n<p class=\"paragraph\">Por su parte, <b>Maril\u00f3 Montero<\/b>, que vivi\u00f3 la final con la compa\u00f1\u00eda de <b>sus hijos Roc\u00edo Crusset y Alberto Herrera<\/b>, dedic\u00f3 el triunfo a ellos y asegur\u00f3: \u00abEs un subid\u00f3n y me viene de maravilla. Es un impulso para la siguiente etapa de la vida\u00bb.<\/p>\n<p class=\"paragraph\"><b>POL\u00c9MICAS PREVIAS Y TRAYECTORIA DE LOS GANADORES<\/b><\/p>\n<p class=\"paragraph\">El acceso de Maril\u00f3 Montero a la final vino<b> <\/b>precedido por sus <b>declaraciones en medios, en las que acus\u00f3 a RTVE de responder al encargo de Pedro S\u00e1nchez de construir una televisi\u00f3n p\u00fablica unidireccional<\/b>. Parad\u00f3jicamente, ha sido la propia cadena la que la ha coronado como vencedora de su programa m\u00e1s visto. Junto a Torres, quien tambi\u00e9n recibir\u00e1 como premio la realizaci\u00f3n de un curso en el Basque Culinary Center con un acompa\u00f1ante, superaron en la \u00faltima criba al cantante Juanjo Bona y al colaborador televisivo Torito.<\/p>\n<p class=\"paragraph\"><b>RELIEVE EN EL FORMATO Y CONTINUIDAD DE CONCURSOS<\/b><\/p>\n<p class=\"paragraph\">Con su victoria, <b>Maril\u00f3 Montero se suma al palmar\u00e9s que iniciaron en 2016 Miguel \u00c1ngel Mu\u00f1oz, Sa\u00fal Craviotto, Ona Carbonell, Tamara Falc\u00f3, Raquel Mero\u00f1o, el d\u00fao Juanma Casta\u00f1o y Micky Nadal, Lorena Castell, Laura Londo\u00f1o e In\u00e9s Hernand<\/b>. Tras el cierre de esta edici\u00f3n de &#8216;MasterChef Celebrity&#8217;, RTVE mantiene su apuesta por los concursos de famosos, preparando ya el estreno de &#8216;Top Chef: Dulces y famosos&#8217;, presentado por Paula V\u00e1zquez. Este nuevo formato contar\u00e1 con participantes como <b>Bel\u00e9n Esteban, Antonio Resines, Mari\u00f1a Casta\u00f1o y Mariano Pe\u00f1a<\/b>, y permitir\u00e1 seguir viendo a celebridades desenvolverse en cocinas y reposter\u00edas televisivas.<\/p>\n<p>Te puede interesar<img decoding=\"async\" loading=\"lazy\" alt=\"Ermita de las Santas M\u00e1rtires del Monte\" width=\"396\" height=\"252\" src=\"https:\/\/www.europesays.com\/es\/wp-content\/uploads\/2025\/11\/691c2442a182a.jpeg\"\/><img decoding=\"async\" loading=\"lazy\" alt=\"Imagen de archivo de varias toallas dobladas\" width=\"396\" height=\"252\" src=\"https:\/\/www.europesays.com\/es\/wp-content\/uploads\/2025\/11\/691c1962501cf.jpeg\"\/><\/p>\n","protected":false},"excerpt":{"rendered":"Maril\u00f3 Montero se ha proclamado como la d\u00e9cima ganadora de &#8216;MasterChef Celebrity&#8217; tras superar una re\u00f1ida final junto&hellip;\n","protected":false},"author":2,"featured_media":242475,"comment_status":"","ping_status":"","sticky":false,"template":"","format":"standard","meta":{"footnotes":""},"categories":[174],"tags":[5233,255,146,147,25,24,256,12648,62315,23],"class_list":{"0":"post-242474","1":"post","2":"type-post","3":"status-publish","4":"format-standard","5":"has-post-thumbnail","7":"category-famosos","8":"tag-audiencias-um","9":"tag-celebrities","10":"tag-entertainment","11":"tag-entretenimiento","12":"tag-es","13":"tag-espana","14":"tag-famosos","15":"tag-ia-news","16":"tag-marilo-montero-masterchef","17":"tag-spain"},"share_on_mastodon":{"url":"https:\/\/pubeurope.com\/@es\/115569993474204703","error":""},"_links":{"self":[{"href":"https:\/\/www.europesays.com\/es\/wp-json\/wp\/v2\/posts\/242474","targetHints":{"allow":["GET"]}}],"collection":[{"href":"https:\/\/www.europesays.com\/es\/wp-json\/wp\/v2\/posts"}],"about":[{"href":"https:\/\/www.europesays.com\/es\/wp-json\/wp\/v2\/types\/post"}],"author":[{"embeddable":true,"href":"https:\/\/www.europesays.com\/es\/wp-json\/wp\/v2\/users\/2"}],"replies":[{"embeddable":true,"href":"https:\/\/www.europesays.com\/es\/wp-json\/wp\/v2\/comments?post=242474"}],"version-history":[{"count":0,"href":"https:\/\/www.europesays.com\/es\/wp-json\/wp\/v2\/posts\/242474\/revisions"}],"wp:featuredmedia":[{"embeddable":true,"href":"https:\/\/www.europesays.com\/es\/wp-json\/wp\/v2\/media\/242475"}],"wp:attachment":[{"href":"https:\/\/www.europesays.com\/es\/wp-json\/wp\/v2\/media?parent=242474"}],"wp:term":[{"taxonomy":"category","embeddable":true,"href":"https:\/\/www.europesays.com\/es\/wp-json\/wp\/v2\/categories?post=242474"},{"taxonomy":"post_tag","embeddable":true,"href":"https:\/\/www.europesays.com\/es\/wp-json\/wp\/v2\/tags?post=242474"}],"curies":[{"name":"wp","href":"https:\/\/api.w.org\/{rel}","templated":true}]}}