{"id":242478,"date":"2025-11-18T09:30:12","date_gmt":"2025-11-18T09:30:12","guid":{"rendered":"https:\/\/www.europesays.com\/es\/242478\/"},"modified":"2025-11-18T09:30:12","modified_gmt":"2025-11-18T09:30:12","slug":"aruseros-alfonso-arus-rotundo-con-rosalia-tras-lo-visto-en-el-show-de-jimmy-fallon-os-lo-dije-ni-un-mes-durara","status":"publish","type":"post","link":"https:\/\/www.europesays.com\/es\/242478\/","title":{"rendered":"Aruseros: Alfonso Ar\u00fas, rotundo con Rosal\u00eda tras lo visto en el &#8216;show&#8217; de Jimmy Fallon: \u00abOs lo dije: &#8216;ni un mes durar\u00e1&#8217;\u00bb"},"content":{"rendered":"<p style=\"\"><strong>Rosal\u00eda<\/strong> est\u00e1 inmersa en su gira promocional de su nuevo \u00e1lbum de estudio. As\u00ed, la cantante catalana ha visitado el &#8216;show&#8217; de<strong> Jimmy Fallon<\/strong> en donde ha interpretado en directo la canci\u00f3n &#8216;La Perla&#8217;. Una entrevista de la que se ha hecho  &#8230; eco &#8216;Aruser@s&#8217; (<a href=\"https:\/\/www.abc.es\/noticias\/la-sexta\/\" target=\"_self\" data-voc-vtm-id=\"in-text-traffic\" title=\"La Sexta\" data-mrf-link=\"www.abc.es\" rel=\"nofollow noopener\">La Sexta<\/a>) y que ha llevado a Alfonso Ar\u00fas, presentador del espacio, a sentenciar lo visto.<\/p>\n<p class=\"voc-p\" style=\"\">\u00abY <strong>Rosal\u00eda<\/strong> que se ha acercado al &#8216;show&#8217; de Jimmy Fallon\u00bb, anunciaba <strong>Alfonso Ar\u00fas<\/strong> a la audiencia, antes de mostrarle el corte del v\u00eddeo en el que la cantante catalana ense\u00f1aba la presentador norteamericano la letra de la canci\u00f3n &#8216;La Perla&#8217;. Un v\u00eddeo que Alfonso Ar\u00fas no dudaba en sentenciar. <\/p>\n<p class=\"voc-p\" style=\"\">\u00abNo est\u00e1n todav\u00eda para hacer un d\u00fao\u00bb, dec\u00eda entre risas el presentador del programa de La Sexta. \u00abClaro, adem\u00e1s, es que le ha puesto uno de los temas m\u00e1s dif\u00edciles porque est\u00e1 entero en espa\u00f1ol. Pero, al menos lo intenta\u00bb, apuntaba Tatiana Ar\u00fas, colaborador de &#8216;<a href=\"https:\/\/www.abc.es\/play\/television\/noticias\/alfonso-arus-desmonta-ultimo-anuncio-oscar-puente-20251117103432-nt.html\" target=\"_self\" data-voc-vtm-id=\"in-text-traffic\" title=\"Aruser@s&#039;\" data-mrf-link=\"www.abc.es\" rel=\"nofollow noopener\">Aruser@s&#8217;<\/a>, mientras que Alba Cano se fijaba en la \u00abbuena pronunciaci\u00f3n\u00bb de Jimmy Fallon. \u00abEs que cantar con Rosal\u00eda al lado, poca broma, \u00bfeh?\u00bb, indicaba la tertuliana, a lo que <strong>Alfonso Ar\u00fas<\/strong> la replicaba rotundo.\u00abQue ha estado a punto de decir: &#8216;es una perra&#8217;, \u00bfeh?\u00bb, manifestaba con sorna el presentador de &#8216;<a href=\"https:\/\/www.abc.es\/play\/television\/noticias\/estupor-nueva-cancion-lucas-seguidora-andy-lucas-20251114102404-nt.html\" target=\"_self\" data-voc-vtm-id=\"in-text-traffic\" title=\"Aruser@s\" data-mrf-link=\"www.abc.es\" rel=\"nofollow noopener\">Aruser@s<\/a>&#8216;, que pon\u00eda el foco en el tema<strong> &#8216;La Perla&#8217;<\/strong> y en lo que \u00e9l ya hab\u00eda vaticinado hace unas semanas.<\/p>\n<p class=\"voc-p\" style=\"\">\u00abPero ese no era el primer sencillo, es que ya os lo dije: &#8216;ni un mes durar\u00e1&#8217;\u00bb, afirmaba tajante <strong>Alfonso Ar\u00fas<\/strong> sobre su opini\u00f3n de &#8216;Berghain&#8217;. \u00abEse era un tema para encuadernar, para el lujo, para la cr\u00edtica, para los expertos, para ella misma, pero cuando tienes que hacer promoci\u00f3n tienes que hacer algo que sea asumible para ir por las teles\u00bb, aseveraba el conductor del <a href=\"https:\/\/www.abc.es\/play\/television\/noticias\/expertos-mojan-sobre-pronunciacion-rosalia-canciones-aleman-20251113113449-nt.html\" target=\"_self\" data-voc-vtm-id=\"in-text-traffic\" title=\"espacio\" data-mrf-link=\"www.abc.es\" rel=\"nofollow noopener\">espacio<\/a> de La Sexta sobre el tema de <strong>Rosal\u00eda<\/strong>.<\/p>\n","protected":false},"excerpt":{"rendered":"Rosal\u00eda est\u00e1 inmersa en su gira promocional de su nuevo \u00e1lbum de estudio. As\u00ed, la cantante catalana ha&hellip;\n","protected":false},"author":2,"featured_media":242479,"comment_status":"","ping_status":"","sticky":false,"template":"","format":"standard","meta":{"footnotes":""},"categories":[171],"tags":[18583,24092,14321,13729,146,147,25,24,27024,20984,1970,4147,4519,526,23,575,214,8922],"class_list":{"0":"post-242478","1":"post","2":"type-post","3":"status-publish","4":"format-standard","5":"has-post-thumbnail","7":"category-tv","8":"tag-alfonso","9":"tag-arus","10":"tag-dije","11":"tag-durara","12":"tag-entertainment","13":"tag-entretenimiento","14":"tag-es","15":"tag-espana","16":"tag-fallon","17":"tag-jimmy","18":"tag-mes","19":"tag-rosalia","20":"tag-rotundo","21":"tag-show","22":"tag-spain","23":"tag-tras","24":"tag-tv","25":"tag-visto"},"share_on_mastodon":{"url":"https:\/\/pubeurope.com\/@es\/115570004587266073","error":""},"_links":{"self":[{"href":"https:\/\/www.europesays.com\/es\/wp-json\/wp\/v2\/posts\/242478","targetHints":{"allow":["GET"]}}],"collection":[{"href":"https:\/\/www.europesays.com\/es\/wp-json\/wp\/v2\/posts"}],"about":[{"href":"https:\/\/www.europesays.com\/es\/wp-json\/wp\/v2\/types\/post"}],"author":[{"embeddable":true,"href":"https:\/\/www.europesays.com\/es\/wp-json\/wp\/v2\/users\/2"}],"replies":[{"embeddable":true,"href":"https:\/\/www.europesays.com\/es\/wp-json\/wp\/v2\/comments?post=242478"}],"version-history":[{"count":0,"href":"https:\/\/www.europesays.com\/es\/wp-json\/wp\/v2\/posts\/242478\/revisions"}],"wp:featuredmedia":[{"embeddable":true,"href":"https:\/\/www.europesays.com\/es\/wp-json\/wp\/v2\/media\/242479"}],"wp:attachment":[{"href":"https:\/\/www.europesays.com\/es\/wp-json\/wp\/v2\/media?parent=242478"}],"wp:term":[{"taxonomy":"category","embeddable":true,"href":"https:\/\/www.europesays.com\/es\/wp-json\/wp\/v2\/categories?post=242478"},{"taxonomy":"post_tag","embeddable":true,"href":"https:\/\/www.europesays.com\/es\/wp-json\/wp\/v2\/tags?post=242478"}],"curies":[{"name":"wp","href":"https:\/\/api.w.org\/{rel}","templated":true}]}}