{"id":242488,"date":"2025-11-18T09:38:09","date_gmt":"2025-11-18T09:38:09","guid":{"rendered":"https:\/\/www.europesays.com\/es\/242488\/"},"modified":"2025-11-18T09:38:09","modified_gmt":"2025-11-18T09:38:09","slug":"corea-del-norte-advierte-que-la-construccion-de-submarinos-surcoreanos-desataran-un-efecto-domino-nuclear","status":"publish","type":"post","link":"https:\/\/www.europesays.com\/es\/242488\/","title":{"rendered":"Corea del Norte advierte que la construcci\u00f3n de submarinos surcoreanos desatar\u00e1n un \u00abefecto domin\u00f3 nuclear\u00bb"},"content":{"rendered":"<p class=\"c-paragraph\">Pionyang advirti\u00f3 este martes de que la futura construcci\u00f3n de submarinos de propulsi\u00f3n nuclear por parte de Corea del Sur desencadenar\u00e1 \u00abinevitablemente\u00bb <b>un \u00abefecto domin\u00f3 nuclear\u00bb en la regi\u00f3n<\/b>, en su primera reacci\u00f3n p\u00fablica a los recientes acuerdos en materia de seguridad y comercio anunciados por Se\u00fal y Washington la semana pasada.<\/p>\n<p class=\"c-paragraph\">Los submarinos de propulsi\u00f3n nuclear permitir\u00e1n a Corea del Sur avanzar en su \u00abpropia nuclearizaci\u00f3n armament\u00edstica\u00bb, desatando a su vez un \u00abefecto domin\u00f3 nuclear\u00bb en la regi\u00f3n y una \u00abintensa carrera armament\u00edstica\u00bb, dijo la agencia estatal norcoreana KCNA en un extenso editorial.<\/p>\n<p class=\"c-paragraph\">Se trata de la primera respuesta a varios documentos divulgados por Se\u00fal y Washington la semana pasada: la hoja informativa conjunta sobre las dos cumbres entre el presidente de Corea del Sur, Lee Jae-myung, y su hom\u00f3logo de Estados Unidos, Donald Trump, celebradas en agosto y octubre de este a\u00f1o, y el comunicado de los dos pa\u00edses sobre los resultados de la 57\u00aa Reuni\u00f3n Consultiva de Seguridad (SCM), llevada a cabo a principios de mes.<\/p>\n<p class=\"c-paragraph\">En el acuerdo, Washington y Se\u00fal afirmaron que el alivio parcial de restricciones al <b>enriquecimiento de uranio<\/b> es para fines no armament\u00edsticos de Corea del Sur.<\/p>\n<p class=\"c-paragraph\">El editorial norcoreano critic\u00f3 que Washington haya autorizado a Corea del Sur a desarrollar submarinos de propulsi\u00f3n nuclear, y acus\u00f3 a EEUU de dar <b>\u00abluz verde\u00bb a Se\u00fal para enriquecer uranio<\/b> y reprocesar combustible nuclear.<\/p>\n<p class=\"c-paragraph\">Estas medidas convertir\u00edan a Corea del Sur en un \u00abcuasi-Estado nuclear\u00bb, seg\u00fan Pionyang.<\/p>\n<p class=\"c-paragraph\">Pionyang tambi\u00e9n denunci\u00f3 que ambos Gobiernos hayan sustituido el t\u00e9rmino \u00abdesnuclearizaci\u00f3n de la pen\u00ednsula coreana\u00bb por<b> la de \u00abdesnuclearizaci\u00f3n de Corea del Norte\u00bb<\/b>. El r\u00e9gimen herm\u00e9tico ha seguido firme en que no sostendr\u00e1 di\u00e1logos de ning\u00fan tipo hasta que se abandone el tema de la desnuclearizaci\u00f3n de la mesa de negociaci\u00f3n.<\/p>\n<p class=\"c-paragraph\">La publicaci\u00f3n llega un d\u00eda despu\u00e9s de que Se\u00fal emitiera su primera propuesta oficial de di\u00e1logo militar intercoreano bajo el Gobierno de Lee, destinada a evitar choques accidentales en la frontera, y tras el fallido intento de la Administraci\u00f3n Trump de celebrar una cumbre con Kim Jong-un durante su gira asi\u00e1tica del mes pasado.<\/p>\n","protected":false},"excerpt":{"rendered":"Pionyang advirti\u00f3 este martes de que la futura construcci\u00f3n de submarinos de propulsi\u00f3n nuclear por parte de Corea&hellip;\n","protected":false},"author":2,"featured_media":242489,"comment_status":"","ping_status":"","sticky":false,"template":"","format":"standard","meta":{"footnotes":""},"categories":[42],"tags":[517,17,18,13,14,11,61,62,63,64,19,20,9,10,15,16,12,21,22,65,66,67],"class_list":{"0":"post-242488","1":"post","2":"type-post","3":"status-publish","4":"format-standard","5":"has-post-thumbnail","7":"category-internacional","8":"tag-actualidad","9":"tag-breaking-news","10":"tag-breakingnews","11":"tag-featured-news","12":"tag-featurednews","13":"tag-headlines","14":"tag-internacional","15":"tag-international","16":"tag-international-news","17":"tag-internationalnews","18":"tag-latest-news","19":"tag-latestnews","20":"tag-news","21":"tag-noticias","22":"tag-noticias-destacadas","23":"tag-noticiasdestacadas","24":"tag-titulares","25":"tag-ultimas-noticias","26":"tag-ultimasnoticias","27":"tag-world","28":"tag-world-news","29":"tag-worldnews"},"share_on_mastodon":{"url":"https:\/\/pubeurope.com\/@es\/115570036242505371","error":""},"_links":{"self":[{"href":"https:\/\/www.europesays.com\/es\/wp-json\/wp\/v2\/posts\/242488","targetHints":{"allow":["GET"]}}],"collection":[{"href":"https:\/\/www.europesays.com\/es\/wp-json\/wp\/v2\/posts"}],"about":[{"href":"https:\/\/www.europesays.com\/es\/wp-json\/wp\/v2\/types\/post"}],"author":[{"embeddable":true,"href":"https:\/\/www.europesays.com\/es\/wp-json\/wp\/v2\/users\/2"}],"replies":[{"embeddable":true,"href":"https:\/\/www.europesays.com\/es\/wp-json\/wp\/v2\/comments?post=242488"}],"version-history":[{"count":0,"href":"https:\/\/www.europesays.com\/es\/wp-json\/wp\/v2\/posts\/242488\/revisions"}],"wp:featuredmedia":[{"embeddable":true,"href":"https:\/\/www.europesays.com\/es\/wp-json\/wp\/v2\/media\/242489"}],"wp:attachment":[{"href":"https:\/\/www.europesays.com\/es\/wp-json\/wp\/v2\/media?parent=242488"}],"wp:term":[{"taxonomy":"category","embeddable":true,"href":"https:\/\/www.europesays.com\/es\/wp-json\/wp\/v2\/categories?post=242488"},{"taxonomy":"post_tag","embeddable":true,"href":"https:\/\/www.europesays.com\/es\/wp-json\/wp\/v2\/tags?post=242488"}],"curies":[{"name":"wp","href":"https:\/\/api.w.org\/{rel}","templated":true}]}}