{"id":242492,"date":"2025-11-18T09:40:15","date_gmt":"2025-11-18T09:40:15","guid":{"rendered":"https:\/\/www.europesays.com\/es\/242492\/"},"modified":"2025-11-18T09:40:15","modified_gmt":"2025-11-18T09:40:15","slug":"alcala-de-henares-celebra-la-semana-de-la-diversidad-con-mas-de-20-actividades-inclusivas-del-21-de-noviembre-al-4-de-diciembre","status":"publish","type":"post","link":"https:\/\/www.europesays.com\/es\/242492\/","title":{"rendered":"Alcal\u00e1 de Henares celebra la Semana de la Diversidad con m\u00e1s de 20 actividades inclusivas del 21 de noviembre al 4 de diciembre"},"content":{"rendered":"<p><strong>Teatro, talleres, deporte, cuentacuentos y espacios de reflexi\u00f3n conforman una programaci\u00f3n abierta a toda la ciudadan\u00eda.<\/strong><\/p>\n<p>Alcal\u00e1 de Henares, 18-noviembre-2025.- El Ayuntamiento de Alcal\u00e1 de Henares ha presentado la programaci\u00f3n de la Semana de la Diversidad 2025, que se desarrollar\u00e1 del 21 de noviembre al 4 de diciembre bajo el lema \u2018Diversos: la fuerza de ser \u00fanicos\u2019, con actividades dise\u00f1adas conjuntamente por las asociaciones locales de diversidad.<\/p>\n<p>Durante estas dos semanas, la ciudadan\u00eda podr\u00e1 disfrutar de una amplia variedad de iniciativas que ponen en valor la inclusi\u00f3n y la convivencia. La programaci\u00f3n re\u00fane propuestas de todas las entidades participantes, ofreciendo espacios para la sensibilizaci\u00f3n y el entretenimiento inclusivo.<\/p>\n<p>La programaci\u00f3n se abre con la gala ben\u00e9fica del Calendario 2026 de TUPUJUME, asociaci\u00f3n que tambi\u00e9n ofrece talleres de manualidades, batucada y actividades deportivas de baloncesto y f\u00fatbol sala. En el \u00e1mbito teatral, se presentan las obras \u00abEl Secreto de la Dragoni\u00bb de la Asociaci\u00f3n Ven y R\u00ede e \u00abHistorias de mujeres\u00bb de ADERAH, junto a propuestas de expresi\u00f3n corporal, juegos teatrales y artes pl\u00e1sticas de ALHENA que enriquecen la comunicaci\u00f3n y fomentan la reflexi\u00f3n.<\/p>\n<p>Las actividades educativas y de sensibilizaci\u00f3n incluyen un taller sobre ayudas t\u00e9cnicas para escolares de APHISA, un cinef\u00f3rum sobre discapacidad de Fundaci\u00f3n Astier y espacios de reflexi\u00f3n sobre duelo y discapacidad coordinados por ALHENA, y el Centro Universitario Cardenal Cisneros. Adem\u00e1s, se ofrecen talleres de postales navide\u00f1as y plantaci\u00f3n de semilleros de Fundaci\u00f3n Astier, as\u00ed como un concurso intergeneracional por equipos familiares de AECUM de estimulaci\u00f3n cerebral.<\/p>\n<p>Entre las propuestas m\u00e1s innovadoras destaca el circuito de movilidad con bast\u00f3n de la ONCE: \u201cVe como vemos\u201d, y la exposici\u00f3n del Voluntariado en Discapacidad de la Bolsa de Voluntariado y ALHENA, acompa\u00f1ada de una presentaci\u00f3n documental sobre los principios del voluntariado.<\/p>\n<p>Destacan tambi\u00e9n la IV Gala Valores con rostros diversos y la visita inclusiva a la ciudad, que requiere reserva previa.<\/p>\n<p>\u00abConstruir entre todos una ciudad m\u00e1s inclusiva es el objetivo principal\u00bb, afirma el concejal Santiago Alonso destacando que las actividades est\u00e1n abiertas a toda la ciudadan\u00eda bajo el t\u00edtulo \u201cAbriendo puertas al ocio inclusivo\u201d.<\/p>\n<p><strong>PROGRAMACI\u00d3N<\/strong><\/p>\n<p>VIERNES 21 DE NOVIEMBRE<\/p>\n<ul>\n<li>19:00 h. Gala Calendario ben\u00e9fico TUPUJUME 2026. Organiza: Asociaci\u00f3n TUPUJUME. Lugar: Auditorio Paco de Luc\u00eda, Calle Ntra. Sra. del Pilar, s\/n<\/li>\n<\/ul>\n<p>LUNES 24 DE NOVIEMBRE<\/p>\n<ul>\n<li>09:00 Taller sobre ayudas t\u00e9cnicas, para escolares \u00abCOMPROMISO CON LA INCLUSI\u00d3N\u00bb Dirigido a escolares del centro. Organiza: APHISA y CEIP Pablo Neruda. C\/ Torres de la Alameda n\u00ba1<\/li>\n<li>18:00 h. Abriendo puertas al ocio inclusivo: Talleres de manualidades. Un espacio donde cada persona puede expresarse y descubrir nuevas habilidades. Organiza: Asociaci\u00f3n TUPUJUME. Lugar: Paseo de los Pinos s\/n, acceso por Calle Pedro del Campo, 6).<\/li>\n<\/ul>\n<p>MI\u00c9RCOLES 26 DE NOVIEMBRE<\/p>\n<ul>\n<li>11:00 h. Obra de Teatro Infantil \u201cEl Secreto de la Dragoni.\u201d Organiza: Asociaci\u00f3n Cultural Ven y R\u00ede. Campa\u00f1a escolar. Lugar: Auditorio Paco de Luc\u00eda, Calle Ntra. Sra. del Pilar, s\/n<\/li>\n<li>18:00 h. Abriendo puertas al ocio inclusivo: Dale ritmo a tu cuerpo, la expresi\u00f3n corporal para enriquecer la comunicaci\u00f3n, proyectar la confianza y establecer conexiones emocionales. Organiza: Asociaci\u00f3n ALHENA. Lugar: Centro FIA, Calle Paula Montal s\/n (Junto Alcal\u00e1 Magna)<\/li>\n<\/ul>\n<p>JUEVES 27 DE NOVIEMBRE<\/p>\n<ul>\n<li>10:00 h. Presentaci\u00f3n cuentacuentos infantil sobre la diversidad \u00abEl bosque de las mil hojas\u00bb de Ana P\u00e9rez de C\u00e1mara. Un cuento sobre la belleza de las diferencias para pensar en la inclusi\u00f3n. Organiza: Asociaci\u00f3n ALHENA. Lugar: Escuela de Educaci\u00f3n Infantil.<\/li>\n<li>18:00 h. Abriendo puertas al ocio inclusivo: Juegos teatrales para no guardarse palabras. Actividad l\u00fadica y motriz para fomentar la expresi\u00f3n y la reflexi\u00f3n. Organiza: Asociaci\u00f3n ALHENA. Lugar: Centro FIA, Calle Paula Montal s\/n (Junto Alcal\u00e1 Magna)<\/li>\n<\/ul>\n<p>VIERNES 28 DE NOVIEMBRE<\/p>\n<ul>\n<li>11:00 h. Espacio de reflexi\u00f3n: Asesoramiento profesional sobre duelo y discapacidad. Proyecci\u00f3n del tr\u00e1iler \u00abCuando yo no est\u00e9\u00bb de Francisco Gilbert. Dirigida a padres, tutores y profesionales. Organiza: C.U. Cardenal Cisneros, Asociaci\u00f3n ALHENA. Lugar: Sal\u00f3n de Actos Centro Universitario Cardenal Cisneros, Avda. Jesuitas 34<\/li>\n<li>18:00 h. Obra teatral: \u00abHistorias de mujeres.\u00bb Grupo de teatro alcala\u00edno \u00abEl espejo\u00bb. Entrada: 3 \u20ac (hasta completar aforo). Organiza: ADERAH. Lugar: Auditorio Paco de Luc\u00eda, Calle Ntra. Sra. del Pilar, s\/n.<\/li>\n<li>19:30 h. Abriendo puertas al ocio inclusivo: Taller de Batucada. No hace falta experiencia. Organiza: Asociaci\u00f3n TUPUJUME. Lugar: Calle Melilla 10, Nave 52<\/li>\n<\/ul>\n<p>S\u00c1BADO 29 DE NOVIEMBRE<\/p>\n<p>DOMINGO 30 DE NOVIEMBRE<\/p>\n<ul>\n<li>11:00 h. IV Gala Valores con rostros diversos. Entrada gratuita (hasta completar aforo) Organiza: Concejal\u00eda de Igualdad. Lugar: Auditorio Paco de Luc\u00eda, Calle Ntra. Sra. del Pilar, s\/n.<\/li>\n<\/ul>\n<p>LUNES 1 DE DICIEMBRE<\/p>\n<ul>\n<li>11:00 h. CINEF\u00d3RUM: \u00bfHablamos de discapacidad? Organiza: Fundaci\u00f3n Astier. Lugar: Avenida de Meco, 14<\/li>\n<li>18:00 h. Abriendo puertas al ocio inclusivo: Experimenta tu arte. Espacio para la manifestaci\u00f3n de ideas, sentimientos y emociones a trav\u00e9s de tus manos. Organiza: Asociaci\u00f3n ALHENA. Lugar: Centro FIA, Calle Paula Montal s\/n (Junto Alcal\u00e1 Magna)<\/li>\n<\/ul>\n<p>MARTES 2 DE DICIEMBRE<\/p>\n<ul>\n<li>11:00 h. Abriendo puertas al ocio inclusivo: Taller de postales navide\u00f1as. Reserva de plaza por correo: <a href=\"https:\/\/www.ayto-alcaladehenares.es\/alcala-de-henares-celebra-la-semana-de-la-diversidad-con-mas-de-20-actividades-inclusivas-del-21-de-noviembre-al-4-de-diciembre\/mailto:comunicacion@fundacionastier.es\" rel=\"nofollow noopener\" target=\"_blank\">comunicacion@fundacionastier.es<\/a>. Organiza: Fundaci\u00f3n Astier. Lugar: Avenida de Meco, 14<\/li>\n<li>11:00 h. Abriendo puertas al ocio inclusivo: Taller de plantar semilleros. Reserva de plaza por correo: <a href=\"https:\/\/www.ayto-alcaladehenares.es\/alcala-de-henares-celebra-la-semana-de-la-diversidad-con-mas-de-20-actividades-inclusivas-del-21-de-noviembre-al-4-de-diciembre\/mailto:comunicacion@fundacionastier.es\" rel=\"nofollow noopener\" target=\"_blank\">comunicacion@fundacionastier.es<\/a>. Organiza: Fundaci\u00f3n Astier Lugar: Avenida de Meco, 14<\/li>\n<li>17:00 h. Taller \u201cPareja y buen trato dentro de la discapacidad\u201d. Organiza: Concejal\u00eda de Igualdad. Lugar: Centro FIA, Calle Paula Montal s\/n (Junto Alcal\u00e1 Magna)<\/li>\n<li>18:30 h. Concurso intergeneracional por equipos (familias). Concurso de estimulaci\u00f3n cerebral a trav\u00e9s de dibujos animados actuales y cuentos tradicionales. 2 componentes por equipo (ejemplo: padre-abuel@ e hij@-niet@). Correo para concursar: <a href=\"https:\/\/www.ayto-alcaladehenares.es\/alcala-de-henares-celebra-la-semana-de-la-diversidad-con-mas-de-20-actividades-inclusivas-del-21-de-noviembre-al-4-de-diciembre\/mailto:asociacionaecum@gmail.com\" rel=\"nofollow noopener\" target=\"_blank\">asociacionaecum@gmail.com<\/a>. Organiza: AECUM. Lugar: Centro Cultural La Galatea, Calle Emilia Pardo Baz\u00e1n, 3.<\/li>\n<\/ul>\n<p>MI\u00c9RCOLES 3 DE DICIEMBRE<\/p>\n<ul>\n<li>11:30 h. \u00abVe como vemos\u00bb: Circuito de movilidad con bast\u00f3n. Organiza: ONCE. Lugar: Plaza Cervantes.<\/li>\n<li>18:30 h. Presentaci\u00f3n documental: Principios del voluntariado. Implicaci\u00f3n de profesionales. Organiza: Bolsa de Voluntariado y ALHENA. Lugar: Centro FIA, Calle Paula Montal s\/n (Junto Alcal\u00e1 Magna).<\/li>\n<li>19:00 h. Inauguraci\u00f3n de la Exposici\u00f3n del Voluntariado en Discapacidad. Organiza: Bolsa de Voluntariado y ALHENA. Lugar: Centro FIA, Calle Paula Montal s\/n (Junto Alcal\u00e1 Magna).<\/li>\n<\/ul>\n<p>JUEVES 4 DE DICIEMBRE<\/p>\n<ul>\n<li>18:00 h. Abriendo puertas al ocio inclusivo: Baloncesto y f\u00fatbol sala. Disfruta del compa\u00f1erismo y el juego en equipo. Organiza: Asociaci\u00f3n TUPUJUME. Lugar: Pistas cubiertas Ciudad Deportiva El Val.<\/li>\n<\/ul>\n","protected":false},"excerpt":{"rendered":"Teatro, talleres, deporte, cuentacuentos y espacios de reflexi\u00f3n conforman una programaci\u00f3n abierta a toda la ciudadan\u00eda. Alcal\u00e1 de&hellip;\n","protected":false},"author":2,"featured_media":242493,"comment_status":"","ping_status":"","sticky":false,"template":"","format":"standard","meta":{"footnotes":""},"categories":[5],"tags":[16155,12633,17,18,25,24,13,14,11,19,20,9,10,15,16,62319,62320,23,12,21,22],"class_list":{"0":"post-242492","1":"post","2":"type-post","3":"status-publish","4":"format-standard","5":"has-post-thumbnail","7":"category-titulares","8":"tag-alcala","9":"tag-alcala-de-henares","10":"tag-breaking-news","11":"tag-breakingnews","12":"tag-es","13":"tag-espana","14":"tag-featured-news","15":"tag-featurednews","16":"tag-headlines","17":"tag-latest-news","18":"tag-latestnews","19":"tag-news","20":"tag-noticias","21":"tag-noticias-destacadas","22":"tag-noticiasdestacadas","23":"tag-santiago-alonso","24":"tag-semana-de-la-diversidad","25":"tag-spain","26":"tag-titulares","27":"tag-ultimas-noticias","28":"tag-ultimasnoticias"},"share_on_mastodon":{"url":"https:\/\/pubeurope.com\/@es\/115570043995240835","error":""},"_links":{"self":[{"href":"https:\/\/www.europesays.com\/es\/wp-json\/wp\/v2\/posts\/242492","targetHints":{"allow":["GET"]}}],"collection":[{"href":"https:\/\/www.europesays.com\/es\/wp-json\/wp\/v2\/posts"}],"about":[{"href":"https:\/\/www.europesays.com\/es\/wp-json\/wp\/v2\/types\/post"}],"author":[{"embeddable":true,"href":"https:\/\/www.europesays.com\/es\/wp-json\/wp\/v2\/users\/2"}],"replies":[{"embeddable":true,"href":"https:\/\/www.europesays.com\/es\/wp-json\/wp\/v2\/comments?post=242492"}],"version-history":[{"count":0,"href":"https:\/\/www.europesays.com\/es\/wp-json\/wp\/v2\/posts\/242492\/revisions"}],"wp:featuredmedia":[{"embeddable":true,"href":"https:\/\/www.europesays.com\/es\/wp-json\/wp\/v2\/media\/242493"}],"wp:attachment":[{"href":"https:\/\/www.europesays.com\/es\/wp-json\/wp\/v2\/media?parent=242492"}],"wp:term":[{"taxonomy":"category","embeddable":true,"href":"https:\/\/www.europesays.com\/es\/wp-json\/wp\/v2\/categories?post=242492"},{"taxonomy":"post_tag","embeddable":true,"href":"https:\/\/www.europesays.com\/es\/wp-json\/wp\/v2\/tags?post=242492"}],"curies":[{"name":"wp","href":"https:\/\/api.w.org\/{rel}","templated":true}]}}