{"id":242508,"date":"2025-11-18T09:54:13","date_gmt":"2025-11-18T09:54:13","guid":{"rendered":"https:\/\/www.europesays.com\/es\/242508\/"},"modified":"2025-11-18T09:54:13","modified_gmt":"2025-11-18T09:54:13","slug":"vigo-se-erige-ciudad-del-k-pop-con-una-de-las-nuevas-voces-del-genero-en-espana-tami-tamako","status":"publish","type":"post","link":"https:\/\/www.europesays.com\/es\/242508\/","title":{"rendered":"Vigo se erige ciudad del K-Pop con una de las nuevas voces del g\u00e9nero en Espa\u00f1a, Tami Tamako"},"content":{"rendered":"<p><strong>La energ\u00eda del K-Pop aterriza por primera vez en Vigo Port\u00e9<\/strong>, el gran evento internacional de danza, con la presencia de Tami Tamako, una de las<strong> principales referentes del contenido de K-Pop en Espa\u00f1a<\/strong>. La artista ser\u00e1 la invitada especial para abrir la pr\u00f3xima edici\u00f3n de Vigo Port\u00e9 2026, en un evento que se celebrar\u00e1 el mi\u00e9rcoles 29 de abril, D\u00eda Internacional de la Danza, en el Centro Comercial Vialia Vigo.<\/p>\n<p>Ser\u00e1 adem\u00e1s la primera vez que Tami Tamako act\u00fae en Galicia, en una <strong>cita que promete sorprender al p\u00fablico con una puesta en escena vibrante y cargada de ritmo<\/strong>. Impartir\u00e1 un Workshop y tambi\u00e9n realizar\u00e1 un Meet &amp; Greet para todos los que se inscriban al evento. Los detalles se dar\u00e1n a conocer en los pr\u00f3ximos d\u00edas a trav\u00e9s de las redes sociales y la web oficial de Vigo Port\u00e9.<\/p>\n<p>De origen japon\u00e9s y nacida en Espa\u00f1a, <strong>Tami Tamako ha conquistado a una comunidad de 25 millones de seguidores gracias a su talento, carisma y versatilidad art\u00edstica<\/strong>. Aunque su carrera comenz\u00f3 en el ballet cl\u00e1sico, hoy es una de las principales referentes del K-Pop a nivel nacional, combinando su dominio del movimiento con la pasi\u00f3n por la cultura asi\u00e1tica. Recientemente ha debutado en la m\u00fasica con su primer single, \u201cNitro\u201d, con el que inicia una nueva etapa creativa llena de energ\u00eda y emoci\u00f3n.<\/p>\n<p>\u201cComo artista y bailarina desde hace muchos a\u00f1os, me hace especial ilusi\u00f3n celebrar un d\u00eda tan importante que pertenece a todos, el D\u00eda Internacional de la Danza, a quienes bailan, a quienes ense\u00f1an y a quienes sienten la danza con pasi\u00f3n. <strong>Agradezco la oportunidad de vivirlo en Vigo Port\u00e9, un evento que re\u00fane talento, esfuerzo y comunidad<\/strong>, y que adem\u00e1s conf\u00eda en propuestas que acercan este arte a las nuevas generaciones y a nuevos p\u00fablicos\u201d, se\u00f1ala Tami Tamako.<\/p>\n<p>Por su parte,<strong> Lorena L\u00f3pez, directora de Vigo Port\u00e9, destaca \u201cel K-Pop es mucho m\u00e1s que una tendencia<\/strong>: es una forma de expresi\u00f3n que une m\u00fasica, danza y emoci\u00f3n, y me encanta poder acercarlo al p\u00fablico de Vigo Port\u00e9\u201d.<\/p>\n<p>Con esta incorporaci\u00f3n, Vigo Port\u00e9 2026 reafirma su compromiso con la innovaci\u00f3n y la diversidad art\u00edstica, celebrando la danza en todas sus formas y estilos, desde los cl\u00e1sicos hasta los m\u00e1s actuales. <strong>La \u00faltima edici\u00f3n de Vigo Port\u00e9 reuni\u00f3 en el Auditorio Mar de Vigo a 1.025 bailarines procedentes de 40 escuelas de Espa\u00f1a y Portugal<\/strong>, que presentaron un total de 421 coreograf\u00edas en el 5\u00ba Trofeo de Baile Internacional Vigo Xacobeo.<\/p>\n","protected":false},"excerpt":{"rendered":"La energ\u00eda del K-Pop aterriza por primera vez en Vigo Port\u00e9, el gran evento internacional de danza, con&hellip;\n","protected":false},"author":2,"featured_media":242509,"comment_status":"","ping_status":"","sticky":false,"template":"","format":"standard","meta":{"footnotes":""},"categories":[170],"tags":[146,147,25,24,33605,184,185,23,1274,62327],"class_list":{"0":"post-242508","1":"post","2":"type-post","3":"status-publish","4":"format-standard","5":"has-post-thumbnail","7":"category-musica","8":"tag-entertainment","9":"tag-entretenimiento","10":"tag-es","11":"tag-espana","12":"tag-espectaculos-en-vigo","13":"tag-music","14":"tag-musica","15":"tag-spain","16":"tag-vigo","17":"tag-vigo-porte"},"share_on_mastodon":{"url":"https:\/\/pubeurope.com\/@es\/115570103225670466","error":""},"_links":{"self":[{"href":"https:\/\/www.europesays.com\/es\/wp-json\/wp\/v2\/posts\/242508","targetHints":{"allow":["GET"]}}],"collection":[{"href":"https:\/\/www.europesays.com\/es\/wp-json\/wp\/v2\/posts"}],"about":[{"href":"https:\/\/www.europesays.com\/es\/wp-json\/wp\/v2\/types\/post"}],"author":[{"embeddable":true,"href":"https:\/\/www.europesays.com\/es\/wp-json\/wp\/v2\/users\/2"}],"replies":[{"embeddable":true,"href":"https:\/\/www.europesays.com\/es\/wp-json\/wp\/v2\/comments?post=242508"}],"version-history":[{"count":0,"href":"https:\/\/www.europesays.com\/es\/wp-json\/wp\/v2\/posts\/242508\/revisions"}],"wp:featuredmedia":[{"embeddable":true,"href":"https:\/\/www.europesays.com\/es\/wp-json\/wp\/v2\/media\/242509"}],"wp:attachment":[{"href":"https:\/\/www.europesays.com\/es\/wp-json\/wp\/v2\/media?parent=242508"}],"wp:term":[{"taxonomy":"category","embeddable":true,"href":"https:\/\/www.europesays.com\/es\/wp-json\/wp\/v2\/categories?post=242508"},{"taxonomy":"post_tag","embeddable":true,"href":"https:\/\/www.europesays.com\/es\/wp-json\/wp\/v2\/tags?post=242508"}],"curies":[{"name":"wp","href":"https:\/\/api.w.org\/{rel}","templated":true}]}}