{"id":242606,"date":"2025-11-18T11:09:12","date_gmt":"2025-11-18T11:09:12","guid":{"rendered":"https:\/\/www.europesays.com\/es\/242606\/"},"modified":"2025-11-18T11:09:12","modified_gmt":"2025-11-18T11:09:12","slug":"madre-de-tekashi-es-retenida-a-punto-de-pistola-mientras-varios-hombres-saqueaban-la-casa-del-rapero","status":"publish","type":"post","link":"https:\/\/www.europesays.com\/es\/242606\/","title":{"rendered":"Madre de Tekashi es retenida a punto de pistola mientras varios hombres saqueaban la casa del rapero"},"content":{"rendered":"<p id=\"m17935-17934-17936\"><b>Natividad P\u00e9rez-Hern\u00e1ndez<\/b>, madre de <b>Tekashi 6ix9ine<\/b>, fue retenida a punta de pistola mientras cuatro hombres robaban en la casa del rapero en Florida, Estados Unidos.<\/p>\n<p id=\"m17940-17939-17941\">El suceso ocurri\u00f3 el domingo en la noche. De acuerdo a las im\u00e1genes obtenidas por TMZ se ve a los hombres armados vestidos de negro irrumpiendo en la propiedad mientras la mujer, de 60 a\u00f1os, era apuntada con un arma para que no pudiera hablar.<\/p>\n<p id=\"m17945-17944-17946\">El rapero de origen mexicano<b> no se encontraba en la casa en ese momento,<\/b> estaba en una transmisi\u00f3n en vivo con Jack Doherty.<\/p>\n<p id=\"m17950-17949-17951\">Las autoridades acudieron a la casa de la expareja de Yailin, pero <b>no dieron con los sospechosos<\/b> y se cree que huyeron en un veh\u00edculo. No est\u00e1 claro qu\u00e9 se llevaron o s\u00ed se llevaron algo.<\/p>\n<p id=\"m17955-17954-17956\">Se recuerda que hace unos meses el cantante se declar\u00f3 culpable de violar los t\u00e9rminos de su libertad supervisada al esconder MDMA y coca\u00edna en su mansi\u00f3n de Florida.<\/p>\n","protected":false},"excerpt":{"rendered":"Natividad P\u00e9rez-Hern\u00e1ndez, madre de Tekashi 6ix9ine, fue retenida a punta de pistola mientras cuatro hombres robaban en la&hellip;\n","protected":false},"author":2,"featured_media":242607,"comment_status":"","ping_status":"","sticky":false,"template":"","format":"standard","meta":{"footnotes":""},"categories":[170],"tags":[146,147,25,24,184,185,23],"class_list":{"0":"post-242606","1":"post","2":"type-post","3":"status-publish","4":"format-standard","5":"has-post-thumbnail","7":"category-musica","8":"tag-entertainment","9":"tag-entretenimiento","10":"tag-es","11":"tag-espana","12":"tag-music","13":"tag-musica","14":"tag-spain"},"share_on_mastodon":{"url":"https:\/\/pubeurope.com\/@es\/115570394113674368","error":""},"_links":{"self":[{"href":"https:\/\/www.europesays.com\/es\/wp-json\/wp\/v2\/posts\/242606","targetHints":{"allow":["GET"]}}],"collection":[{"href":"https:\/\/www.europesays.com\/es\/wp-json\/wp\/v2\/posts"}],"about":[{"href":"https:\/\/www.europesays.com\/es\/wp-json\/wp\/v2\/types\/post"}],"author":[{"embeddable":true,"href":"https:\/\/www.europesays.com\/es\/wp-json\/wp\/v2\/users\/2"}],"replies":[{"embeddable":true,"href":"https:\/\/www.europesays.com\/es\/wp-json\/wp\/v2\/comments?post=242606"}],"version-history":[{"count":0,"href":"https:\/\/www.europesays.com\/es\/wp-json\/wp\/v2\/posts\/242606\/revisions"}],"wp:featuredmedia":[{"embeddable":true,"href":"https:\/\/www.europesays.com\/es\/wp-json\/wp\/v2\/media\/242607"}],"wp:attachment":[{"href":"https:\/\/www.europesays.com\/es\/wp-json\/wp\/v2\/media?parent=242606"}],"wp:term":[{"taxonomy":"category","embeddable":true,"href":"https:\/\/www.europesays.com\/es\/wp-json\/wp\/v2\/categories?post=242606"},{"taxonomy":"post_tag","embeddable":true,"href":"https:\/\/www.europesays.com\/es\/wp-json\/wp\/v2\/tags?post=242606"}],"curies":[{"name":"wp","href":"https:\/\/api.w.org\/{rel}","templated":true}]}}