{"id":242610,"date":"2025-11-18T11:11:13","date_gmt":"2025-11-18T11:11:13","guid":{"rendered":"https:\/\/www.europesays.com\/es\/242610\/"},"modified":"2025-11-18T11:11:13","modified_gmt":"2025-11-18T11:11:13","slug":"el-psg-se-harta-y-carga-contra-mbappe","status":"publish","type":"post","link":"https:\/\/www.europesays.com\/es\/242610\/","title":{"rendered":"El PSG se harta y carga contra Mbapp\u00e9"},"content":{"rendered":"<p class=\"ft-text\"><strong>El PSG ha dado un paso m\u00e1s en su tremenda batalla judicial contra Kylian Mbapp\u00e9.<\/strong> Tras la vista celebrada en el Tribunal Laboral de Par\u00eds, el club opt\u00f3 por emitir un duro comunicado nocturno en el que arremeti\u00f3 como no lo hab\u00eda hecho hasta la fecha contra la figura del delantero franc\u00e9s.<\/p>\n<p class=\"ft-text\">En su comunicado, el PSG no se mordi\u00f3 la lengua al cuestionar el comportamiento de Mbapp\u00e9 desde su salida del PSG rumbo al Real Madrid. <strong>\u00abMbapp\u00e9 ha atacado continuamente al club en cada oportunidad, incluso a trav\u00e9s del proceso iniciado hoy, una situaci\u00f3n lamentable tanto para el propio jugador como para el f\u00fatbol franc\u00e9s en su conjunto.\u201d<\/strong><\/p>\n<p class=\"ft-text\"><a class=\"ft-link ft-link--decoration\" href=\"https:\/\/www.sport.es\/es\/noticias\/real-madrid\/guerra-420-millones-euros-mbappe-123825148\" rel=\"nofollow noopener\" target=\"_blank\">La nota es consecuencia del duro litigio que ambas partes mantienen desde hace meses y cuyo desenlace se espera conocer el pr\u00f3ximo 16 diciembre.<\/a> En este contencioso, Mbapp\u00e9 reclama unos 260 millones de euros en concepto de distintos da\u00f1os y perjuicios mientras que la petici\u00f3n del PSG ascender\u00eda a 440 millones. En este sentido, el club asegura que ha presentado diferentes pruebas que acreditan el mal comportamiento de Kylian. \u00abHemos presentado pruebas que demuestran que el jugador actu\u00f3 de manera injusta. Su decisi\u00f3n de no extender su contrato, privando as\u00ed al club de cualquier posibilidad de organizar una transferencia\u00bb. <\/p>\n<p class=\"ft-text\">Adem\u00e1s,<strong> el mensaje del PSG recoge un desmentido en toda regla respecto sobre \u00ablas acusaciones de acoso o presi\u00f3n\u00bb<\/strong> durante las negociaciones con Mbapp\u00e9. Se recuerda que durante la \u00faltima temporada Kylian tuvo un papel determinante siempre estuvo en condiciones f\u00edsicas de participar con el resto del equipo y solo estuvo en el banquillo o fuera de la convocatoria cuando acus\u00f3 algunos problemas f\u00edsicos.<\/p>\n<p class=\"ft-text\">Durante todo el proceso, lejos de acercar posturas, el litigio ha ganado en intensidad y ahora solo se est\u00e1 a la espera del desenlace judicial final.<\/p>\n","protected":false},"excerpt":{"rendered":"El PSG ha dado un paso m\u00e1s en su tremenda batalla judicial contra Kylian Mbapp\u00e9. Tras la vista&hellip;\n","protected":false},"author":2,"featured_media":242611,"comment_status":"","ping_status":"","sticky":false,"template":"","format":"standard","meta":{"footnotes":""},"categories":[93],"tags":[6514,168,25,24,24499,8040,24904,4409,23,167],"class_list":{"0":"post-242610","1":"post","2":"type-post","3":"status-publish","4":"format-standard","5":"has-post-thumbnail","7":"category-deportes","8":"tag-carga","9":"tag-deportes","10":"tag-es","11":"tag-espana","12":"tag-harta","13":"tag-kylian-mbappe","14":"tag-mbappe","15":"tag-psg","16":"tag-spain","17":"tag-sports"},"share_on_mastodon":{"url":"https:\/\/pubeurope.com\/@es\/115570402144706083","error":""},"_links":{"self":[{"href":"https:\/\/www.europesays.com\/es\/wp-json\/wp\/v2\/posts\/242610","targetHints":{"allow":["GET"]}}],"collection":[{"href":"https:\/\/www.europesays.com\/es\/wp-json\/wp\/v2\/posts"}],"about":[{"href":"https:\/\/www.europesays.com\/es\/wp-json\/wp\/v2\/types\/post"}],"author":[{"embeddable":true,"href":"https:\/\/www.europesays.com\/es\/wp-json\/wp\/v2\/users\/2"}],"replies":[{"embeddable":true,"href":"https:\/\/www.europesays.com\/es\/wp-json\/wp\/v2\/comments?post=242610"}],"version-history":[{"count":0,"href":"https:\/\/www.europesays.com\/es\/wp-json\/wp\/v2\/posts\/242610\/revisions"}],"wp:featuredmedia":[{"embeddable":true,"href":"https:\/\/www.europesays.com\/es\/wp-json\/wp\/v2\/media\/242611"}],"wp:attachment":[{"href":"https:\/\/www.europesays.com\/es\/wp-json\/wp\/v2\/media?parent=242610"}],"wp:term":[{"taxonomy":"category","embeddable":true,"href":"https:\/\/www.europesays.com\/es\/wp-json\/wp\/v2\/categories?post=242610"},{"taxonomy":"post_tag","embeddable":true,"href":"https:\/\/www.europesays.com\/es\/wp-json\/wp\/v2\/tags?post=242610"}],"curies":[{"name":"wp","href":"https:\/\/api.w.org\/{rel}","templated":true}]}}