{"id":242612,"date":"2025-11-18T11:12:12","date_gmt":"2025-11-18T11:12:12","guid":{"rendered":"https:\/\/www.europesays.com\/es\/242612\/"},"modified":"2025-11-18T11:12:12","modified_gmt":"2025-11-18T11:12:12","slug":"sintomas-de-la-epoc-la-enfermedad-silenciosa-con-senales-que-pueden-atribuirse-al-envejecimiento","status":"publish","type":"post","link":"https:\/\/www.europesays.com\/es\/242612\/","title":{"rendered":"S\u00edntomas de la EPOC: la enfermedad silenciosa con se\u00f1ales que pueden atribuirse al envejecimiento"},"content":{"rendered":"<p>La <a href=\"https:\/\/www.consalud.es\/pacientes\/que-es-la-epoc-y-por-que-un-75-de-los-casos-en-espana-estan-sin-diagnosticar.html\" rel=\"nofollow noopener\" target=\"_blank\"><strong>enfermedad pulmonar obstructiva cr\u00f3nica (EPOC)<\/strong><\/a> suele comenzar de forma silenciosa, con s\u00edntomas que muchos pacientes atribuyen al envejecimiento, al sedentarismo o al <a href=\"https:\/\/www.consalud.es\/pacientes\/cancer-enfermedad-cardiovascular-o-epoc-los-grandes-problemas-de-salud-de-los-consumidores-de-tabaco.html\" rel=\"nofollow noopener\" target=\"_blank\">tabaquismo habitual<\/a>. Entre las manifestaciones m\u00e1s caracter\u00edsticas destacan la disnea o dificultad para respirar, la tos cr\u00f3nica y la presencia de flemas, como explica la Asociaci\u00f3n Espa\u00f1ola de Pacientes y Cuidadores de EPOC. En algunos casos aparecen tambi\u00e9n sibilancias, <strong>un sonido silbante al exhalar que delata la obstrucci\u00f3n de las v\u00edas respiratorias.<\/strong><\/p>\n<p><a href=\"https:\/\/www.consalud.es\/web\/assets\/contenedores\/banners\/banner_control_de_clicks.php?id=13\" target=\"_blank\" title=\"Pulse aqu\u00ed\" rel=\"nofollow noopener\"><img loading=\"lazy\" decoding=\"async\" src=\"https:\/\/www.europesays.com\/es\/wp-content\/uploads\/2025\/10\/media-13.jpg\" width=\"300\" height=\"250\" alt=\"Pulse aqu\u00ed\"\/><\/a><\/p>\n<p class=\"MsoNormal\">A medida que la enfermedad avanza, los s\u00edntomas se intensifican y comienzan a afectar actividades cotidianas. Inicialmente, la falta de aire aparece al realizar esfuerzos importantes, como correr o subir escaleras. Sin embargo, con el tiempo tambi\u00e9n se manifiesta durante tareas m\u00e1s ligeras, como caminar distancias cortas, hacer la compra o incluso vestirse. <strong>Esta progresi\u00f3n limita la autonom\u00eda y condiciona la vida social y emocional del paciente.<\/strong><\/p>\n<p class=\"MsoNormal\">La evoluci\u00f3n de la EPOC no siempre es lineal. Muchos pacientes sufren episodios puntuales de empeoramiento llamados exacerbaciones, que pueden durar varios d\u00edas y requieren medicaci\u00f3n adicional e incluso hospitalizaci\u00f3n. Estas crisis suelen desencadenarse por infecciones respiratorias o por la exposici\u00f3n a sustancias irritantes. Seg\u00fan la <strong>Sociedad Espa\u00f1ola de M\u00e9dicos Generales y de Familia (SEMG)<\/strong>, cada exacerbaci\u00f3n acelera el deterioro pulmonar y aumenta el riesgo de mortalidad.<\/p>\n<blockquote><p>&#13;<\/p>\n<p class=\"MsoNormal\">Las personas afectadas por EPOC tienen m\u00e1s riesgo de padecer cardiopat\u00edas, osteoporosis, diabetes, anemia, depresi\u00f3n, ansiedad o c\u00e1ncer de pulm\u00f3n<\/p>\n<p>&#13;\n<\/p><\/blockquote>\n<p class=\"MsoNormal\">Adem\u00e1s de los s\u00edntomas respiratorios, la EPOC se asocia a comorbilidades frecuentes y graves. Las personas afectadas tienen m\u00e1s riesgo de padecer <strong>cardiopat\u00edas, osteoporosis, diabetes, anemia, depresi\u00f3n, ansiedad o c\u00e1ncer de pulm\u00f3n.<\/strong> Algunos estudios se\u00f1alan que el riesgo de infarto o insuficiencia card\u00edaca puede multiplicarse hasta por ocho en estos pacientes.<\/p>\n<p class=\"MsoNormal\">La p\u00e9rdida de peso, la fatiga y la anorexia tambi\u00e9n son habituales en fases avanzadas de la enfermedad. Estos s\u00edntomas no solo reflejan la debilidad pulmonar, sino el esfuerzo energ\u00e9tico constante que implica respirar cuando la funci\u00f3n pulmonar est\u00e1 tan comprometida. Desde la <a href=\"https:\/\/www.consalud.es\/autonomias\/andalucia\/inequidad-en-el-acceso-a-los-tratamientos-de-epoc-los-pacientes-andaluces-claman-contra-esta-injusticia.html\" rel=\"nofollow noopener\" target=\"_blank\"><strong>Asociaci\u00f3n de Pacientes con EPOC (APEPOC)<\/strong><\/a> subrayan la importancia de abordar estos aspectos de forma multidisciplinar, combinando fisioterapia respiratoria, nutrici\u00f3n y apoyo emocional.<\/p>\n<p class=\"MsoNormal\">Adem\u00e1s, ante <strong>tos persistente, falta de aire o historial de tabaquismo<\/strong>, es recomendable acudir a una consulta para realizar una espirometr\u00eda y descartar la enfermedad. Identificar la EPOC en sus etapas iniciales permite iniciar tratamientos que evitan crisis, ralentizan el deterioro y mejoran significativamente la calidad de vida de los pacientes.<\/p>\n<p class=\"pie-articulo\">*Los contenidos de ConSalud est\u00e1n elaborados por periodistas especializados en salud y avalados por un comit\u00e9 de expertos de primer nivel. No obstante, recomendamos al lector que cualquier duda relacionada con la salud sea consultada con un profesional del \u00e1mbito sanitario.<\/p>\n","protected":false},"excerpt":{"rendered":"La enfermedad pulmonar obstructiva cr\u00f3nica (EPOC) suele comenzar de forma silenciosa, con s\u00edntomas que muchos pacientes atribuyen al&hellip;\n","protected":false},"author":2,"featured_media":242613,"comment_status":"","ping_status":"","sticky":false,"template":"","format":"standard","meta":{"footnotes":""},"categories":[92],"tags":[25,24,165,166,23],"class_list":{"0":"post-242612","1":"post","2":"type-post","3":"status-publish","4":"format-standard","5":"has-post-thumbnail","7":"category-salud","8":"tag-es","9":"tag-espana","10":"tag-health","11":"tag-salud","12":"tag-spain"},"share_on_mastodon":{"url":"https:\/\/pubeurope.com\/@es\/115570406097883434","error":""},"_links":{"self":[{"href":"https:\/\/www.europesays.com\/es\/wp-json\/wp\/v2\/posts\/242612","targetHints":{"allow":["GET"]}}],"collection":[{"href":"https:\/\/www.europesays.com\/es\/wp-json\/wp\/v2\/posts"}],"about":[{"href":"https:\/\/www.europesays.com\/es\/wp-json\/wp\/v2\/types\/post"}],"author":[{"embeddable":true,"href":"https:\/\/www.europesays.com\/es\/wp-json\/wp\/v2\/users\/2"}],"replies":[{"embeddable":true,"href":"https:\/\/www.europesays.com\/es\/wp-json\/wp\/v2\/comments?post=242612"}],"version-history":[{"count":0,"href":"https:\/\/www.europesays.com\/es\/wp-json\/wp\/v2\/posts\/242612\/revisions"}],"wp:featuredmedia":[{"embeddable":true,"href":"https:\/\/www.europesays.com\/es\/wp-json\/wp\/v2\/media\/242613"}],"wp:attachment":[{"href":"https:\/\/www.europesays.com\/es\/wp-json\/wp\/v2\/media?parent=242612"}],"wp:term":[{"taxonomy":"category","embeddable":true,"href":"https:\/\/www.europesays.com\/es\/wp-json\/wp\/v2\/categories?post=242612"},{"taxonomy":"post_tag","embeddable":true,"href":"https:\/\/www.europesays.com\/es\/wp-json\/wp\/v2\/tags?post=242612"}],"curies":[{"name":"wp","href":"https:\/\/api.w.org\/{rel}","templated":true}]}}