{"id":242618,"date":"2025-11-18T11:15:09","date_gmt":"2025-11-18T11:15:09","guid":{"rendered":"https:\/\/www.europesays.com\/es\/242618\/"},"modified":"2025-11-18T11:15:09","modified_gmt":"2025-11-18T11:15:09","slug":"los-supermercados-dominan-las-elecciones-de-compra-navidenas-en-espana-por-su-excelente-relacion-calidad-precio","status":"publish","type":"post","link":"https:\/\/www.europesays.com\/es\/242618\/","title":{"rendered":"Los supermercados dominan las elecciones de compra navide\u00f1as en Espa\u00f1a por su excelente relaci\u00f3n calidad-precio"},"content":{"rendered":"<p>Los supermercados se han establecido como el destino favorito de los consumidores espa\u00f1oles para adquirir los productos necesarios en las celebraciones de Navidad, destacando especialmente por su \u00f3ptima relaci\u00f3n calidad-precio. Esta preferencia se detalla en la s\u00e9ptima entrega del \u2018Informe sobre las compras de alimentos para las celebraciones navide\u00f1as en Espa\u00f1a\u2019, realizado por Aldi.<\/p>\n<p>Un 57% de los participantes en la encuesta afirma elegir los supermercados por la mencionada relaci\u00f3n calidad-precio, y un 46% valora la comodidad que proporcionan al momento de realizar las compras. Adem\u00e1s, el informe se\u00f1ala un creciente inter\u00e9s por las marcas propias, seleccionadas por ocho de cada diez consumidores, motivados principalmente por sus precios competitivos (47%) y la amplia variedad de productos (22%).<\/p>\n<p>En estas festividades, los espa\u00f1oles buscan principalmente una buena relaci\u00f3n calidad-precio (60%) y productos de alta calidad (57%). El presupuesto juega un papel crucial, pues el 42% de los consumidores no adquiere un producto si este no se ajusta a sus posibilidades econ\u00f3micas.<\/p>\n<p>Seg\u00fan el documento, el presupuesto para estas fechas se mantendr\u00e1 constante respecto al a\u00f1o anterior, con el 70% de los encuestados indicando que no modificar\u00e1n su gasto. La mayor\u00eda destinar\u00e1 m\u00e1s de 300 euros a regalos, alimentos, festejos y decoraci\u00f3n. Los regalos (48%) y la comida (43%) son las categor\u00edas donde se concentra el mayor gasto, mientras que las actividades, la decoraci\u00f3n y las donaciones solidarias representan el resto.<\/p>\n<p>Aldi ha resaltado el \u00e9xito de su l\u00ednea Special, presentada en Navidad con m\u00e1s de 150 productos gourmet, incluyendo este a\u00f1o m\u00e1s de 50 novedades. Esta l\u00ednea ha visto un incremento del 64% en ventas en los \u00faltimos tres a\u00f1os. \u201cEn Aldi creemos que, como parte de la distribuci\u00f3n, nuestro papel es hacer que disfrutar de estas fechas sea sencillo. Por esto trabajamos para que esas opciones de calidad y buen precio sean accesibles para todos, con productos como nuestra gama Special, con m\u00e1s de 150 art\u00edculos y m\u00e1s de 120 por debajo de cinco euros\u201d, declar\u00f3 Silvia Segarra, directora de comunicaci\u00f3n de Aldi Espa\u00f1a.<\/p>\n<p>En el marco econ\u00f3mico actual, el informe tambi\u00e9n destaca que la mayor\u00eda de los hogares espa\u00f1oles planifica sus compras con antelaci\u00f3n para mantener un gasto equilibrado. Un 89% utiliza alguna estrategia para organizarse y disfrutar de las festividades de manera equilibrada, siendo las m\u00e1s populares aprovechar ofertas y descuentos (66%) y planificar los men\u00fas con antelaci\u00f3n (48%). Adem\u00e1s, un cuarto de los hogares opta por las marcas propias para economizar en sus compras.<\/p>\n","protected":false},"excerpt":{"rendered":"Los supermercados se han establecido como el destino favorito de los consumidores espa\u00f1oles para adquirir los productos necesarios&hellip;\n","protected":false},"author":2,"featured_media":242619,"comment_status":"","ping_status":"","sticky":false,"template":"","format":"standard","meta":{"footnotes":""},"categories":[80],"tags":[82,95,94,25,24,23],"class_list":{"0":"post-242618","1":"post","2":"type-post","3":"status-publish","4":"format-standard","5":"has-post-thumbnail","7":"category-economia","8":"tag-business","9":"tag-economia","10":"tag-economy","11":"tag-es","12":"tag-espana","13":"tag-spain"},"share_on_mastodon":{"url":"https:\/\/pubeurope.com\/@es\/115570417726222221","error":""},"_links":{"self":[{"href":"https:\/\/www.europesays.com\/es\/wp-json\/wp\/v2\/posts\/242618","targetHints":{"allow":["GET"]}}],"collection":[{"href":"https:\/\/www.europesays.com\/es\/wp-json\/wp\/v2\/posts"}],"about":[{"href":"https:\/\/www.europesays.com\/es\/wp-json\/wp\/v2\/types\/post"}],"author":[{"embeddable":true,"href":"https:\/\/www.europesays.com\/es\/wp-json\/wp\/v2\/users\/2"}],"replies":[{"embeddable":true,"href":"https:\/\/www.europesays.com\/es\/wp-json\/wp\/v2\/comments?post=242618"}],"version-history":[{"count":0,"href":"https:\/\/www.europesays.com\/es\/wp-json\/wp\/v2\/posts\/242618\/revisions"}],"wp:featuredmedia":[{"embeddable":true,"href":"https:\/\/www.europesays.com\/es\/wp-json\/wp\/v2\/media\/242619"}],"wp:attachment":[{"href":"https:\/\/www.europesays.com\/es\/wp-json\/wp\/v2\/media?parent=242618"}],"wp:term":[{"taxonomy":"category","embeddable":true,"href":"https:\/\/www.europesays.com\/es\/wp-json\/wp\/v2\/categories?post=242618"},{"taxonomy":"post_tag","embeddable":true,"href":"https:\/\/www.europesays.com\/es\/wp-json\/wp\/v2\/tags?post=242618"}],"curies":[{"name":"wp","href":"https:\/\/api.w.org\/{rel}","templated":true}]}}