{"id":242620,"date":"2025-11-18T11:16:12","date_gmt":"2025-11-18T11:16:12","guid":{"rendered":"https:\/\/www.europesays.com\/es\/242620\/"},"modified":"2025-11-18T11:16:12","modified_gmt":"2025-11-18T11:16:12","slug":"israel-dice-que-el-plan-de-trump-para-gaza-respaldado-por-la-onu-traera-paz-y-prosperidad","status":"publish","type":"post","link":"https:\/\/www.europesays.com\/es\/242620\/","title":{"rendered":"Israel dice que el plan de Trump para Gaza respaldado por la ONU traer\u00e1 \u00abpaz y prosperidad\u00bb"},"content":{"rendered":"<p>    <img src=\"https:\/\/www.europesays.com\/es\/wp-content\/uploads\/2025\/11\/2025-11-18T103A063A37Z-90351290.jpg\" width=\"1024\" height=\"682\" alt=\"\" loading=\"eager\" decoding=\"sync\" fetchpriority=\"high\"\/><\/p>\n<p>            afp_tickers        <\/p>\n<p>        Este contenido fue publicado en    <\/p>\n<p>        18 noviembre 2025 &#8211; 11:06\n<\/p>\n<p>La oficina del primer ministro israel\u00ed, Benjamin Netanyahu, elogi\u00f3 este martes el plan de paz para Gaza del presidente estadounidense, Donald Trump, al asegurar que traer\u00e1 \u00abpaz y prosperidad\u00bb, despu\u00e9s de que fuera respaldado la v\u00edspera por el Consejo de Seguridad de la ONU.<\/p>\n<p>\u00abCreemos que el plan del presidente Trump conducir\u00e1 a la paz y prosperidad porque insiste en la desmilitarizaci\u00f3n total, el desarme y la desradicalizaci\u00f3n de Gaza\u00bb, escribi\u00f3 el equipo de Netanyahu en la red social X.\u00a0<\/p>\n<p>\u00abIsrael tiende la mano a todos sus vecinos, portadores de paz y prosperidad, y les invita a normalizar sus relaciones con Israel y a unirse a \u00e9l para expulsar a Ham\u00e1s y a sus partidarios de la regi\u00f3n\u00bb, a\u00f1adi\u00f3.<\/p>\n<p>Tambi\u00e9n este martes, la Autoridad Palestina celebr\u00f3 el voto en el Consejo de Seguridad.<\/p>\n<p>\u00abEl Estado de Palestina saluda la resoluci\u00f3n de la ONU sobre Gaza\u00bb, escribi\u00f3 el Ministerio palestino de Relaciones Exteriores en un comunicado en X, en el que subray\u00f3 \u00abla urgencia de aplicar de inmediato sobre el terreno esta resoluci\u00f3n\u00bb, que prev\u00e9 en particular el despliegue de una fuerza internacional en el territorio palestino.<\/p>\n<p>En cambio, el grupo palestino Ham\u00e1s, que gobierna en Gaza, lament\u00f3 un plan que dijo \u00abno responde a las exigencias y derechos\u00bb de los palestinos.<\/p>\n<p>El Consejo de Seguridad de la ONU vot\u00f3 el lunes a favor de una resoluci\u00f3n estadounidense que refuerza el plan de paz para Gaza de Trump y que incluye el despliegue de una fuerza internacional y un camino hacia un futuro Estado palestino.<\/p>\n<p>La resoluci\u00f3n tambi\u00e9n pide reanudar las entregas de ayuda humanitaria a gran escala a trav\u00e9s de la ONU, la Cruz Roja y la Media Luna Roja.<\/p>\n<p>avm\/arm\/pc\/meb<\/p>\n","protected":false},"excerpt":{"rendered":"afp_tickers Este contenido fue publicado en 18 noviembre 2025 &#8211; 11:06 La oficina del primer ministro israel\u00ed, Benjamin&hellip;\n","protected":false},"author":2,"featured_media":242621,"comment_status":"","ping_status":"","sticky":false,"template":"","format":"standard","meta":{"footnotes":""},"categories":[42],"tags":[17,18,636,83,13,14,11,61,62,63,14688,86,64,19,20,9,10,15,16,88,90,12,21,22,65,66,67],"class_list":{"0":"post-242620","1":"post","2":"type-post","3":"status-publish","4":"format-standard","5":"has-post-thumbnail","7":"category-internacional","8":"tag-breaking-news","9":"tag-breakingnews","10":"tag-conflict","11":"tag-diplomacy","12":"tag-featured-news","13":"tag-featurednews","14":"tag-headlines","15":"tag-internacional","16":"tag-international","17":"tag-international-news","18":"tag-international-organisation","19":"tag-international-relations","20":"tag-internationalnews","21":"tag-latest-news","22":"tag-latestnews","23":"tag-news","24":"tag-noticias","25":"tag-noticias-destacadas","26":"tag-noticiasdestacadas","27":"tag-politics","28":"tag-ticker","29":"tag-titulares","30":"tag-ultimas-noticias","31":"tag-ultimasnoticias","32":"tag-world","33":"tag-world-news","34":"tag-worldnews"},"share_on_mastodon":{"url":"https:\/\/pubeurope.com\/@es\/115570421958367478","error":""},"_links":{"self":[{"href":"https:\/\/www.europesays.com\/es\/wp-json\/wp\/v2\/posts\/242620","targetHints":{"allow":["GET"]}}],"collection":[{"href":"https:\/\/www.europesays.com\/es\/wp-json\/wp\/v2\/posts"}],"about":[{"href":"https:\/\/www.europesays.com\/es\/wp-json\/wp\/v2\/types\/post"}],"author":[{"embeddable":true,"href":"https:\/\/www.europesays.com\/es\/wp-json\/wp\/v2\/users\/2"}],"replies":[{"embeddable":true,"href":"https:\/\/www.europesays.com\/es\/wp-json\/wp\/v2\/comments?post=242620"}],"version-history":[{"count":0,"href":"https:\/\/www.europesays.com\/es\/wp-json\/wp\/v2\/posts\/242620\/revisions"}],"wp:featuredmedia":[{"embeddable":true,"href":"https:\/\/www.europesays.com\/es\/wp-json\/wp\/v2\/media\/242621"}],"wp:attachment":[{"href":"https:\/\/www.europesays.com\/es\/wp-json\/wp\/v2\/media?parent=242620"}],"wp:term":[{"taxonomy":"category","embeddable":true,"href":"https:\/\/www.europesays.com\/es\/wp-json\/wp\/v2\/categories?post=242620"},{"taxonomy":"post_tag","embeddable":true,"href":"https:\/\/www.europesays.com\/es\/wp-json\/wp\/v2\/tags?post=242620"}],"curies":[{"name":"wp","href":"https:\/\/api.w.org\/{rel}","templated":true}]}}