{"id":242622,"date":"2025-11-18T11:17:09","date_gmt":"2025-11-18T11:17:09","guid":{"rendered":"https:\/\/www.europesays.com\/es\/242622\/"},"modified":"2025-11-18T11:17:09","modified_gmt":"2025-11-18T11:17:09","slug":"perez-llorca-presenta-su-candidatura-a-sustituir-a-mazon-mientras-ultima-el-pacto-con-vox-espana","status":"publish","type":"post","link":"https:\/\/www.europesays.com\/es\/242622\/","title":{"rendered":"P\u00e9rez Llorca presenta su candidatura a sustituir a Maz\u00f3n mientras ultima el pacto con Vox | Espa\u00f1a"},"content":{"rendered":"<p class=\"\">El PP registrar\u00e1 este mi\u00e9rcoles en Les Corts Valencianes la candidatura del secretario general del PPCV y portavoz del grupo popular, Juan Francisco P\u00e9rez Llorca, para aspirar a suceder a Carlos Maz\u00f3n al frente de la Generalitat, tras ultimar con Vox el acuerdo para recabar su apoyo a la investidura, seg\u00fan han confirmado fuentes del PP. Las posturas con el partido de Santiago Abascal est\u00e1n muy pr\u00f3ximas, aunque no se quiere dar todav\u00eda el pacto por cerrado, a\u00f1aden las mismas fuentes. El calendario de la investidura, acordado con Vox, que ostenta la presidencia de las Cortes Valencianas, tambi\u00e9n revela ese entendimiento. De momento, no se ha revelado el contenido del principio de acuerdo.<\/p>\n<p class=\"\">En paralelo, esta misma ma\u00f1ana, el l\u00edder del PP, Alberto N\u00fa\u00f1ez Feij\u00f3o, ha confirmado que Maz\u00f3n dimitir\u00e1 tambi\u00e9n como presidente del PP valenciano \u2014un cargo que sigue ostentando a todos los efectos\u2014 y que, en consecuencia, <a href=\"https:\/\/elpais.com\/espana\/2025-11-18\/el-pp-valenciano-reorganiza-el-grupo-parlamentario-ante-el-acuerdo-inminente-con-vox-para-investir-a-perez-llorca.html\" target=\"_blank\" rel=\"noreferrer nofollow noopener\" title=\"https:\/\/elpais.com\/espana\/2025-11-18\/el-pp-valenciano-reorganiza-el-grupo-parlamentario-ante-el-acuerdo-inminente-con-vox-para-investir-a-perez-llorca.html\">el partido abordar\u00e1 el relevo org\u00e1nico \u201cen las pr\u00f3ximas semanas\u201d, <\/a>siempre despu\u00e9s de la investidura de P\u00e9rez Llorca como nuevo presidente de la Generalitat.<\/p>\n<p class=\"\">El mi\u00e9rcoles es el \u00faltimo d\u00eda para presentar candidaturas a la presidencia, tras la dimisi\u00f3n de Maz\u00f3n el pasado 3 de noviembre. Este mi\u00e9rcoles, adem\u00e1s, el PP ha convocado para una reuni\u00f3n del grupo parlamentario en la c\u00e1mara auton\u00f3mica para registrar la propuesta de P\u00e9rez Llorca como candidato a president y reorganizar el grupo a ra\u00edz de la salida de este como portavoz. El movimiento apunta a un acuerdo inminente porque P\u00e9rez Llorca podr\u00eda continuar tambi\u00e9n como portavoz del grupo aunque sea el candidato a la investidura, para tener un puesto seguro en el caso de que esta no saliera adelante. Pero la previsi\u00f3n en el PP es que este mi\u00e9rcoles sea sustituido por un nuevo portavoz, lo que indica que los populares dan por hecho que Vox s\u00ed convertir\u00e1 a su candidato en president.<\/p>\n<p class=\"\">El anuncio del acuerdo con el partido de Santiago Abascal se espera en cualquier momento, dado que no hay grandes obst\u00e1culos que lo dificulten, y la previsi\u00f3n, en caso de que nada se tuerza, es que la investidura de P\u00e9rez Llorca se celebre la pr\u00f3xima semana. En paralelo, desde el grupo de Vox en Les Corts se asegura que por el momento no hay \u201cnovedades\u201d al respecto. <\/p>\n<p class=\"\">Sin embargo, el calendario parece acordado. Un d\u00eda despu\u00e9s de la presentaci\u00f3n de la candidatura, el pr\u00f3ximo jueves, la Mesa y la Junta de S\u00edndics de Les Corts se reunir\u00e1n con la previsi\u00f3n de fijar la sesi\u00f3n del pleno de investidura. El reglamento de Les Corts establece que la fecha del pleno de investidura del president la establece la Presidencia de la C\u00e1mara auton\u00f3mica, que desempe\u00f1a Llanos Mass\u00f3, de Vox, una vez o\u00eddos los portavoces de los grupos parlamentarios, entre los tres y los siete d\u00edas h\u00e1biles siguientes a la finalizaci\u00f3n del plazo para registrar candidaturas. <\/p>\n<p class=\"\">PP y Vox aceleran el relevo institucional en la Generalitat Valenciana, mientras Feij\u00f3o ha tomado la iniciativa a primera hora sobre el relevo org\u00e1nico en el PP valenciano. \u201cEl se\u00f1or Maz\u00f3n puso su cargo a disposici\u00f3n del partido. Me notific\u00f3 que cre\u00eda que deb\u00eda dejar la presidencia del partido y yo estoy de acuerdo\u201d, ha revelado a la salida de un acto en Madrid. \u201cEn las pr\u00f3ximas semanas espero, una vez finalice la investidura, que hagamos el relevo adecuado en el partido, a instancia del se\u00f1or Maz\u00f3n y de forma muy correcta y muy coherente con su decisi\u00f3n de dimitir como presidente de la Generalitat y de dimitir como presidente del PP valenciano\u201d. <\/p>\n<p class=\"\">El l\u00edder del PP ha dejado en el aire que Maz\u00f3n acuda tambi\u00e9n a comparecer al Senado y ha calificado l<a href=\"https:\/\/elpais.com\/espana\/2025-11-17\/mazon-niega-su-responsabilidad-en-la-dana-nadie-era-consciente-de-la-magnitud-nadie-sabia-que-la-gente-se-ahogaba.html\" target=\"_blank\" rel=\"noreferrer nofollow noopener\" title=\"https:\/\/elpais.com\/espana\/2025-11-17\/mazon-niega-su-responsabilidad-en-la-dana-nadie-era-consciente-de-la-magnitud-nadie-sabia-que-la-gente-se-ahogaba.html\">a comisi\u00f3n de investigaci\u00f3n ayer en el Congreso sobre la dana<\/a> de \u201ccirco\u201d por la actuaci\u00f3n de algunos diputados de la izquierda. \u201cEsto es una tragedia, no es un circo. Y lo que vimos ayer con diputados de izquierda fue un circo. Lo lamento profundamente, porque creo que es una falta de respeto a los hechos, a las v\u00edctimas y a la verdad\u201d, se ha quejado.<\/p>\n","protected":false},"excerpt":{"rendered":"El PP registrar\u00e1 este mi\u00e9rcoles en Les Corts Valencianes la candidatura del secretario general del PPCV y portavoz&hellip;\n","protected":false},"author":2,"featured_media":242623,"comment_status":"","ping_status":"","sticky":false,"template":"","format":"standard","meta":{"footnotes":""},"categories":[8],"tags":[6069,17,18,2007,242,1681,25,24,13,14,238,11,4274,19,20,9,10,15,16,956,37852,23,12,21,22],"class_list":{"0":"post-242622","1":"post","2":"type-post","3":"status-publish","4":"format-standard","5":"has-post-thumbnail","7":"category-espana","8":"tag-alberto-nunez-feijoo","9":"tag-breaking-news","10":"tag-breakingnews","11":"tag-carlos-mazon","12":"tag-comunidad-valenciana","13":"tag-dana","14":"tag-es","15":"tag-espana","16":"tag-featured-news","17":"tag-featurednews","18":"tag-generalitat-valenciana","19":"tag-headlines","20":"tag-inundaciones-dana-octubre-2024","21":"tag-latest-news","22":"tag-latestnews","23":"tag-news","24":"tag-noticias","25":"tag-noticias-destacadas","26":"tag-noticiasdestacadas","27":"tag-pp","28":"tag-ppcv","29":"tag-spain","30":"tag-titulares","31":"tag-ultimas-noticias","32":"tag-ultimasnoticias"},"share_on_mastodon":{"url":"https:\/\/pubeurope.com\/@es\/115570425627681921","error":""},"_links":{"self":[{"href":"https:\/\/www.europesays.com\/es\/wp-json\/wp\/v2\/posts\/242622","targetHints":{"allow":["GET"]}}],"collection":[{"href":"https:\/\/www.europesays.com\/es\/wp-json\/wp\/v2\/posts"}],"about":[{"href":"https:\/\/www.europesays.com\/es\/wp-json\/wp\/v2\/types\/post"}],"author":[{"embeddable":true,"href":"https:\/\/www.europesays.com\/es\/wp-json\/wp\/v2\/users\/2"}],"replies":[{"embeddable":true,"href":"https:\/\/www.europesays.com\/es\/wp-json\/wp\/v2\/comments?post=242622"}],"version-history":[{"count":0,"href":"https:\/\/www.europesays.com\/es\/wp-json\/wp\/v2\/posts\/242622\/revisions"}],"wp:featuredmedia":[{"embeddable":true,"href":"https:\/\/www.europesays.com\/es\/wp-json\/wp\/v2\/media\/242623"}],"wp:attachment":[{"href":"https:\/\/www.europesays.com\/es\/wp-json\/wp\/v2\/media?parent=242622"}],"wp:term":[{"taxonomy":"category","embeddable":true,"href":"https:\/\/www.europesays.com\/es\/wp-json\/wp\/v2\/categories?post=242622"},{"taxonomy":"post_tag","embeddable":true,"href":"https:\/\/www.europesays.com\/es\/wp-json\/wp\/v2\/tags?post=242622"}],"curies":[{"name":"wp","href":"https:\/\/api.w.org\/{rel}","templated":true}]}}