{"id":242628,"date":"2025-11-18T11:24:18","date_gmt":"2025-11-18T11:24:18","guid":{"rendered":"https:\/\/www.europesays.com\/es\/242628\/"},"modified":"2025-11-18T11:24:18","modified_gmt":"2025-11-18T11:24:18","slug":"gran-canaria-bike-week-37-anos-haciendo-historia-sobre-dos-ruedas","status":"publish","type":"post","link":"https:\/\/www.europesays.com\/es\/242628\/","title":{"rendered":"Gran Canaria Bike Week, 37 a\u00f1os haciendo historia sobre dos ruedas"},"content":{"rendered":"<p class=\"ft-text\"><strong>La Gran Canaria Bike Week<\/strong>, la gran cita <strong>cicloturista<\/strong>, vuelve en 2025 con nuevas <strong>rutas<\/strong>, pero con el mismo esp\u00edritu de una prueba que mezcla de manera perfecta deporte y turismo. Del 30 de noviembre y hasta el 7 de diciembre, los participantes podr\u00e1n disfrutar una vez m\u00e1s de los <strong>paisajes m\u00e1s emblem\u00e1ticos<\/strong> de la isla.<\/p>\n<p class=\"ft-text\">El evento, organizado por el <strong>Ayuntamiento de San Bartolom\u00e9 de Tirajana<\/strong> y <strong>DG Eventos<\/strong>, cuenta con el apoyo del <strong>Cabildo de Gran Canaria<\/strong>, de Promotur con su marca <strong>Islas Canarias Latitud de Vida<\/strong> as\u00ed como de varios ayuntamientos grancanarios, propone un a\u00f1o m\u00e1s una <strong>experiencia \u00fanica<\/strong> sobre dos ruedas con siete etapas repartidas por toda la geograf\u00eda insular. Desde las <strong>zonas rurales<\/strong> del sureste, hasta los escarpados paisajes del centro de la isla y la exuberancia del norte.<\/p>\n<p class=\"ft-text\">Fue en <strong>Maspalomas<\/strong> donde la cicloturista surgi\u00f3 por el a\u00f1o 1988 gracias al apoyo del entonces alcalde Francisco Ara\u00f1a del Toro. Para 2017, la prueba regres\u00f3 con el nombre de <strong>Gran Canaria Bike Week<\/strong>, pero manteniendo su esencia <strong>ciclotur\u00edstica<\/strong>, con el respaldo del alcalde Marco Aurelio P\u00e9rez.<\/p>\n<p class=\"ft-text\">Un a\u00f1o m\u00e1s la <strong>Gran Canaria Bike Week<\/strong> abrir\u00e1 el tel\u00f3n con la <strong>TotalEnergies Gran Fondo Pico de las Nieves<\/strong> con salida desde Arucas y su ya cl\u00e1sica <strong>ascensi\u00f3n al techo de Gran Canaria<\/strong>. Durante ocho d\u00edas, ciclistas locales e internacionales disfrutar\u00e1n de recorridos como la <strong>Sureste Rural<\/strong>, <strong>Pueblos de Median\u00edas<\/strong>, la exigente <strong>Cronoescalada Maspalomas Costa Canaria<\/strong> o la novedosa subida al <strong>Risco Blanco<\/strong>, sin olvidar la jornada festiva <strong>Love Gran Canaria<\/strong>, que pondr\u00e1 el broche final a esta edici\u00f3n.<\/p>\n","protected":false},"excerpt":{"rendered":"La Gran Canaria Bike Week, la gran cita cicloturista, vuelve en 2025 con nuevas rutas, pero con el&hellip;\n","protected":false},"author":2,"featured_media":242629,"comment_status":"","ping_status":"","sticky":false,"template":"","format":"standard","meta":{"footnotes":""},"categories":[273],"tags":[21128,323,7221,313,312,168,25,24,3956,1897,448,3643,2202,23,167,62336],"class_list":{"0":"post-242628","1":"post","2":"type-post","3":"status-publish","4":"format-standard","5":"has-post-thumbnail","7":"category-ciclismo","8":"tag-21128","9":"tag-bike","10":"tag-canaria","11":"tag-ciclismo","12":"tag-cycling","13":"tag-deportes","14":"tag-es","15":"tag-espana","16":"tag-gran","17":"tag-gran-canaria","18":"tag-historia","19":"tag-isla","20":"tag-maspalomas","21":"tag-spain","22":"tag-sports","23":"tag-week"},"share_on_mastodon":{"url":"https:\/\/pubeurope.com\/@es\/115570452996720483","error":""},"_links":{"self":[{"href":"https:\/\/www.europesays.com\/es\/wp-json\/wp\/v2\/posts\/242628","targetHints":{"allow":["GET"]}}],"collection":[{"href":"https:\/\/www.europesays.com\/es\/wp-json\/wp\/v2\/posts"}],"about":[{"href":"https:\/\/www.europesays.com\/es\/wp-json\/wp\/v2\/types\/post"}],"author":[{"embeddable":true,"href":"https:\/\/www.europesays.com\/es\/wp-json\/wp\/v2\/users\/2"}],"replies":[{"embeddable":true,"href":"https:\/\/www.europesays.com\/es\/wp-json\/wp\/v2\/comments?post=242628"}],"version-history":[{"count":0,"href":"https:\/\/www.europesays.com\/es\/wp-json\/wp\/v2\/posts\/242628\/revisions"}],"wp:featuredmedia":[{"embeddable":true,"href":"https:\/\/www.europesays.com\/es\/wp-json\/wp\/v2\/media\/242629"}],"wp:attachment":[{"href":"https:\/\/www.europesays.com\/es\/wp-json\/wp\/v2\/media?parent=242628"}],"wp:term":[{"taxonomy":"category","embeddable":true,"href":"https:\/\/www.europesays.com\/es\/wp-json\/wp\/v2\/categories?post=242628"},{"taxonomy":"post_tag","embeddable":true,"href":"https:\/\/www.europesays.com\/es\/wp-json\/wp\/v2\/tags?post=242628"}],"curies":[{"name":"wp","href":"https:\/\/api.w.org\/{rel}","templated":true}]}}