{"id":242634,"date":"2025-11-18T11:28:09","date_gmt":"2025-11-18T11:28:09","guid":{"rendered":"https:\/\/www.europesays.com\/es\/242634\/"},"modified":"2025-11-18T11:28:09","modified_gmt":"2025-11-18T11:28:09","slug":"un-libro-hecho-para-permanecer","status":"publish","type":"post","link":"https:\/\/www.europesays.com\/es\/242634\/","title":{"rendered":"un libro hecho para permanecer"},"content":{"rendered":"<p class=\"paragraph\">Amigos y lectores se reunieron<b> el pasado 14 de noviembre en el Espacio H de HERALDO <\/b>para celebrar no solo un libro, sino la huella que Laura G\u00f3mez-Lacueva Peralta dej\u00f3 en quienes la conocieron. En un ambiente \u00edntimo y emocionado,<b> moderado por Pablo Ferrer, Luis Rabanaque y Torsten Weber compartieron el nacimiento de Queremos tanto a Laura<\/b>, una obra construida para mantener viva su presencia.<\/p>\n<p>Celebrar la vida<\/p>\n<p class=\"paragraph\">El libro no se concibi\u00f3 desde la ausencia, sino desde un afecto especial. <b>\u00abEs un libro hecho con el coraz\u00f3n y el cari\u00f1o, con nostalgia, pero con una alegr\u00eda muy especial\u00bb, coincidieron.<\/b> Era, para ambos, una forma de celebrar la vida de alguien que fue y sigue siendo extraordinaria.<\/p>\n<p class=\"paragraph\">Rabanaque record\u00f3 que la idea surgi\u00f3 casi por azar: \u00abEn una presentaci\u00f3n de Mar\u00eda Frisa, David y Reyes, de Pregunta Ediciones, se acercaron y dijeron que les hac\u00eda ilusi\u00f3n que todo lo que habl\u00e1bamos de Laura tuviera forma de libro. Supimos que no hab\u00eda nada m\u00e1s bonito ni nada que perdurase tanto\u00bb.<\/p>\n<p class=\"paragraph\">La preparaci\u00f3n fue singular, ya que, como explic\u00f3 Rabanaque,<b> \u00abno sigue la din\u00e1mica de ning\u00fan libro\u00bb <\/b>porque en lugar de escribirlo ellos, decidieron reunir a personas cercanas de la actriz.<\/p>\n<p class=\"paragraph\"><b>Cartas, c\u00f3mics, pasatiempos, whatsapps, ilustraciones e incluso un diario de las plantas de Laura aparecen en el libro. <\/b>\u00abQuer\u00edamos que cada uno desarrollara lo que el alma le pidiera\u00bb, dijo su compa\u00f1ero de profesi\u00f3n. El resultado fue una caja de recuerdos cargada de amor y humor porque la condici\u00f3n era que deb\u00eda reconfortar a la madre de Laura y a su entorno m\u00e1s pr\u00f3ximo. \u00abNo se admit\u00eda nada que transitara por el dolor\u00bb, dijeron. La emoci\u00f3n, s\u00ed; el sufrimiento, no.<\/p>\n<p class=\"paragraph\"><b>Weber evoc\u00f3 su historia con Laura, iniciada en las Fiestas del Pilar de 2004, <\/b>cuando coincidieron en unas actuaciones. \u00abA cualquier artista, si lo ves trabajando, reconoces la personalidad. Yo pensaba lo graciosa que era\u00bb. Desde entonces, volvi\u00f3 siempre que pudo a Zaragoza. Rabanaque a\u00f1adi\u00f3, entre risas, que Laura lo llam\u00f3 \u00abel rubio guapo\u00bb.<\/p>\n<p class=\"paragraph\">Hubo espacio para recordar su capacidad de trabajo, visible tanto en Oreg\u00f3n TV como en La Zaranda. De hecho, Weber a\u00f1adi\u00f3 que para ella el arte ten\u00eda sentido cuando nac\u00eda muy de dentro: <b>\u00abNunca le import\u00f3 el dinero. Solo quer\u00eda trabajar con los mejores\u00bb.<\/b><\/p>\n<p class=\"paragraph\">El encuentro concluy\u00f3 con el <b>escritor Pepe Melero<\/b>, que entre el p\u00fablico, defini\u00f3 la obra como \u00abuna edici\u00f3n hermosa y una pieza de coleccionismo\u00bb. Y, por eso, Luis Rabanaque cerr\u00f3 con una certeza: \u00abEl libro se ha hecho para lo que se ha hecho\u00bb. <b>Un acto de cari\u00f1o destinado a permanecer.<\/b><\/p>\n","protected":false},"excerpt":{"rendered":"Amigos y lectores se reunieron el pasado 14 de noviembre en el Espacio H de HERALDO para celebrar&hellip;\n","protected":false},"author":2,"featured_media":242635,"comment_status":"","ping_status":"","sticky":false,"template":"","format":"standard","meta":{"footnotes":""},"categories":[174],"tags":[255,146,147,25,24,256,13838,3459,1496,1174,6213,23],"class_list":{"0":"post-242634","1":"post","2":"type-post","3":"status-publish","4":"format-standard","5":"has-post-thumbnail","7":"category-famosos","8":"tag-celebrities","9":"tag-entertainment","10":"tag-entretenimiento","11":"tag-es","12":"tag-espana","13":"tag-famosos","14":"tag-hecho","15":"tag-laura","16":"tag-libro","17":"tag-permanecer","18":"tag-queremos","19":"tag-spain"},"share_on_mastodon":{"url":"https:\/\/pubeurope.com\/@es\/115570468989272993","error":""},"_links":{"self":[{"href":"https:\/\/www.europesays.com\/es\/wp-json\/wp\/v2\/posts\/242634","targetHints":{"allow":["GET"]}}],"collection":[{"href":"https:\/\/www.europesays.com\/es\/wp-json\/wp\/v2\/posts"}],"about":[{"href":"https:\/\/www.europesays.com\/es\/wp-json\/wp\/v2\/types\/post"}],"author":[{"embeddable":true,"href":"https:\/\/www.europesays.com\/es\/wp-json\/wp\/v2\/users\/2"}],"replies":[{"embeddable":true,"href":"https:\/\/www.europesays.com\/es\/wp-json\/wp\/v2\/comments?post=242634"}],"version-history":[{"count":0,"href":"https:\/\/www.europesays.com\/es\/wp-json\/wp\/v2\/posts\/242634\/revisions"}],"wp:featuredmedia":[{"embeddable":true,"href":"https:\/\/www.europesays.com\/es\/wp-json\/wp\/v2\/media\/242635"}],"wp:attachment":[{"href":"https:\/\/www.europesays.com\/es\/wp-json\/wp\/v2\/media?parent=242634"}],"wp:term":[{"taxonomy":"category","embeddable":true,"href":"https:\/\/www.europesays.com\/es\/wp-json\/wp\/v2\/categories?post=242634"},{"taxonomy":"post_tag","embeddable":true,"href":"https:\/\/www.europesays.com\/es\/wp-json\/wp\/v2\/tags?post=242634"}],"curies":[{"name":"wp","href":"https:\/\/api.w.org\/{rel}","templated":true}]}}