{"id":242636,"date":"2025-11-18T11:29:18","date_gmt":"2025-11-18T11:29:18","guid":{"rendered":"https:\/\/www.europesays.com\/es\/242636\/"},"modified":"2025-11-18T11:29:18","modified_gmt":"2025-11-18T11:29:18","slug":"vemos-clientes-obsesionados-con-tirar-tabiques-para-que-todo-parezca-mas-grande","status":"publish","type":"post","link":"https:\/\/www.europesays.com\/es\/242636\/","title":{"rendered":"Vemos clientes obsesionados con tirar tabiques para que todo parezca m\u00e1s grande"},"content":{"rendered":"<p>En los \u00faltimos a\u00f1os,<strong> el dise\u00f1o de interiores<\/strong> ha vivido <strong>una evoluci\u00f3n acelerada<\/strong>. Cambian las necesidades, cambian las viviendas y cambia tambi\u00e9n nuestra manera de relacionarnos con los espacios que habitamos. Lo que antes se entend\u00eda como una casa funcional hoy ya no es suficiente: <strong>buscamos confort, identidad, materiales que nos emocionen<\/strong> y <a href=\"https:\/\/www.revistainteriores.es\/estilo-de-vida\/rober-quinones-her-interiorista-muchas-parejas-que-han-criado-sus-hijos-misma-vivienda-se-encuentran-tras-su-independencia-casa-que-no-responde-sus-necesidades_12112\" rel=\"nofollow noopener\" target=\"_blank\">soluciones que respondan a estilos de vida<\/a> cada vez m\u00e1s din\u00e1micos. La est\u00e9tica importa, s\u00ed, pero la funcionalidad -bien pensada y bien ejecutada- se ha convertido en el n\u00facleo de cualquier proyecto interiorista.<\/p>\n<p>En este contexto, pocas voces acumulan una perspectiva tan amplia como la de <strong><a href=\"https:\/\/www.rderoom.es\/estudio\/\" rel=\"nofollow noopener\" target=\"_blank\">R de Room<\/a><\/strong>, el estudio fundado por las <strong>interioristas Rebeca Campo y Sandra Rodr\u00edguez<\/strong>, que lleva <strong>m\u00e1s de 16 a\u00f1os transformando hogares <\/strong>con una mirada c\u00e1lida, pr\u00e1ctica y profundamente humana. Su trabajo ha sido testigo directo de c\u00f3mo han cambiado las viviendas: desde la irrupci\u00f3n de los <a href=\"https:\/\/www.revistainteriores.es\/tendencias\/por-que-espacios-abiertos-son-ultima-tendencia_9043\" rel=\"nofollow noopener\" target=\"_blank\">espacios abiertos<\/a> hasta la nueva obsesi\u00f3n por exprimir cada metro, pasando por <a href=\"https:\/\/www.revistainteriores.es\/tendencias\/bienvenidos-salon-nuestros-abuelos-abuelas-vuelve-complemento-elegante-artesanal-que-pusieron-moda_10966\" rel=\"nofollow noopener\" target=\"_blank\">el regreso a lo artesanal<\/a> y la b\u00fasqueda de piezas \u00fanicas que doten de alma a los espacios.<\/p>\n<p>Para conocer de primera mano <strong>esta evoluci\u00f3n (sus aciertos, sus matices y tambi\u00e9n sus riesgos)<\/strong> hemos hablado con ellas. \u00a1Mira todo lo que nos han contado!<\/p>\n<p>C\u00f3mo ha evolucionado el dise\u00f1o de interiores, seg\u00fan las interioristas Rebeca Campo y Sandra Rodr\u00edguez&#13;<img loading=\"lazy\" decoding=\"async\"   src=\"https:\/\/www.europesays.com\/es\/wp-content\/uploads\/2025\/11\/r-de-room-arquitectura-interiorismo-proyecto-reforma-cuzco_f4d4afc9_251117121438_1480x2220.webp.webp\" alt=\"R DE ROOM arquitectura interiorismo proyecto reforma CUZCO\" class=\"lazyload\" width=\"1480\" height=\"2220\" data-aspectratio=\"1480\/2220\"\/><\/p>\n<p>&#13;&#13;Foto: Foto: Lupe Clemente&#13;<\/p>\n<p><strong>Llev\u00e1is m\u00e1s de 16 a\u00f1os dedicadas al dise\u00f1o de interiores. Si ech\u00e1is la vista atr\u00e1s, \u00bfc\u00f3mo describir\u00edais la evoluci\u00f3n de los espacios en este tiempo?<\/strong><\/p>\n<p>Cada vez se valora m\u00e1s la artesan\u00eda, las piezas \u00fanicas y la personalizaci\u00f3n de los espacios. Las distribuciones de las viviendas tambi\u00e9n han cambiado mucho y responden a nuevas formas de vida y, con frecuencia, a <a href=\"https:\/\/www.revistainteriores.es\/tendencias\/11-pisos-pequenos-2024-mejores-ideas-distribucion-decoracion_10458\" rel=\"nofollow noopener\" target=\"_blank\"><strong>viviendas cada vez m\u00e1s peque\u00f1as<\/strong><\/a> a las que se quiere sacar todo el partido posible. Se han impuesto <strong>los espacios abiertos <\/strong>y hay una demanda cada vez mayor de zonas espec\u00edficas de almacenaje.<\/p>\n<p><a href=\"https:\/\/www.revistainteriores.es\/decoracion\/como-organizar-pequenos-electrodomesticos-objetos-encimera-cocina_12447\" data-ga4_event=\"custom_event\" data-ga4_event_name=\"click_intext\" data-ga4_link_url=\"https:\/\/www.revistainteriores.es\/decoracion\/como-organizar-pequenos-electrodomesticos-objetos-encimera-cocina_12447\" data-ga4_link_text=\"como_organizar_los_pequenos_electrodomesticos_y_objetos_en_la_encimera_de_la_cocina\" data-ga4_content_type=\"photo\" data-ga4_element=\"related\" rel=\"nofollow noopener\" target=\"_blank\">&#13;&#13;<img loading=\"lazy\" decoding=\"async\" src=\"https:\/\/www.europesays.com\/es\/wp-content\/uploads\/2025\/11\/cocina-orden-y-luz-funcional_d6e6a947_251117154942_600x600.webp.webp\" alt=\"Cocina: orden y luz funcional\" class=\"lazyload\" width=\"600\" height=\"600\" data-aspectratio=\"600\/600\"\/>&#13;&#13;<\/p>\n<p class=\"epigraph\">                    &#13;Noticia relacionada<\/p>\n<p class=\"title\">C\u00f3mo organizar los peque\u00f1os electrodom\u00e9sticos y objetos en la encimera de la cocina<\/p>\n<p><\/a><\/p>\n<p><strong>\u00bfCre\u00e9is que las viviendas de hoy tienden a ser m\u00e1s amplias, visualmente o m\u00e1s reducidas pero funcionales?<\/strong><\/p>\n<p>Cada vez son m\u00e1s peque\u00f1as y por ese motivo optimizar la sensaci\u00f3n de amplitud es prioritario. Vemos cada vez m\u00e1s clientes obsesionados con tirar tabiques para que todo parezca m\u00e1s grande, pero es importante tener claro que prescindir de paredes no es siempre la mejor opci\u00f3n. Nuestra apuesta va m\u00e1s por o<strong>ptimizar la proporci\u00f3n de las estancias<\/strong> y proyectar el amueblamiento a la vez que las distribuciones; es la mejor manera de garantizar la funcionalidad de los espacios.<\/p>\n<p>&#13;<img loading=\"lazy\" decoding=\"async\"   src=\"https:\/\/www.europesays.com\/es\/wp-content\/uploads\/2025\/11\/r-de-room-arquitectura-interiorismo-proyecto-reforma-cuzco_c89698a4_251117121538_1480x2220.webp.webp\" alt=\"R DE ROOM arquitectura interiorismo proyecto reforma CUZCO \" class=\"lazyload\" width=\"1480\" height=\"2220\" data-aspectratio=\"1480\/2220\"\/><\/p>\n<p>&#13;&#13;Foto: Foto: Lupe Clemente&#13;<\/p>\n<p><strong>Se habla mucho de los espacios di\u00e1fanos, las cocinas abiertas y la integraci\u00f3n del sal\u00f3n con el comedor. \u00bfHa sido una evoluci\u00f3n positiva o estamos sacrificando intimidad?<\/strong><\/p>\n<p>Como en la mayor\u00eda de casos, lo ideal es indagar en <strong>c\u00f3mo usa cada familia su vivienda<\/strong>. Integrar la cocina en el sal\u00f3n puede ser positivo de cara a la convivencia y una buena estrategia para <strong>exprimir los metros cuadrados una casa<\/strong>, pero si una familia tiene personal de servicio que se encarga de la cocina, por ejemplo, tiene poco sentido plantear un sal\u00f3n con la cocina incorporada. En general, prescindir de pasillos y vest\u00edbulos e integrar espacios con usos complementarios siempre resta intimidad.<\/p>\n<p><strong>\u00bfQu\u00e9 tendencias o cambios cre\u00e9is que han llegado para quedarse y cu\u00e1les son solo una moda pasajera?<\/strong><\/p>\n<p>Confiamos en que <strong>el valor que se le est\u00e1 dando a la artesan\u00eda y a los oficios <\/strong>se quede una larga temporada con nosotros. En un mundo completamente industrializado y, con el avance de la IA, <strong>el lujo est\u00e1 <\/strong>precisamente <strong>en el contrapunto a la tecnolog\u00eda<\/strong>: que un objeto est\u00e9 hecho a mano, dise\u00f1ado ex profeso para ti, con mimo, sin prisa.<\/p>\n<p>&#13;<img loading=\"lazy\" decoding=\"async\"   src=\"https:\/\/www.europesays.com\/es\/wp-content\/uploads\/2025\/11\/r-de-room-arquitectura-interiorismo-proyecto-reforma-bernabeu_6956c90e_251117122017_1481x2632.webp.webp\" alt=\"R DE ROOM arquitectura interiorismo proyecto reforma BERNABEU\" class=\"lazyload\" width=\"1481\" height=\"2632\" data-aspectratio=\"1481\/2632\"\/><\/p>\n<p>&#13;&#13;Foto: Foto: R de Room&#13;<\/p>\n<p> <a href=\"https:\/\/www.revistainteriores.es\/estilo-de-vida\/elisa-iniguez-interiorista-hijos-independizan-habitaciones-calidad-vida-jubilacion_12418\" data-ga4_event=\"custom_event\" data-ga4_event_name=\"click_intext\" data-ga4_link_url=\"https:\/\/www.revistainteriores.es\/estilo-de-vida\/elisa-iniguez-interiorista-hijos-independizan-habitaciones-calidad-vida-jubilacion_12418\" data-ga4_link_text=\"elisa_iniguez_interiorista_cuando_los_hijos_se_independizan_debemos_transformar_sus_habitaciones\" data-ga4_content_type=\"photo\" data-ga4_element=\"related\" rel=\"nofollow noopener\" target=\"_blank\">&#13;&#13;<img loading=\"lazy\" decoding=\"async\" src=\"https:\/\/www.europesays.com\/es\/wp-content\/uploads\/2025\/11\/elisa-iniguez-interiorista_90cca5f2_251111133603_600x600.webp.webp\" alt=\"Elisa I\u00f1iguez, interiorista\" class=\"lazyload\" width=\"600\" height=\"600\" data-aspectratio=\"600\/600\"\/>&#13;&#13;<\/p>\n<p class=\"epigraph\">                    &#13;Noticia relacionada<\/p>\n<p class=\"title\">Elisa I\u00f1iguez, interiorista: \u00abCuando los hijos se independizan, debemos transformar sus habitaciones\u00bb<\/p>\n<p><\/a><\/p>\n<p><strong>Si tuvierais que definir hacia d\u00f3nde se dirige el interiorismo en los pr\u00f3ximos a\u00f1os, \u00bfcu\u00e1l ser\u00eda vuestra predicci\u00f3n?<\/strong><\/p>\n<p>Hacia las <a href=\"https:\/\/www.revistainteriores.es\/casas\/esta-luminosa-casa-presume-recibidor-medida-rincon-lectura-grandes-ideas-que-querras-copiar_10814\" rel=\"nofollow noopener\" target=\"_blank\">casas <\/a><strong><a href=\"https:\/\/www.revistainteriores.es\/casas\/esta-luminosa-casa-presume-recibidor-medida-rincon-lectura-grandes-ideas-que-querras-copiar_10814\" rel=\"nofollow noopener\" target=\"_blank\">muy personalizadas<\/a>, sostenibles y funcionales<\/strong>; lo suficientemente flexibles para adaptarse a los cambios, pero tambi\u00e9n llenas de personalidad.<\/p>\n<p><strong>Y, a nivel personal, \u00bfqu\u00e9 cambio os ha hecho m\u00e1s ilusi\u00f3n ver consolidarse con el tiempo?<\/strong><\/p>\n<p>Cada vez se le da m\u00e1s valor al trabajo de los profesionales. No es solo una cuesti\u00f3n de apreciaci\u00f3n, es que las viviendas se amortizan mucho m\u00e1s cuando han sido reformadas o dise\u00f1adas por un interiorista o arquitecto. Al final <strong>est\u00e1s invirtiendo a corto plazo en tu propio bienestar<\/strong>, pero tambi\u00e9n en un activo inmobiliario a futuro.<\/p>\n","protected":false},"excerpt":{"rendered":"En los \u00faltimos a\u00f1os, el dise\u00f1o de interiores ha vivido una evoluci\u00f3n acelerada. Cambian las necesidades, cambian las&hellip;\n","protected":false},"author":2,"featured_media":242637,"comment_status":"","ping_status":"","sticky":false,"template":"","format":"standard","meta":{"footnotes":""},"categories":[173],"tags":[229,233,231,230,232,234,146,147,25,24,23],"class_list":{"0":"post-242636","1":"post","2":"type-post","3":"status-publish","4":"format-standard","5":"has-post-thumbnail","7":"category-arte-y-diseno","8":"tag-arte","9":"tag-arte-y-diseno","10":"tag-arts","11":"tag-arts-and-design","12":"tag-design","13":"tag-diseno","14":"tag-entertainment","15":"tag-entretenimiento","16":"tag-es","17":"tag-espana","18":"tag-spain"},"share_on_mastodon":{"url":"https:\/\/pubeurope.com\/@es\/115570473399826401","error":""},"_links":{"self":[{"href":"https:\/\/www.europesays.com\/es\/wp-json\/wp\/v2\/posts\/242636","targetHints":{"allow":["GET"]}}],"collection":[{"href":"https:\/\/www.europesays.com\/es\/wp-json\/wp\/v2\/posts"}],"about":[{"href":"https:\/\/www.europesays.com\/es\/wp-json\/wp\/v2\/types\/post"}],"author":[{"embeddable":true,"href":"https:\/\/www.europesays.com\/es\/wp-json\/wp\/v2\/users\/2"}],"replies":[{"embeddable":true,"href":"https:\/\/www.europesays.com\/es\/wp-json\/wp\/v2\/comments?post=242636"}],"version-history":[{"count":0,"href":"https:\/\/www.europesays.com\/es\/wp-json\/wp\/v2\/posts\/242636\/revisions"}],"wp:featuredmedia":[{"embeddable":true,"href":"https:\/\/www.europesays.com\/es\/wp-json\/wp\/v2\/media\/242637"}],"wp:attachment":[{"href":"https:\/\/www.europesays.com\/es\/wp-json\/wp\/v2\/media?parent=242636"}],"wp:term":[{"taxonomy":"category","embeddable":true,"href":"https:\/\/www.europesays.com\/es\/wp-json\/wp\/v2\/categories?post=242636"},{"taxonomy":"post_tag","embeddable":true,"href":"https:\/\/www.europesays.com\/es\/wp-json\/wp\/v2\/tags?post=242636"}],"curies":[{"name":"wp","href":"https:\/\/api.w.org\/{rel}","templated":true}]}}