{"id":242642,"date":"2025-11-18T11:35:09","date_gmt":"2025-11-18T11:35:09","guid":{"rendered":"https:\/\/www.europesays.com\/es\/242642\/"},"modified":"2025-11-18T11:35:09","modified_gmt":"2025-11-18T11:35:09","slug":"el-virus-de-marburgo-en-espana-llama-a-activar-guardias-24-7-de-preventiva","status":"publish","type":"post","link":"https:\/\/www.europesays.com\/es\/242642\/","title":{"rendered":"El virus de Marburgo en Espa\u00f1a llama a activar guardias 24\/7 de Preventiva"},"content":{"rendered":"<p>\n                                                 Inmaculada Salcedo, vocal de la Sociedad Espa\u00f1ola de Medicina Preventiva, Salud P\u00fablica y Gesti\u00f3n Sanitaria en la Comisi\u00f3n Nacional de la especialidad.&#13;<br \/>\n.                                            <\/p>\n<p>                                            Aunque el <strong>riesgo de contraer <\/strong>el <a href=\"https:\/\/www.redaccionmedica.com\/secciones\/sanidad-hoy\/sanidad-previene-la-llegada-del-virus-de-marburgo-con-baja-transmision-5141\" title=\"Sanidad previene la llegada del virus de Marburgo con baja transmisi\u00f3n\" rel=\"nofollow noopener\" target=\"_blank\">virus de Marburgo<\/a><strong> en Espa\u00f1a <\/strong>es bajo, son varios los expertos que alertan de que la<strong> falta de personal<\/strong>, la ausencia de cobertura, las <strong>desigualdades entre comunidades aut\u00f3nomas\u00a0<\/strong>y la<strong> inexistencia de tratamiento espec\u00edfico<\/strong> obligan a reforzar la prevenci\u00f3n, mejorar la coordinaci\u00f3n y actuar antes de que la transmisi\u00f3n avance. As\u00ed, la facultativa Inmaculada Salcedo, vocal de la\u00a0<strong>Sociedad Espa\u00f1ola de Medicina Preventiva, Salud P\u00fablica y Gesti\u00f3n Sanitaria <\/strong>en la\u00a0<strong>Comisi\u00f3n Nacional de la especialidad,<\/strong>\u00a0considera imprescindible contar con vigilancia epidemiol\u00f3gica continua a trav\u00e9s de <strong>guardias en hospitales y centros de salud<\/strong>, incluidos fines de semana y festivos, para frenar eficazmente cualquier posible caso de contagio.\u00a0<br \/>\n\tLa experta opina que\u00a0<strong>la vigilancia epidemiol\u00f3gica permanente<\/strong>\u00a0es clave para frenar cualquier posible caso de contagio relacionado con el\u00a0<strong>virus de Marburgo, especialmente tras la confirmaci\u00f3n de un nuevo brote en el sur de Etiop\u00eda.<\/strong> Actualmente, \u00aben muchos hospitales y centros de salud no existe cobertura completa los fines de semana o festivos, lo que retrasa la detecci\u00f3n y el control de los brotes\u00bb, se\u00f1ala Salcedo, que defiende el modelo de actuaci\u00f3n de Andaluc\u00eda, \u00abcon epidemi\u00f3logos que trabajan 24\/7 y Servicios de Medicina Preventiva y Salud P\u00fablica en los hospitales\u00a0<strong>donde se hacen guardias tambi\u00e9n los fines de semana<\/strong>\u00ab.<\/p>\n<p>Y es que, a su juicio, el principal problema es que \u00abno ocurre as\u00ed en todas partes\u00bb.\u00a0La especialista insiste en que<strong>\u00a0la falta de personal puede comprometer la respuesta<\/strong>: \u00abHay muchos hospitales que tienen muy poco personal y que no permiten la cobertura necesaria, donde compa\u00f1eros lo pasan francamente mal porque los fines de semana a lo mejor no pueden atender todo\u00bb. Por eso, subraya que \u00abtendr\u00eda que haber una vigilancia permanente incluso s\u00e1bado y domingo,\u00a0<strong>porque los g\u00e9rmenes no paran<\/strong>\u00ab.<\/p>\n<p>\n\tActuar con rapidez es fundamental, advierte: \u00abNo es lo mismo cortar un brote inmediatamente un viernes por la tarde o un s\u00e1bado que dejarlo sin vigilar y\u00a0<strong>sin tener los casos contados hasta el lunes<\/strong>, cuando ya\u00a0es tard\u00edsimo\u00bb. As\u00ed, Salcedo resume la necesidad de que \u00abtodos los hospitales tengan servicios los fines de semana de guardias de Medicina Preventiva y Salud P\u00fablica\u00bb.&#13;<br \/>\n\t\tCoordinaci\u00f3n entre CCAA<br \/>\n\t<br \/>\n\tIgualmente, insiste en que los recursos humanos deben ser suficientes\u00a0<strong>para cubrir vacaciones y periodos de menor disponibilidad<\/strong>: \u00abNecesitar\u00edamos en todos los hospitales preventivistas suficientes para cubrir tanto los fines de semana como las tardes, as\u00ed omo por ejemplo las vacaciones y el verano\u00bb. Aunque para<strong>\u00a0garantizar una respuesta efectiva<\/strong>, adem\u00e1s de aumentar la cobertura, es necesario \u00abcoordinar hospitales, Atenci\u00f3n Primaria y delegaciones territoriales porque sino los contagios se desarrollan con mucha rapidez\u00bb.\u00a0Recuerda que el paciente potencial \u00abest\u00e1 en su centro de salud o en el hospital y tiene una familia, incluido ni\u00f1os, o personas vulnerables en residencias\u00bb.<\/p>\n<p>Es en este punto cuando la m\u00e9dica de Familia y preventivista\u00a0sit\u00faa de nuevo como modelo a Andaluc\u00eda al hablar de las ventajas que ofrece el poder contar con una\u00a0\u00abuna <strong>historia \u00fanica digital<\/strong>\u00ab, la cual \u00abfacilita much\u00edsimo el trabajo\u00bb a diferencia de lo que ocurre en otras regiones.\u00a0<\/p>\n<p>Por ello, cuando habla de colaboraci\u00f3n, Salcedo ensalza la existencia de la Red Nacional de Vigilancia en Salud P\u00fablica de Espa\u00f1a (Renave), \u00abque funciona muy bien\u00bb, y el Sistema de Vigilancia Epidemiol\u00f3gico de Andaluc\u00eda (SVEA), donde \u00abse revierten datos al sistema de vigilancia y de ah\u00ed se pasan al Ministerio de Sanidad\u00bb.\u00a0Sin embargo, a\u00f1ade que, a veces, \u00abcuando faltan recursos,\u00a0<strong>los datos se vuelcan a posteriori<\/strong>\u00ab. Por ello, recalca la importancia de \u00abdetectar r\u00e1pidamente los resultados\u00bb.<\/p>\n<p>&#13;<br \/>\n\t\tVirus como el \u00e9bola<\/p>\n<p>\nEn cualquier caso, Salcedo advierte de que \u00abestos virus son como con el \u00e9bola y, como con otras fiebres hemorr\u00e1gicas, <strong>el tratamiento es solamente sintom\u00e1tico\u00bb <\/strong>porque\u00a0\u00abel germen no se mata directamente, no hay un antiviral ni antibi\u00f3ticos espec\u00edficos que acaben con los virus\u00bb.\u00a0Por ello considera que \u00abhay que insistir much\u00edsimo en la prevenci\u00f3n para que no ocurran casos que se diseminen con la velocidad que pueden ocurrir en los brotes\u00bb, especialmente porque<strong> \u00aben personas vulnerables les puede costar la vida\u00bb<\/strong>.\u00a0Por eso, reitera que \u00ablos sistemas de vigilancia son fundamentales\u00bb.\u00a0<\/p>\n<p>\u00abLo primero es<strong>\u00a0rehidratar al paciente y mejorar la fiebre<\/strong>\u00ab. Despu\u00e9s, existen otros pasos como \u00aba\u00f1adir anticuerpos monoclonales en algunos antivirales\u00bb, aunque asegura que cuando una persona se ha contagiado, \u00abya es medio tarde\u00bb.<\/p>\n<p>&#13;<br \/>\n\tLa experta detalla que \u00abla enfermedad empieza con fiebre alta, con dolor de cabeza\u00bb y que el periodo de incubaci\u00f3n \u00abva entre 2 y 21 d\u00edas dependiendo del intervalo de la carga viral\u00bb. Precisa que \u00ab<strong>a m\u00e1s carga viral y a m\u00e1s cantidad de germen<\/strong>, m\u00e1s s\u00edntomas\u00bb. Adem\u00e1s,\u00a0desde el tercer d\u00eda pueden aparecer \u00abdiarrea l\u00edquida, dolor, c\u00f3licos abdominales, n\u00e1useas, v\u00f3mitos\u00bb, e incluso \u00abalgunas <strong>erupciones en la piel<\/strong> entre 2 y 7 d\u00edas despu\u00e9s del inicio de estos s\u00edntomas\u00bb. Tambi\u00e9n existe una fase hemorr\u00e1gica, donde las personas contagiadas \u00abtienen sangre en v\u00f3mitos, en heces y en la enc\u00eda, en la nariz\u00bb. \u00abLa verdad que <strong>puede haber sangrado en muchos puntos del organismo<\/strong> hasta que se producen hemorragias m\u00e1s graves que pueden causar la muerte\u00bb, generalmente entre \u00ab8 y 9 d\u00edas despu\u00e9s del inicio de los s\u00edntomas\u00bb, asegura.<\/p>\n<p>\n&#13;<br \/>\n\t\u00bfC\u00f3mo se contagia este virus?\u00a0<\/p>\n<p>\n\tEn comparaci\u00f3n con <a href=\"https:\/\/www.redaccionmedica.com\/secciones\/ministerio-sanidad\/sanidad-prepara-el-fin-de-una-era-adios-a-la-regulacion-de-precios-covid-5152\" title=\"Sanidad prepara el fin de una era: adi\u00f3s a la regulaci\u00f3n de precios covid\" rel=\"nofollow noopener\" target=\"_blank\">el Covid-19<\/a>, que \u00abten\u00eda una contagiosidad muy alta y se transmit\u00eda por gotas como la gripe\u00bb, este virus a las fiebres hemorr\u00e1gicas y <strong>se contagia a trav\u00e9s de los murci\u00e9lagos<\/strong>: \u00abLos veterinarios, los criaderos, y los sitios donde hay estos animales deben tener cuidado\u00bb. Resalta que, por ello, \u00ab<strong>la implicaci\u00f3n de la comunidad de protecci\u00f3n de la salud<\/strong>, de los epidemi\u00f3logos y de Atenci\u00f3n Primaria es fundamental\u00bb.\u00a0<br \/>\n<br \/>\nFinalmente, vuelve a recordar que no hay tratamiento espec\u00edfico frente al virus de Marburgo y el abordaje es sintom\u00e1tico: \u00abLo primero es<strong>\u00a0rehidratar al paciente y mejorar la fiebre<\/strong>\u00ab. Despu\u00e9s, existen otros pasos como \u00aba\u00f1adir anticuerpos monoclonales en algunos antivirales\u00bb, aunque asegura que cuando una persona se ha contagiado, \u00abya es medio tarde\u00bb.                                        <\/p>\n<p>\n                                            Las informaciones publicadas en Redacci\u00f3n M\u00e9dica contienen afirmaciones, datos y declaraciones procedentes de instituciones oficiales y profesionales sanitarios. No obstante, ante cualquier duda relacionada con su salud, consulte con su especialista sanitario correspondiente.\n                                        <\/p>\n","protected":false},"excerpt":{"rendered":"Inmaculada Salcedo, vocal de la Sociedad Espa\u00f1ola de Medicina Preventiva, Salud P\u00fablica y Gesti\u00f3n Sanitaria en la Comisi\u00f3n&hellip;\n","protected":false},"author":2,"featured_media":242643,"comment_status":"","ping_status":"","sticky":false,"template":"","format":"standard","meta":{"footnotes":""},"categories":[92],"tags":[25,24,165,166,23],"class_list":{"0":"post-242642","1":"post","2":"type-post","3":"status-publish","4":"format-standard","5":"has-post-thumbnail","7":"category-salud","8":"tag-es","9":"tag-espana","10":"tag-health","11":"tag-salud","12":"tag-spain"},"share_on_mastodon":{"url":"https:\/\/pubeurope.com\/@es\/115570496265264110","error":""},"_links":{"self":[{"href":"https:\/\/www.europesays.com\/es\/wp-json\/wp\/v2\/posts\/242642","targetHints":{"allow":["GET"]}}],"collection":[{"href":"https:\/\/www.europesays.com\/es\/wp-json\/wp\/v2\/posts"}],"about":[{"href":"https:\/\/www.europesays.com\/es\/wp-json\/wp\/v2\/types\/post"}],"author":[{"embeddable":true,"href":"https:\/\/www.europesays.com\/es\/wp-json\/wp\/v2\/users\/2"}],"replies":[{"embeddable":true,"href":"https:\/\/www.europesays.com\/es\/wp-json\/wp\/v2\/comments?post=242642"}],"version-history":[{"count":0,"href":"https:\/\/www.europesays.com\/es\/wp-json\/wp\/v2\/posts\/242642\/revisions"}],"wp:featuredmedia":[{"embeddable":true,"href":"https:\/\/www.europesays.com\/es\/wp-json\/wp\/v2\/media\/242643"}],"wp:attachment":[{"href":"https:\/\/www.europesays.com\/es\/wp-json\/wp\/v2\/media?parent=242642"}],"wp:term":[{"taxonomy":"category","embeddable":true,"href":"https:\/\/www.europesays.com\/es\/wp-json\/wp\/v2\/categories?post=242642"},{"taxonomy":"post_tag","embeddable":true,"href":"https:\/\/www.europesays.com\/es\/wp-json\/wp\/v2\/tags?post=242642"}],"curies":[{"name":"wp","href":"https:\/\/api.w.org\/{rel}","templated":true}]}}