{"id":242648,"date":"2025-11-18T11:38:14","date_gmt":"2025-11-18T11:38:14","guid":{"rendered":"https:\/\/www.europesays.com\/es\/242648\/"},"modified":"2025-11-18T11:38:14","modified_gmt":"2025-11-18T11:38:14","slug":"la-compraventa-de-viviendas-sube-un-38-y-marca-su-mejor-septiembre","status":"publish","type":"post","link":"https:\/\/www.europesays.com\/es\/242648\/","title":{"rendered":"La compraventa de viviendas sube un 3,8% y marca su mejor septiembre"},"content":{"rendered":"<p>La compraventa de vivienda retom\u00f3 las subidas en septiembre tras <a href=\"https:\/\/www.rtve.es\/noticias\/20251023\/compraventa-viviendas-cae-34-agosto-despues-13-meses-alza\/16782887.shtml\" target=\"_blank\" rel=\"nofollow noopener\">la ca\u00edda del 3,4% registrada en agosto<\/a> y lo hizo batiendo todos los registros: en el noveno mes del a\u00f1o, <strong>el total de operaciones se situ\u00f3 en 63.794, un 3,8% m\u00e1s<\/strong> que en el mismo mes del a\u00f1o anterior, tal como se desprende de los datos <a href=\"https:\/\/ine.es\/dyngs\/INEbase\/operacion.htm?c=Estadistica_C&amp;cid=1254736171438&amp;idp=1254735576606\" target=\"_blank\" rel=\"nofollow noopener\">publicados este martes<\/a> por el Instituto Nacional de Estad\u00edstica (INE).<\/p>\n<p>La subida fue m\u00e1s pronunciada si se compara con el mes anterior, en el que las vacaciones de verano suelen frenar la compraventa de vivienda. En este caso, <strong>el repunte fue del 33,7%<\/strong>, en un contexto marcado por la falta de oferta y el encarecimiento de precios.<\/p>\n<p>Es, de hecho, la mayor cifra que se registra en este mes <strong>desde el inicio de la serie en 2007<\/strong> y su segundo mejor dato de este a\u00f1o tras el de julio.<\/p>\n<p>La vivienda nueva crece m\u00e1s de un 10%<\/p>\n<p>Por tipolog\u00eda, la compraventa de vivienda nueva est\u00e1 principalmente detr\u00e1s de esta subida. En concreto, creci\u00f3 un 10,8% interanual, hasta las 13.823 operaciones, su <strong>mayor cifra en un mes de septiembre desde 2010<\/strong>.<\/p>\n<p>Por su parte, las compraventas realizadas sobre viviendas usadas aumentaron un 2%, hasta las 49.971 operaciones, marcando m\u00e1ximos para un mes de septiembre en 18 a\u00f1os. <\/p>\n<p>Si se tiene en cuenta la tasa intermensual (comparaci\u00f3n del dato de agosto con respecto al de julio), las operaciones de viviendas <strong>nuevas subieron un 36,6% y las usadas, un 33%<\/strong>. Y en el acumulado de los nueve primeros meses del a\u00f1o, el total de operaciones aument\u00f3 un 14,4%, con avances del 24,1% para las viviendas nuevas y del 12% para las usadas.<\/p>\n<p>Por \u00faltimo, cabe destacar que <strong>m\u00e1s de nueve de cada diez viviendas <\/strong>transmitidas por compraventa el pasado mes de septiembre fueron libres y el resto, protegidas. En total, las operaciones de viviendas libres subieron un 4,7% interanual, hasta las 59.406, en tanto que la compraventa de viviendas protegidas disminuy\u00f3 un 6,9%, hasta sumar 4.388.<\/p>\n<p>Andaluc\u00eda, a la cabeza<\/p>\n<p>Por comunidades aut\u00f3nomas y en valores absolutos, Andaluc\u00eda fue la regi\u00f3n en la que m\u00e1s compraventas sobre viviendas se realizaron durante el noveno mes del a\u00f1o, con <strong>12.584<\/strong>; seguida de Comunidad Valenciana (10.413), Catalu\u00f1a (9.491) y Madrid (7.787). <\/p>\n<p>En diez regiones se vendieron en septiembre m\u00e1s viviendas que en igual mes de 2024 y en siete se vendieron menos, principalmente en Baleares, donde las compraventas de vivienda bajaron un 9,6%; Asturias (-4,1%), La Rioja (-3,2%) y Madrid (-2,7%). <\/p>\n<p>Por contra, las comunidades aut\u00f3nomas que presentaron los <strong>mayores aumentos fueron Castilla-La Mancha (+19%)<\/strong>, Navarra (+12,4%) y Andaluc\u00eda (+10,2%), \u00fanicas regiones con ascensos de dos d\u00edgitos. Por su parte, Arag\u00f3n (+3,1%) y Galicia (+0,5%) registraron los menores repuntes.<\/p>\n","protected":false},"excerpt":{"rendered":"La compraventa de vivienda retom\u00f3 las subidas en septiembre tras la ca\u00edda del 3,4% registrada en agosto y&hellip;\n","protected":false},"author":2,"featured_media":242649,"comment_status":"","ping_status":"","sticky":false,"template":"","format":"standard","meta":{"footnotes":""},"categories":[80],"tags":[82,95,94,25,24,23],"class_list":{"0":"post-242648","1":"post","2":"type-post","3":"status-publish","4":"format-standard","5":"has-post-thumbnail","7":"category-economia","8":"tag-business","9":"tag-economia","10":"tag-economy","11":"tag-es","12":"tag-espana","13":"tag-spain"},"share_on_mastodon":{"url":"https:\/\/pubeurope.com\/@es\/115570508457009185","error":""},"_links":{"self":[{"href":"https:\/\/www.europesays.com\/es\/wp-json\/wp\/v2\/posts\/242648","targetHints":{"allow":["GET"]}}],"collection":[{"href":"https:\/\/www.europesays.com\/es\/wp-json\/wp\/v2\/posts"}],"about":[{"href":"https:\/\/www.europesays.com\/es\/wp-json\/wp\/v2\/types\/post"}],"author":[{"embeddable":true,"href":"https:\/\/www.europesays.com\/es\/wp-json\/wp\/v2\/users\/2"}],"replies":[{"embeddable":true,"href":"https:\/\/www.europesays.com\/es\/wp-json\/wp\/v2\/comments?post=242648"}],"version-history":[{"count":0,"href":"https:\/\/www.europesays.com\/es\/wp-json\/wp\/v2\/posts\/242648\/revisions"}],"wp:featuredmedia":[{"embeddable":true,"href":"https:\/\/www.europesays.com\/es\/wp-json\/wp\/v2\/media\/242649"}],"wp:attachment":[{"href":"https:\/\/www.europesays.com\/es\/wp-json\/wp\/v2\/media?parent=242648"}],"wp:term":[{"taxonomy":"category","embeddable":true,"href":"https:\/\/www.europesays.com\/es\/wp-json\/wp\/v2\/categories?post=242648"},{"taxonomy":"post_tag","embeddable":true,"href":"https:\/\/www.europesays.com\/es\/wp-json\/wp\/v2\/tags?post=242648"}],"curies":[{"name":"wp","href":"https:\/\/api.w.org\/{rel}","templated":true}]}}