{"id":242650,"date":"2025-11-18T11:39:09","date_gmt":"2025-11-18T11:39:09","guid":{"rendered":"https:\/\/www.europesays.com\/es\/242650\/"},"modified":"2025-11-18T11:39:09","modified_gmt":"2025-11-18T11:39:09","slug":"lio-mundial-por-trump-amenaza-con-cambiar-las-sedes","status":"publish","type":"post","link":"https:\/\/www.europesays.com\/es\/242650\/","title":{"rendered":"L\u00edo Mundial por Trump: amenaza con cambiar las sedes"},"content":{"rendered":"<p class=\"\">La <a href=\"https:\/\/as.com\/futbol\/internacional\/acuerdo-fifa-trump-para-agilizar-los-visados-en-el-mundial-f202511-n\/\" target=\"_self\" rel=\"nofollow noopener\" title=\"https:\/\/as.com\/futbol\/internacional\/acuerdo-fifa-trump-para-agilizar-los-visados-en-el-mundial-f202511-n\/\">\u00faltima reuni\u00f3n <\/a>del <b>Task Force<\/b> del <b>Mundial 2026<\/b>, celebrada como siempre en la <b>Casa Blanca <\/b>y con <b>Donald J. Trump<\/b> y <b>Gianni Infantino <\/b>como m\u00e1ximos responsables del gobierno de <b>EE UU<\/b> y de la <b>FIFA<\/b>, respectivamente, dej\u00f3 de nuevo la sensaci\u00f3n de que algunas sedes confirmadas para el torneo, que arranca en apenas siete meses, corren todav\u00eda peligro. En concreto, aquellas gobernadas por los dem\u00f3cratas, en un claro desaf\u00edo de <b>Trump <\/b>que puede meter a la <b>FIFA <\/b>en un importante l\u00edo.<\/p>\n<p class=\"\">En un momento de la reuni\u00f3n entre todas las partes, en la que tambi\u00e9n se encontraban el secretario de <b>Estado<\/b>, <b>Marco Rubio<\/b>, y la secretaria de <b>Seguridad Nacional<\/b>, <b>Kristi Noem<\/b>, se le pregunt\u00f3 a <b>Trump <\/b>sobre la reci\u00e9n elegida alcaldesa socialista de <b>Seattle<\/b>, <b>Katie Wilson<\/b>, a lo que respondi\u00f3: \u201cSi vemos que puede haber alg\u00fan problema, le pedir\u00eda a <b>Gianni <\/b>(Infantino) que lo traslademos a otra ciudad\u2026\u201c.<\/p>\n<p class=\"\">Y continu\u00f3: \u201cAs\u00ed que, si vemos que hay alg\u00fan problema en <b>Seattle<\/b>, donde tienen una alcaldesa muy liberal\/comunista\u2026 le diremos: \u2018<b>Gianni<\/b>, \u00bfpuedo decir que lo trasladaremos?\u2019 No creo que vayan a tener ese problema. Pero trasladaremos el evento a un lugar donde sea bien recibido y seguro\u201d. <\/p>\n<p><img loading=\"lazy\" decoding=\"async\" src=\"https:\/\/www.europesays.com\/es\/wp-content\/uploads\/2025\/11\/https:\/\/vdmedia.as.com\/mcv\/diarioas\/multimedia\/20251118\/1110104_092040_still.0000001.jpg\" alt=\"L\u00edo Mundial por Trump: amenaza con cambiar las sedes\" class=\"mm__img\" height=\"360\" width=\"640\"   data-tb-video=\"\"\/><\/p>\n<p class=\"\"><b>Infantino<\/b>, entre la espada y la pared, respondi\u00f3: \u201cS\u00ed, creo que la seguridad es la prioridad n\u00famero uno para el \u00e9xito de un <b>Mundial<\/b>\u201d. Tal afirmaci\u00f3n siembra, una vez m\u00e1s, dudas sobre el futuro como sedes de ciudades bajo control dem\u00f3crata, que en los \u00faltimos tiempos han sido duramente criticadas por <b>Trump<\/b>.<\/p>\n<p><img decoding=\"async\" src=\"https:\/\/www.europesays.com\/es\/wp-content\/uploads\/2025\/11\/RPKM4BCWHB4VOWLGFDHAMQKT3Q.jpg\" alt=\"L\u00edo Mundial por Trump: amenaza con cambiar las sedes\" height=\"3808\" width=\"5000\"   loading=\"lazy\"\/>Kai Pfaffenbach<b>No est\u00e1 zanjado<\/b><\/p>\n<p class=\"\">Hace poco m\u00e1s de un mes, el presidente de la <b>CONCACAF <\/b>y vicepresidente de <b>FIFA<\/b>, <b>Victor Montagliani<\/b>, <a href=\"https:\/\/as.com\/futbol\/internacional\/la-fifa-responde-a-trump-con-respeto-a-los-lideres-mundiales-el-futbol-es-mas-grande-que-ellos-n\/\" target=\"_self\" rel=\"nofollow noopener\" title=\"https:\/\/as.com\/futbol\/internacional\/la-fifa-responde-a-trump-con-respeto-a-los-lideres-mundiales-el-futbol-es-mas-grande-que-ellos-n\/\">pareci\u00f3 zanjar el asunto<\/a> durante un evento en <b>Londres<\/b>: \u201cEs un torneo de la <b>FIFA <\/b>y es la <b>FIFA <\/b>la que toma esas decisiones. Con todo el respeto hacia los l\u00edderes mundiales actuales, el f\u00fatbol es m\u00e1s grande que ellos y sobrevivir\u00e1 a sus gobiernos, a sus reg\u00edmenes y a sus esl\u00f3ganes\u201d.<\/p>\n<p class=\"\">Sin embargo, la postura de <b>Infantino<\/b>, fiel socio estrat\u00e9gico y comercial de <b>Trump<\/b>, no es tan clara, lo que refleja la encrucijada en la que actualmente se encuentra la <b>FIFA<\/b>. El 5 de diciembre se celebra el sorteo del <b>Mundial <\/b>en <b>Washington<\/b>, al que se espera que acuda el presidente de <b>EE UU<\/b>, tal y como hiciera en la final del <b>Mundial de Clubes<\/b> del pasado verano en <b>Nueva York-Nueva Jersey<\/b>.<\/p>\n<p>Noticias relacionadas<\/p>\n<p class=\"\"><b>Estados Unidos<\/b>, que coorganiza el Mundial junto con <b>M\u00e9xico y Canad\u00e1<\/b>, cuenta con once sedes confirmadas, la mayor\u00eda en ciudades en manos de alcaldes dem\u00f3cratas como <b>Los \u00c1ngeles, Nueva York, Atlanta, Houston, Boston, Filadelfia o Seattle<\/b>. Alterar el conjunto de sedes con tan poco tiempo por delante y por acusaciones de <b>Trump <\/b>podr\u00eda suponer un galimat\u00edas econ\u00f3mico y pol\u00edtico para la <b>FIFA<\/b>. <\/p>\n<p class=\"\"><b>\u00a1Tus opiniones importan!<\/b> Comenta en los art\u00edculos y suscr\u00edbete gratis a nuestra <a href=\"https:\/\/asfan.as.com\/newsletters\/\" target=\"_blank\" rel=\"nofollow noopener\" title=\"https:\/\/asfan.as.com\/newsletters\/\">newsletter<\/a> y a las alertas informativas en la <a href=\"https:\/\/as.com\/aplicacion-de-as-n\/\" target=\"_blank\" rel=\"nofollow noopener\" title=\"https:\/\/as.com\/aplicacion-de-as-n\/\">App<\/a> o el canal de <a href=\"https:\/\/www.whatsapp.com\/channel\/0029VaAasdA7j6g745nz9M10\" target=\"_blank\" rel=\"nofollow noopener\" title=\"https:\/\/www.whatsapp.com\/channel\/0029VaAasdA7j6g745nz9M10\">WhatsApp<\/a>. \u00bfBuscas licenciar contenido? Haz clic <a href=\"https:\/\/profesional.elpais.com\/soluciones-sindicacion?utm_medium=interno&amp;utm_source=crosslinking&amp;utm_campaign=sindicacion_as_pie_articulos\" target=\"_blank\" rel=\"nofollow noopener\" title=\"https:\/\/profesional.elpais.com\/soluciones-sindicacion?utm_medium=interno&amp;utm_source=crosslinking&amp;utm_campaign=sindicacion_as_pie_articulos\">aqu\u00ed<\/a><\/p>\n","protected":false},"excerpt":{"rendered":"La \u00faltima reuni\u00f3n del Task Force del Mundial 2026, celebrada como siempre en la Casa Blanca y con&hellip;\n","protected":false},"author":2,"featured_media":242651,"comment_status":"","ping_status":"","sticky":false,"template":"","format":"standard","meta":{"footnotes":""},"categories":[42],"tags":[17,18,13,14,11,61,62,63,64,19,20,9,10,15,16,12,21,22,65,66,67],"class_list":{"0":"post-242650","1":"post","2":"type-post","3":"status-publish","4":"format-standard","5":"has-post-thumbnail","7":"category-internacional","8":"tag-breaking-news","9":"tag-breakingnews","10":"tag-featured-news","11":"tag-featurednews","12":"tag-headlines","13":"tag-internacional","14":"tag-international","15":"tag-international-news","16":"tag-internationalnews","17":"tag-latest-news","18":"tag-latestnews","19":"tag-news","20":"tag-noticias","21":"tag-noticias-destacadas","22":"tag-noticiasdestacadas","23":"tag-titulares","24":"tag-ultimas-noticias","25":"tag-ultimasnoticias","26":"tag-world","27":"tag-world-news","28":"tag-worldnews"},"share_on_mastodon":{"url":"https:\/\/pubeurope.com\/@es\/115570512268579853","error":""},"_links":{"self":[{"href":"https:\/\/www.europesays.com\/es\/wp-json\/wp\/v2\/posts\/242650","targetHints":{"allow":["GET"]}}],"collection":[{"href":"https:\/\/www.europesays.com\/es\/wp-json\/wp\/v2\/posts"}],"about":[{"href":"https:\/\/www.europesays.com\/es\/wp-json\/wp\/v2\/types\/post"}],"author":[{"embeddable":true,"href":"https:\/\/www.europesays.com\/es\/wp-json\/wp\/v2\/users\/2"}],"replies":[{"embeddable":true,"href":"https:\/\/www.europesays.com\/es\/wp-json\/wp\/v2\/comments?post=242650"}],"version-history":[{"count":0,"href":"https:\/\/www.europesays.com\/es\/wp-json\/wp\/v2\/posts\/242650\/revisions"}],"wp:featuredmedia":[{"embeddable":true,"href":"https:\/\/www.europesays.com\/es\/wp-json\/wp\/v2\/media\/242651"}],"wp:attachment":[{"href":"https:\/\/www.europesays.com\/es\/wp-json\/wp\/v2\/media?parent=242650"}],"wp:term":[{"taxonomy":"category","embeddable":true,"href":"https:\/\/www.europesays.com\/es\/wp-json\/wp\/v2\/categories?post=242650"},{"taxonomy":"post_tag","embeddable":true,"href":"https:\/\/www.europesays.com\/es\/wp-json\/wp\/v2\/tags?post=242650"}],"curies":[{"name":"wp","href":"https:\/\/api.w.org\/{rel}","templated":true}]}}