{"id":242652,"date":"2025-11-18T11:40:12","date_gmt":"2025-11-18T11:40:12","guid":{"rendered":"https:\/\/www.europesays.com\/es\/242652\/"},"modified":"2025-11-18T11:40:12","modified_gmt":"2025-11-18T11:40:12","slug":"detienen-al-presidente-de-la-diputacion-de-almeria-por-contratos-irregulares-en-el-caso-mascarillas","status":"publish","type":"post","link":"https:\/\/www.europesays.com\/es\/242652\/","title":{"rendered":"Detienen al presidente de la Diputaci\u00f3n de Almer\u00eda por contratos irregulares en el caso mascarillas"},"content":{"rendered":"<p style=\"\">El presidente de la diputaci\u00f3n de Almer\u00eda, <strong>Javier Aureliano Garc\u00eda<\/strong> (PP), ha sido detenido por contratos irregulares relacionados con el caso mascarillas. Seg\u00fan fuentes de la investigaci\u00f3n, los agentes de la Unidad Central Operativa de la Guardia Civil (UCO) han detenido este martes en  &#8230; Almer\u00eda a varias personas entre las que se encuentran el presidente de su Diputaci\u00f3n, Javier Aureliano Garc\u00eda Molina, el vicepresidente de la Diputaci\u00f3n, <strong>Fernando Gim\u00e9nez<\/strong> (PP) y el alcalde de Fines, <strong>Rodrigo S\u00e1nchez Sim\u00f3n<\/strong> (PP).<\/p>\n<p class=\"voc-p\" style=\"\">El caso se encuentra bajo la coordinaci\u00f3n del Juzgado de Instrucci\u00f3n 1 de Almer\u00eda. <strong>No tiene nada que ver con el caso Koldo<\/strong>, ni con las causas de la Audiencia Nacional y del Tribunal Supremo sobre las tramas de corrupci\u00f3n del PSOE. <\/p>\n<p class=\"voc-p\" style=\"\"> El juzgado que instruye el caso &#8216;Mascarillas&#8217; por el que tanto Gim\u00e9nez como S\u00e1nchez ya estaban investigados, trata de dilucidar si se produjeron <strong>&#8216;mordidas&#8217; en la contrataci\u00f3n<\/strong> de suministro de material sanitario en la fase m\u00e1s aguda de la pandemia por parte de la instituci\u00f3n provincial.<\/p>\n<p class=\"voc-p\" style=\"\">Durante la ma\u00f1ana de este martes, la UCO est\u00e1 llevando a cabo un registro en la sede de la administraci\u00f3n provincial. Seg\u00fan explican fuentes consultadas a ABC, los agentes est\u00e1n <strong>r<\/strong><strong>equiriendo informaci\u00f3n y contratos.<\/strong>\u00a0El caso empez\u00f3 por posibles irregularidades en la compra de material sanitario. <\/p>\n<p class=\"voc-p\" style=\"\">Sin embargo, como explican las fuentes, dentro de este caso se abrieron algunas l\u00edneas de investigaci\u00f3n. Ah\u00ed los agentes comenzaron a indagar tambi\u00e9n sobre posibles irregularidades en otros contratos p\u00fablicos. En estos registros de este martes se est\u00e1n requiriendo informaci\u00f3n sobre <strong>contratos de obras p\u00fablicas<\/strong>. <\/p>\n<p class=\"voc-p\" style=\"\">Por su parte, la Diputaci\u00f3n de Almer\u00eda ha trasladado las convocatorias de prensa del festival de cine previstas para esta ma\u00f1ana del martes en el Palacio Provincial a otra ubicaci\u00f3n. Al presidente se le comunic\u00f3 su detenci\u00f3n cuando <strong>llegaba a primera hora a la Diputaci\u00f3n<\/strong>, mientras que  a los otros dos se les arrest\u00f3 en su propio domicilio.<\/p>\n<p class=\"voc-p\" style=\"\">El caso mascarillas en Almer\u00eda estall\u00f3 con la detenci\u00f3n del vicepresidente tercero de la Diputaci\u00f3n de Almer\u00eda  por adjudicar presuntamente un contrato millonario de mascarillas de<a href=\"https:\/\/www.abc.es\/espana\/abci-detenido-cargo-diputacion-almeria-adjudicar-contrato-millones-euros-mascarillas-202106151407_noticia.html\" target=\"_self\" data-voc-vtm-id=\"in-text-traffic\" title=\" unos dos millones de euros\" data-mrf-link=\"www.abc.es\" rel=\"nofollow noopener\"> unos dos millones de euros<\/a> a cambio de una suculenta comisi\u00f3n. El beneficiario, tambi\u00e9n arrestado, era un empresario relacionado con el tr\u00e1fico de drogas asentada en Barcelona.<\/p>\n<p class=\"voc-p\" style=\"\">El procedimiento judicial abierto por esa compra de mascarillas ya ten\u00eda como investigados a Fernando Gim\u00e9nez y Rodrigo S\u00e1nchez. Este mes el PSOE, que ejerce la acusaci\u00f3n popular, s<strong>olicit\u00f3 que se tomara declaraci\u00f3n<\/strong> como testigo al propio Javier Aureliano Garc\u00eda. <\/p>\n<p class=\"voc-p\" style=\"\">Antes de que eso se produjera, la UCO de la Guardia Civil al amparo del Juzgado que lleva el caso lo ha detenido durante el registro de este martes en la Diputaci\u00f3n Provincial. El PSOE se\u00f1al\u00f3 que deb\u00eda declarar en su calidad de m\u00e1ximo responsable de la instituci\u00f3n y como<strong> firmante del contrato<\/strong> que origin\u00f3 la causa y que estaba valorado en 2,03 millones de euros.<\/p>\n","protected":false},"excerpt":{"rendered":"El presidente de la diputaci\u00f3n de Almer\u00eda, Javier Aureliano Garc\u00eda (PP), ha sido detenido por contratos irregulares relacionados&hellip;\n","protected":false},"author":2,"featured_media":242653,"comment_status":"","ping_status":"","sticky":false,"template":"","format":"standard","meta":{"footnotes":""},"categories":[8],"tags":[5644,17,18,1165,13401,7821,25,24,13,14,11,3472,4164,19,20,9,10,15,16,1461,23,12,21,22],"class_list":{"0":"post-242652","1":"post","2":"type-post","3":"status-publish","4":"format-standard","5":"has-post-thumbnail","7":"category-espana","8":"tag-almeria","9":"tag-breaking-news","10":"tag-breakingnews","11":"tag-contratos","12":"tag-detienen","13":"tag-diputacion","14":"tag-es","15":"tag-espana","16":"tag-featured-news","17":"tag-featurednews","18":"tag-headlines","19":"tag-irregulares","20":"tag-koldo","21":"tag-latest-news","22":"tag-latestnews","23":"tag-news","24":"tag-noticias","25":"tag-noticias-destacadas","26":"tag-noticiasdestacadas","27":"tag-presidente","28":"tag-spain","29":"tag-titulares","30":"tag-ultimas-noticias","31":"tag-ultimasnoticias"},"share_on_mastodon":{"url":"https:\/\/pubeurope.com\/@es\/115570515931858273","error":""},"_links":{"self":[{"href":"https:\/\/www.europesays.com\/es\/wp-json\/wp\/v2\/posts\/242652","targetHints":{"allow":["GET"]}}],"collection":[{"href":"https:\/\/www.europesays.com\/es\/wp-json\/wp\/v2\/posts"}],"about":[{"href":"https:\/\/www.europesays.com\/es\/wp-json\/wp\/v2\/types\/post"}],"author":[{"embeddable":true,"href":"https:\/\/www.europesays.com\/es\/wp-json\/wp\/v2\/users\/2"}],"replies":[{"embeddable":true,"href":"https:\/\/www.europesays.com\/es\/wp-json\/wp\/v2\/comments?post=242652"}],"version-history":[{"count":0,"href":"https:\/\/www.europesays.com\/es\/wp-json\/wp\/v2\/posts\/242652\/revisions"}],"wp:featuredmedia":[{"embeddable":true,"href":"https:\/\/www.europesays.com\/es\/wp-json\/wp\/v2\/media\/242653"}],"wp:attachment":[{"href":"https:\/\/www.europesays.com\/es\/wp-json\/wp\/v2\/media?parent=242652"}],"wp:term":[{"taxonomy":"category","embeddable":true,"href":"https:\/\/www.europesays.com\/es\/wp-json\/wp\/v2\/categories?post=242652"},{"taxonomy":"post_tag","embeddable":true,"href":"https:\/\/www.europesays.com\/es\/wp-json\/wp\/v2\/tags?post=242652"}],"curies":[{"name":"wp","href":"https:\/\/api.w.org\/{rel}","templated":true}]}}