{"id":242660,"date":"2025-11-18T11:51:11","date_gmt":"2025-11-18T11:51:11","guid":{"rendered":"https:\/\/www.europesays.com\/es\/242660\/"},"modified":"2025-11-18T11:51:11","modified_gmt":"2025-11-18T11:51:11","slug":"la-razon-por-la-que-la-hija-de-carlos-herrera-y-marilo-montero-utiliza-el-apellido-crusset","status":"publish","type":"post","link":"https:\/\/www.europesays.com\/es\/242660\/","title":{"rendered":"La raz\u00f3n por la que la hija de Carlos Herrera y Maril\u00f3 Montero utiliza el apellido Crusset"},"content":{"rendered":"<p>El origen del apellido con el que hoy se presenta <strong>Roc\u00edo Crusset<\/strong> responde a una decisi\u00f3n personal que tom\u00f3 cuando comenz\u00f3 a abrirse camino en un sector donde su trayectoria deb\u00eda hablar por s\u00ed sola y no por la fama de sus padres. <strong>\u00abMe cambi\u00e9 el apellido para empezar desde abajo\u00bb<\/strong>, ha explicado con orgullo.<\/p>\n<p>La hija de Carlos Herrera y <a href=\"https:\/\/okdiario.com\/happyfm\/quien-marilo-montero-edad-pareja-actual-enfermedad-que-padece-15774736\" rel=\"nofollow noopener\" target=\"_blank\">Maril\u00f3 Montero<\/a>, que creci\u00f3 rodeada de focos medi\u00e1ticos por la notoriedad de ambos periodistas, siempre ha explicado que <strong>eligi\u00f3 utilizar el apellido Crusset<\/strong> porque quer\u00eda construir una carrera basada exclusivamente en su talento y esfuerzo. Con apenas 23 a\u00f1os ya hab\u00eda demostrado que sab\u00eda desenvolverse en <strong>la moda internacional<\/strong>, compartiendo incluso representaci\u00f3n con figuras tan consolidadas como Gisele B\u00fcndchen, un dato que, lejos de acomodarla, reforz\u00f3 su intenci\u00f3n de seguir trabajando desde cero. Bajo esa nueva identidad profesional present\u00f3 algunas de las propuestas festivas de maquillaje de Dolce &amp; Gabbana Beauty, consolidando una imagen independiente y m\u00e1s cercana a la creatividad que siempre quiso desarrollar.<\/p>\n<p>La carrera de Roc\u00edo Crusset<\/p>\n<p>Desde muy joven recibi\u00f3 ofertas para <a href=\"https:\/\/okdiario.com\/coolthelifestyle\/relojes-joyas\/rocio-crusset-pasarela-disenar-joyas-mas-deseadas-crie-artesania-espanola-787895\" rel=\"nofollow noopener\" target=\"_blank\">adentrarse en el mundo del modelaje<\/a>, propuestas que, seg\u00fan recuerda, su madre trat\u00f3 de frenar porque consideraba que a\u00fan no era el momento adecuado. Esa cautela familiar permiti\u00f3 que Roc\u00edo experimentara otros intereses durante su infancia, so\u00f1ando por momentos con profesiones tan dispares como el derecho, la odontolog\u00eda o la fisioterapia, aunque nunca lleg\u00f3 a plantearse seguir el camino period\u00edstico que tan bien conoc\u00eda. Su salto real a la fama lleg\u00f3 en febrero de 2015, cuando debut\u00f3 en la <strong>Mercedes-Benz Fashion Week Madrid<\/strong> y empez\u00f3 a llamar la atenci\u00f3n de agencias internacionales, hasta el punto de formar parte de los m\u00edticos desfiles asociados a <strong>Victoria\u2019s Secret<\/strong>.<\/p>\n<p>Aunque complet\u00f3 un doble grado en Administraci\u00f3n de Empresas y Marketing en la<strong> Universidad CEU San Pablo<\/strong>, su inclinaci\u00f3n por la moda termin\u00f3 imponi\u00e9ndose y la llev\u00f3 a especializarse con un m\u00e1ster en <strong>Dise\u00f1o de Moda en Parsons School of Design, en Nueva York<\/strong>, ciudad en la que se instal\u00f3 hace ya cinco a\u00f1os.<\/p>\n<p><img loading=\"lazy\" decoding=\"async\" class=\"size-medium wp-image-15779631\" alt=\"\" width=\"620\" height=\"413\"  src=\"https:\/\/www.europesays.com\/es\/wp-content\/uploads\/2025\/11\/rocio-crusset-en-un-evento-1-620x413.jpg\" \/> Roc\u00edo Crusset en un evento. (Foto: Gtres)<\/p>\n<p>La etapa de pandemia marc\u00f3 un punto de inflexi\u00f3n personal y profesional para ella, porque la ralentizaci\u00f3n global le permiti\u00f3 aclarar ideas y encontrar un espacio creativo que necesitaba. <a href=\"https:\/\/okdiario.com\/coolthelifestyle\/relojes-joyas\/joyas-asimetricas-toque-tribal-307275\" rel=\"nofollow noopener\" target=\"_blank\">En ese periodo naci\u00f3 Crusset Studio<\/a>, un proyecto de joyer\u00eda concebido para dar forma a una identidad est\u00e9tica propia y a una narrativa \u00edntima que llevaba tiempo desarrollando. Roc\u00edo ha explicado que el par\u00f3n provocado por la COVID-19 la oblig\u00f3 a detener el ritmo fren\u00e9tico del modelaje internacional y a repensar qu\u00e9 quer\u00eda aportar como dise\u00f1adora, lo que deriv\u00f3 en una primera colecci\u00f3n que, seg\u00fan ella, guarda una historia interna y un hilo conductor que da sentido a cada pieza. En este camino cont\u00f3 con la colaboraci\u00f3n de su hermano Alberto, quien se convirti\u00f3 en una figura clave para organizar el proyecto.<\/p>\n<p>Roc\u00edo Crusset, modelo y empresaria<\/p>\n<p>A lo largo de sus primeros a\u00f1os, <strong>Roc\u00edo acumul\u00f3 experiencia trabajando para firmas y campa\u00f1as internacionales<\/strong>, una etapa que le permiti\u00f3 comprender desde dentro el funcionamiento de la industria y las exigencias de un mercado en constante cambio.<\/p>\n<p>Dicha le sirvi\u00f3 como base para dar forma a su firma, que finalmente se present\u00f3 a finales de 2021 con piezas de plata de ley ba\u00f1adas en oro de 18 quilates y con un dise\u00f1o minimalista pensado para acompa\u00f1ar distintos momentos de la vida de una mujer contempor\u00e1nea. <strong>Los precios, situados entre los 100 y los 750 euros<\/strong>, reflejan una apuesta por la calidad sin perder la intenci\u00f3n de mantener un producto accesible dentro del sector del lujo artesanal. La marca ha comenzado a hacerse un hueco en entornos internacionales, participando en eventos de moda y estableciendo colaboraciones estrat\u00e9gicas que ampl\u00edan su visibilidad. A medida que su nombre se relaciona m\u00e1s con el dise\u00f1o que con las pasarelas, se afianza su <strong>identidad empresarial<\/strong>, que ella define como un equilibrio entre fuerza y delicadeza, entre lo que permanece y lo que est\u00e1 por surgir.<\/p>\n<p>Una vida muy completa<\/p>\n<p><a href=\"https:\/\/okdiario.com\/look\/actualidad\/exclusiva-rocio-crusset-rompe-maggio-cipriani-6-anos-discreta-relacion-2331591\" rel=\"nofollow noopener\" target=\"_blank\">En el terreno personal, la dise\u00f1adora ha vivido acontecimientos significativos<\/a> dentro de su entorno familiar, siempre marcado por la uni\u00f3n a pesar de la separaci\u00f3n de sus padres. En octubre de 2025, su hermano Alberto celebr\u00f3 su boda con <strong>Blanca Llandres<\/strong> en Sanl\u00facar de Barrameda, un enlace en el que Roc\u00edo no solo particip\u00f3 activamente en la organizaci\u00f3n, sino que incluso contribuy\u00f3 al dise\u00f1o del vestido de su cu\u00f1ada, un gesto que demuestra hasta qu\u00e9 punto su faceta creativa se ha integrado en su d\u00eda a d\u00eda.<\/p>\n<p>Hoy en d\u00eda,<strong> la vida de Roc\u00edo Crusset transcurre entre Nueva York y Madrid<\/strong>, un equilibrio que le permite mantener conexiones en dos mercados esenciales para el dise\u00f1o y para la moda contempor\u00e1nea. A sus <strong>31 a\u00f1os<\/strong> ha sabido consolidar su papel como empresaria, gestionando con solvencia una firma que crece de forma constante y que ya ha alcanzado hitos de reconocimiento internacional, como el hecho de que la actriz Charlize Theron luciera uno de sus pendientes, un gesto que impuls\u00f3 la presencia medi\u00e1tica de la marca fuera de Espa\u00f1a.<\/p>\n","protected":false},"excerpt":{"rendered":"El origen del apellido con el que hoy se presenta Roc\u00edo Crusset responde a una decisi\u00f3n personal que&hellip;\n","protected":false},"author":2,"featured_media":242661,"comment_status":"","ping_status":"","sticky":false,"template":"","format":"standard","meta":{"footnotes":""},"categories":[174],"tags":[255,146,147,25,24,256,23],"class_list":{"0":"post-242660","1":"post","2":"type-post","3":"status-publish","4":"format-standard","5":"has-post-thumbnail","7":"category-famosos","8":"tag-celebrities","9":"tag-entertainment","10":"tag-entretenimiento","11":"tag-es","12":"tag-espana","13":"tag-famosos","14":"tag-spain"},"share_on_mastodon":{"url":"https:\/\/pubeurope.com\/@es\/115570559506797285","error":""},"_links":{"self":[{"href":"https:\/\/www.europesays.com\/es\/wp-json\/wp\/v2\/posts\/242660","targetHints":{"allow":["GET"]}}],"collection":[{"href":"https:\/\/www.europesays.com\/es\/wp-json\/wp\/v2\/posts"}],"about":[{"href":"https:\/\/www.europesays.com\/es\/wp-json\/wp\/v2\/types\/post"}],"author":[{"embeddable":true,"href":"https:\/\/www.europesays.com\/es\/wp-json\/wp\/v2\/users\/2"}],"replies":[{"embeddable":true,"href":"https:\/\/www.europesays.com\/es\/wp-json\/wp\/v2\/comments?post=242660"}],"version-history":[{"count":0,"href":"https:\/\/www.europesays.com\/es\/wp-json\/wp\/v2\/posts\/242660\/revisions"}],"wp:featuredmedia":[{"embeddable":true,"href":"https:\/\/www.europesays.com\/es\/wp-json\/wp\/v2\/media\/242661"}],"wp:attachment":[{"href":"https:\/\/www.europesays.com\/es\/wp-json\/wp\/v2\/media?parent=242660"}],"wp:term":[{"taxonomy":"category","embeddable":true,"href":"https:\/\/www.europesays.com\/es\/wp-json\/wp\/v2\/categories?post=242660"},{"taxonomy":"post_tag","embeddable":true,"href":"https:\/\/www.europesays.com\/es\/wp-json\/wp\/v2\/tags?post=242660"}],"curies":[{"name":"wp","href":"https:\/\/api.w.org\/{rel}","templated":true}]}}