{"id":242666,"date":"2025-11-18T11:55:05","date_gmt":"2025-11-18T11:55:05","guid":{"rendered":"https:\/\/www.europesays.com\/es\/242666\/"},"modified":"2025-11-18T11:55:05","modified_gmt":"2025-11-18T11:55:05","slug":"ni-ampliando-la-foto-la-reconozco","status":"publish","type":"post","link":"https:\/\/www.europesays.com\/es\/242666\/","title":{"rendered":"Ni ampliando la foto la reconozco"},"content":{"rendered":"<p data-gtm-element-container=\"modulo-texto-link\" class=\"paragraph\"><strong>Marta S\u00e1nchez <\/strong>est\u00e1 de enhorabuena. La artista est\u00e1 ultimando los detalles del lanzamiento de un proyecto de lo m\u00e1s especial: su pr\u00f3ximo \u00e1lbum &#8216;<strong>40 a\u00f1os 1985-2025<\/strong>&#8216;. Un trabajo con el que <strong>celebrar\u00e1 su larga trayectoria<\/strong>. Y eso no es todo: este fin de semana, la artista madrile\u00f1a lanzaba el primer single de este \u00e1lbum, &#8216;<strong>Abr\u00e1zame<\/strong>&#8216;, que ya est\u00e1 disponible en las plataformas.<\/p>\n<p data-gtm-element-container=\"modulo-texto-link\" class=\"paragraph\">\u00abCuatro d\u00e9cadas. Cuarenta a\u00f1os con vosotros\u2026 <strong>Dando mi alma por la m\u00fasica; por ser mejor artista para acompa\u00f1aros en esos momentos de vuestras vidas en los que mis canciones fueron vuestras &#8216;bandas sonoras&#8217;<\/strong>\u2026 En momentos de alegr\u00eda, en momentos de tristeza y superaci\u00f3n, de soledad o de celebraci\u00f3n\u2026 \u00a1No puedo estar m\u00e1s feliz de presentaros mi nuevo disco!\u00bb, escribi\u00f3 el pasado mes de octubre en Instagram, cuando anunci\u00f3 la preventa del disco.<\/p>\n<p data-gtm-element-container=\"modulo-texto-link\" class=\"paragraph\">\u00abEn \u00e9l vais a encontrar esos <strong>temas que forman parte de esta larga andadura que es mi vida en la m\u00fasica<\/strong>, temas nuevos que espero que os gusten mucho y sorpresas recuperadas en el tiempo que ten\u00edan que ser editadas por su valor musical\u00bb, explic\u00f3 entonces.<\/p>\n<blockquote class=\"instagram-media\" data-instgrm-captioned=\"\" data-instgrm-version=\"6\" style=\"background: #FFF; border: 0; border-radius: 3px; box-shadow: 0 0 1px 0 rgba(0,&#10;0, 0, 0.5), 0 1px 10px 0 rgba(0, 0, 0, 0.15); margin: 1px; max-width: 658px; padding: 0;&#10;width: 99.375%; width: -webkit-calc(100% - 2px); width: calc(100% - 2px);\">\n<\/blockquote>\n<p>Las im\u00e1genes del rodaje del videoclip &#8216;Abr\u00e1zame&#8217; se hacen virales<\/p>\n<p data-gtm-element-container=\"modulo-texto-link\" class=\"paragraph\">Pero el nuevo \u00e1lbum de Marta S\u00e1nchez no es lo que ha dado de qu\u00e9 hablar estos d\u00edas. Tampoco la primera canci\u00f3n lanzada, que es como dec\u00edamos &#8216;Abr\u00e1zame&#8217;. Lo que ha hecho que la artista se haya vuelto viral en redes sociales han sido <strong>las fotos de la grabaci\u00f3n del videoclip de este primer tema <\/strong>que ella misma comparti\u00f3 en Instagram. \u00bfEl motivo? Las im\u00e1genes, <strong>visiblemente editadas<\/strong>, han causado todo tipo de reacciones y son muchos los usuarios que han destacado que la mujer que aparece en ellas no parece Marta S\u00e1nchez.<\/p>\n<blockquote class=\"instagram-media\" data-instgrm-captioned=\"\" data-instgrm-version=\"6\" style=\"background: #FFF; border: 0; border-radius: 3px; box-shadow: 0 0 1px 0 rgba(0,&#10;0, 0, 0.5), 0 1px 10px 0 rgba(0, 0, 0, 0.15); margin: 1px; max-width: 658px; padding: 0;&#10;width: 99.375%; width: -webkit-calc(100% - 2px); width: calc(100% - 2px);\">\n<\/blockquote>\n<p data-gtm-element-container=\"modulo-texto-link\" class=\"paragraph\">En X, este lunes fueron muchos quienes se hicieron eco de dichas fotos, coment\u00e1ndolas e incluso tirando de humor y de comparaciones:<\/p>\n<blockquote class=\"twitter-tweet\" data-lang=\"es\"><p>\n<a href=\"https:\/\/twitter.com\/SantiLiebanaR\/status\/1990393226436526311\" rel=\"nofollow noopener\" target=\"_blank\">\n<\/p><\/blockquote>\n<blockquote class=\"twitter-tweet\" data-lang=\"es\"><p>\n<a href=\"https:\/\/twitter.com\/alexsinos\/status\/1990044546483507241\" rel=\"nofollow noopener\" target=\"_blank\">\n<\/p><\/blockquote>\n<blockquote class=\"twitter-tweet\" data-lang=\"es\"><p>\n<a href=\"https:\/\/twitter.com\/felurian76\/status\/1990710171266687185\" rel=\"nofollow noopener\" target=\"_blank\">\n<\/p><\/blockquote>\n<blockquote class=\"twitter-tweet\" data-lang=\"es\"><p>\n<a href=\"https:\/\/twitter.com\/LauraBESOSMiL_\/status\/1990111812721811876\" rel=\"nofollow noopener\" target=\"_blank\">\n<\/p><\/blockquote>\n<blockquote class=\"twitter-tweet\" data-lang=\"es\"><p>\n<a href=\"https:\/\/twitter.com\/intradia70\/status\/1990536521582326275\" rel=\"nofollow noopener\" target=\"_blank\">\n<\/p><\/blockquote>\n<blockquote class=\"twitter-tweet\" data-lang=\"es\"><p>\n<a href=\"https:\/\/twitter.com\/LEG0LAS5\/status\/1990538258602955237\" rel=\"nofollow noopener\" target=\"_blank\">\n<\/p><\/blockquote>\n<blockquote class=\"twitter-tweet\" data-lang=\"es\"><p>\n<a href=\"https:\/\/twitter.com\/arualesteban\/status\/1990512620919796051\" rel=\"nofollow noopener\" target=\"_blank\">\n<\/p><\/blockquote>\n<blockquote class=\"twitter-tweet\" data-lang=\"es\"><p>\n<a href=\"https:\/\/twitter.com\/Stratorider66\/status\/1990527910835613726\" rel=\"nofollow noopener\" target=\"_blank\">\n<\/p><\/blockquote>\n<blockquote class=\"twitter-tweet\" data-lang=\"es\"><p>\n<a href=\"https:\/\/twitter.com\/Srta_Arissca\/status\/1990509013558309156\" rel=\"nofollow noopener\" target=\"_blank\">\n<\/p><\/blockquote>\n<blockquote class=\"twitter-tweet\" data-lang=\"es\"><p>\n<a href=\"https:\/\/twitter.com\/LENDINEZ_MD\/status\/1990511619886231585\" rel=\"nofollow noopener\" target=\"_blank\">\n<\/p><\/blockquote>\n<p>    Lee tambi\u00e9n<\/p>\n<p data-gtm-element-container=\"modulo-texto-link\" class=\"paragraph\">\u00abMarta S\u00e1nchez se ha puesto tantos filtros en la \u00faltima sesi\u00f3n de fotos que<strong> ahora mismo es Marta S\u00e1nchez, Norma Duval, Ana Obreg\u00f3n y el Google Lens la confunde con Mal\u00fa<\/strong>\u00ab, \u00abesa de la foto no es Marta, te lo digo yo. Se ha confundido hasta de foto\u00bb, \u00ab<strong>realmente ni se parece<\/strong>. Se pierde la esencia\u00bb, \u00abdesde luego, a Marta S\u00e1nchez no se parece\u00bb o \u00ab<strong>ni ampliando la foto la reconozco<\/strong>\u00bb son algunos de los comentarios que se pueden leer en la citada red social.<\/p>\n<p><script async src=\"https:\/\/platform.twitter.com\/widgets.js\" charset=\"utf-8\"><\/script><\/p>\n","protected":false},"excerpt":{"rendered":"Marta S\u00e1nchez est\u00e1 de enhorabuena. La artista est\u00e1 ultimando los detalles del lanzamiento de un proyecto de lo&hellip;\n","protected":false},"author":2,"featured_media":242667,"comment_status":"","ping_status":"","sticky":false,"template":"","format":"standard","meta":{"footnotes":""},"categories":[170],"tags":[146,147,25,24,184,185,23],"class_list":{"0":"post-242666","1":"post","2":"type-post","3":"status-publish","4":"format-standard","5":"has-post-thumbnail","7":"category-musica","8":"tag-entertainment","9":"tag-entretenimiento","10":"tag-es","11":"tag-espana","12":"tag-music","13":"tag-musica","14":"tag-spain"},"share_on_mastodon":{"url":"https:\/\/pubeurope.com\/@es\/115570574819044920","error":""},"_links":{"self":[{"href":"https:\/\/www.europesays.com\/es\/wp-json\/wp\/v2\/posts\/242666","targetHints":{"allow":["GET"]}}],"collection":[{"href":"https:\/\/www.europesays.com\/es\/wp-json\/wp\/v2\/posts"}],"about":[{"href":"https:\/\/www.europesays.com\/es\/wp-json\/wp\/v2\/types\/post"}],"author":[{"embeddable":true,"href":"https:\/\/www.europesays.com\/es\/wp-json\/wp\/v2\/users\/2"}],"replies":[{"embeddable":true,"href":"https:\/\/www.europesays.com\/es\/wp-json\/wp\/v2\/comments?post=242666"}],"version-history":[{"count":0,"href":"https:\/\/www.europesays.com\/es\/wp-json\/wp\/v2\/posts\/242666\/revisions"}],"wp:featuredmedia":[{"embeddable":true,"href":"https:\/\/www.europesays.com\/es\/wp-json\/wp\/v2\/media\/242667"}],"wp:attachment":[{"href":"https:\/\/www.europesays.com\/es\/wp-json\/wp\/v2\/media?parent=242666"}],"wp:term":[{"taxonomy":"category","embeddable":true,"href":"https:\/\/www.europesays.com\/es\/wp-json\/wp\/v2\/categories?post=242666"},{"taxonomy":"post_tag","embeddable":true,"href":"https:\/\/www.europesays.com\/es\/wp-json\/wp\/v2\/tags?post=242666"}],"curies":[{"name":"wp","href":"https:\/\/api.w.org\/{rel}","templated":true}]}}