{"id":242670,"date":"2025-11-18T11:58:10","date_gmt":"2025-11-18T11:58:10","guid":{"rendered":"https:\/\/www.europesays.com\/es\/242670\/"},"modified":"2025-11-18T11:58:10","modified_gmt":"2025-11-18T11:58:10","slug":"los-farmacos-antiobesidad-inhiben-las-senales-cerebrales-del-placer-por-comer-durante-meses-expansion","status":"publish","type":"post","link":"https:\/\/www.europesays.com\/es\/242670\/","title":{"rendered":"Los f\u00e1rmacos antiobesidad inhiben las se\u00f1ales cerebrales del placer por comer durante meses &#8211; Expansi\u00f3n"},"content":{"rendered":"<ol>\n<li><a href=\"https:\/\/news.google.com\/rss\/articles\/CBMimwFBVV95cUxPcUlCYk45TExIbGQ4dmlRZk1zM2FGdnNidWpvSkdCNTlNRlNFVVk5MFVjUENjOXFGRmhHVEdjaEt0elRwdTgyMjg0UXFoYnkwcGt0WVpxNTlpMFF5cWEzbzVOMW1XZFN0cGE3Q2tYQ0FOVnJjRzNuWG1NaU5wRmdmZDFXMDdPRk9hTnRVdzBXNmFmbHM2TU9TZkZtVdIBmwFBVV95cUxPQ2FyV1FueVo3LTF3aF96NXFvVzFxZnlxOVZjVGV1RXc0Q29sYXVJblhHVVZZSzhYY0hNVmVjSmFUQi03NUU5bkNKYlNZUE9jQjZIMlRFa1pKQXR3cmFfSExUS0l2Z0pRZktlQ1RqUlRvSkJtOHFQVkFRamd3TzlIRF92R0Q5QmNlSlpqbTdMeFNrSHktbTh3NGpfMA?oc=5\" target=\"_blank\" rel=\"nofollow noopener\">Los f\u00e1rmacos antiobesidad inhiben las se\u00f1ales cerebrales del placer por comer durante meses<\/a>&nbsp;&nbsp;Expansi\u00f3n<\/li>\n<li><a href=\"https:\/\/news.google.com\/rss\/articles\/CBMivAFBVV95cUxQOGdnQTY1YjdRWmg1RG5iQ2UtUnNOTXhLcjQxU0tjMEg5bWVwTXQycllNWmdpNS1mMVlFN002M1ZKRUlueDRYM0RtUV92dmZ0eXNiWWFBdmlWcDltRDhoaTJkeHN3SXE0YVFxZFJ0N3hxQ293c2x1Zl92QWtQZWpneFNCTkFPUnJ4UU5zWDBsU2lfS3gtcENxdlRuN3RHSlRta2lZV2dCSF9EbjgybzczamtJTEVWY0VTaUpGYQ?oc=5\" target=\"_blank\" rel=\"nofollow noopener\">Un f\u00e1rmaco para la obesidad altera la actividad cerebral asociada a los antojos de comida<\/a>&nbsp;&nbsp;ABC<\/li>\n<li><a href=\"https:\/\/news.google.com\/rss\/articles\/CBMi0wFBVV95cUxNV0lsSGZIMkhTRXhRYWZnNmo4QXZvU3ZSY2p5Wk1vYjhWLUhMXzZjMFVOZ2xvQlBmMG1TMGxmVDhyRFF0TkVIS0V3cUZsQWV5eWlkbmpPQWhHaktLbG11TDZpbVZoQ1VzaFNvQmtydFMtOFQ2THVZVUxreVktS1RtUWdtQ2dDRHBscGtIQ2V6eUhwT2dyUXJBam5lYkhkbGhxSmxETjZvSDNfZVR2Wm1iNDZWNXdFLVBrdDJGdzJscVJzVVVqSF9nQWcyTlJDbFNrdkEw?oc=5\" target=\"_blank\" rel=\"nofollow noopener\">Los nuevos f\u00e1rmacos adelgazantes convencen a tu cerebro de que comer no es un placer<\/a>&nbsp;&nbsp;EL PA\u00cdS<\/li>\n<li><a href=\"https:\/\/news.google.com\/rss\/articles\/CBMijgFBVV95cUxQVXNLV2hocjMtYV95SktocHpTakdTOG52VF85c1E0RjdJV0Y4OUdTS0tTT2xsT1BmbEhlYnh1eHM0ZlBnUHFBelhGZDdPUzdJdzFhTnQwdHc2Zzd2X0lVelFBS3FSOTNGT0FGbWdfYU1Uc0lOblRkRlVseGFhYWJ1WF9DNG0zV0c5d3FvS0V3?oc=5\" target=\"_blank\" rel=\"nofollow noopener\">As\u00ed se frena al apetito: un grupo de investigadores de EEUU logra &#8216;observar&#8217; el efecto de Mounjaro en la regi\u00f3n cerebral del placer<\/a>&nbsp;&nbsp;El Mundo<\/li>\n<li><a href=\"https:\/\/news.google.com\/rss\/articles\/CBMi4wFBVV95cUxOWVNNM2hzdDBMY0k5ZnRJV1JLM3RVX0pTOXoxd0IycmRvVkJud1hMRFhQZmt1MS1fSmhHMHBXZ0RZOERSam9XYVdmOFFtM3hpVkJuN3BPMkhUc1puUTRvQ0theEl4Wi1ySUlCZVk2TTNqWXpHTkdnVWNaQ3Y3MmRZdUprdUlXWV9xa3dldFJUZGpGSnhjdGZKTDlBdldUSktISXZJS29qcUJUOFpNNm1NT0p0Wk4yaFdnMG5rMWhWQzNTQ1o1bUh2VktSNE4zTG9FT1pwTFNBX3ZjOWdjdFF3YWFLTdIB9wFBVV95cUxOVDE0eDZqNk1Zb29jRkYwTEoxZlptRllhdlJxUHZINU8xYVMwSy1hYklMNjdXQ3RPNzc0TTdOZmJvcDFIRFE3STZLVzBzbHFZaDd0QzZzWkJVYlZmZVhibnVFNm9VR2VqQmJUZngxLUJyUFFJS3FtZGI0RXdnek1pS3k1MEFKd3k4dEIzQ0tyWUg3aE9fZGNSTW5PZmxnV3BKcGlQYW9lY2l4Wm9RY2FrV2VzTm11alFzNnI0VE1uT3VvS2w3ZlFjZVJCWkd5UHhJZlpSb0U2d3lKRnZHbWYxOVF5OExHZmhvcWRnUVdncEZJdkV4NUlV?oc=5\" target=\"_blank\" rel=\"nofollow noopener\">Un medicamento para la p\u00e9rdida de peso consigue acabar con los antojos de comida, pero el efecto solo dura seis meses<\/a>&nbsp;&nbsp;Cadena SER<\/li>\n<\/ol>\n","protected":false},"excerpt":{"rendered":"Los f\u00e1rmacos antiobesidad inhiben las se\u00f1ales cerebrales del placer por comer durante meses&nbsp;&nbsp;Expansi\u00f3n Un f\u00e1rmaco para la obesidad&hellip;\n","protected":false},"author":2,"featured_media":242671,"comment_status":"","ping_status":"","sticky":false,"template":"","format":"standard","meta":{"footnotes":""},"categories":[92],"tags":[24592,25,24,165,166,24593,23],"class_list":{"0":"post-242670","1":"post","2":"type-post","3":"status-publish","4":"format-standard","5":"has-post-thumbnail","7":"category-salud","8":"tag-directivos-estilo-vida-salud","9":"tag-es","10":"tag-espana","11":"tag-health","12":"tag-salud","13":"tag-salud-y-ciencia","14":"tag-spain"},"share_on_mastodon":{"url":"https:\/\/pubeurope.com\/@es\/115570586697821964","error":""},"_links":{"self":[{"href":"https:\/\/www.europesays.com\/es\/wp-json\/wp\/v2\/posts\/242670","targetHints":{"allow":["GET"]}}],"collection":[{"href":"https:\/\/www.europesays.com\/es\/wp-json\/wp\/v2\/posts"}],"about":[{"href":"https:\/\/www.europesays.com\/es\/wp-json\/wp\/v2\/types\/post"}],"author":[{"embeddable":true,"href":"https:\/\/www.europesays.com\/es\/wp-json\/wp\/v2\/users\/2"}],"replies":[{"embeddable":true,"href":"https:\/\/www.europesays.com\/es\/wp-json\/wp\/v2\/comments?post=242670"}],"version-history":[{"count":0,"href":"https:\/\/www.europesays.com\/es\/wp-json\/wp\/v2\/posts\/242670\/revisions"}],"wp:featuredmedia":[{"embeddable":true,"href":"https:\/\/www.europesays.com\/es\/wp-json\/wp\/v2\/media\/242671"}],"wp:attachment":[{"href":"https:\/\/www.europesays.com\/es\/wp-json\/wp\/v2\/media?parent=242670"}],"wp:term":[{"taxonomy":"category","embeddable":true,"href":"https:\/\/www.europesays.com\/es\/wp-json\/wp\/v2\/categories?post=242670"},{"taxonomy":"post_tag","embeddable":true,"href":"https:\/\/www.europesays.com\/es\/wp-json\/wp\/v2\/tags?post=242670"}],"curies":[{"name":"wp","href":"https:\/\/api.w.org\/{rel}","templated":true}]}}