{"id":242678,"date":"2025-11-18T12:02:09","date_gmt":"2025-11-18T12:02:09","guid":{"rendered":"https:\/\/www.europesays.com\/es\/242678\/"},"modified":"2025-11-18T12:02:09","modified_gmt":"2025-11-18T12:02:09","slug":"seria-el-fin-politico-de-donald-trump","status":"publish","type":"post","link":"https:\/\/www.europesays.com\/es\/242678\/","title":{"rendered":"\u00abSer\u00eda el fin pol\u00edtico\u00bb de Donald Trump"},"content":{"rendered":"<p>La reciente bater\u00eda de declaraciones del <b>presidente estadounidense Donald Trump<\/b> ha reavivado las tensiones diplom\u00e1ticas en el continente. En una rueda de prensa desde la Despacho Oval, Trump volvi\u00f3 a colocar a Venezuela en el centro de su estrategia de seguridad hemisf\u00e9rica, dejando abierta la posibilidad de enviar tropas estadounidenses al pa\u00eds sudamericano y afirmando que \u00aben alg\u00fan momento\u00bb hablar\u00e1 con el <b>presidente Nicol\u00e1s Maduro.<\/b><\/p>\n<p>Las afirmaciones del presidente se enmarcan en una intensificaci\u00f3n de las operaciones antidrogas de Estados Unidos, que actualmente lleva a cabo <b>bombardeos y ataques contra embarcaciones en el Caribe y el Pac\u00edfico<\/b> bajo el argumento de combatir redes de narcotr\u00e1fico que, seg\u00fan Washington, operan desde M\u00e9xico, Venezuela y Colombia. Con estas acciones, Trump busca mostrar firmeza ante <b>un problema que ha calificado como \u201cuna guerra\u201d<\/b>, y en la que, asegura, Estados Unidos conoce \u201clas rutas, las direcciones y las puertas principales\u201d de los narcotraficantes.<\/p>\n<p>En uno de los momentos m\u00e1s pol\u00e9micos de su intervenci\u00f3n, <b>Trump afirm\u00f3 que no tendr\u00eda ning\u00fan inconveniente en lanzar ataques dentro de M\u00e9xico para frenar el tr\u00e1fico de drogas.<\/b> Aunque no confirm\u00f3 estar preparando una operaci\u00f3n inmediata, s\u00ed destac\u00f3 que estar\u00eda \u201corgulloso\u201d de hacerlo, argumentando que ello permitir\u00eda \u201csalvar millones de vidas\u201d.<\/p>\n<p>La posibilidad de una<b> incursi\u00f3n militar estadounidense en M\u00e9xico gener\u00f3 inquietud inmediata.<\/b> La presidenta mexicana, <b>Claudia Sheinbaum, <\/b>ha reiterado que jam\u00e1s autorizar\u00e1 acciones militares extranjeras en su territorio. Mientras tanto, reportes recientes se\u00f1alan que la administraci\u00f3n de Trump eval\u00faa enviar tropas y personal de inteligencia al pa\u00eds vecino como parte de una campa\u00f1a renovada para confrontar a los c\u00e1rteles.<\/p>\n<p>Paralelamente, Trump volvi\u00f3 a posicionar a<b> Venezuela como un objetivo prioritario de sus pol\u00edticas de seguridad. <\/b>Consultado sobre la posibilidad de desplegar tropas en el pa\u00eds suramericano, respondi\u00f3 que no descarta \u201cnada\u201d y que Estados Unidos \u201ctiene que ocuparse\u201d de la situaci\u00f3n venezolana. Maduro, por su parte, respondi\u00f3 la misma noche de las declaraciones. En su programa televisivo semanal expres\u00f3 que su gobierno mantiene una postura \u201cinvariable\u201d de dialogar \u201ccara a cara\u201d con el mandatario estadounidense. <b>El presidente venezolano insisti\u00f3 en que su pa\u00eds est\u00e1 en paz y que cualquier conversaci\u00f3n debe darse sin condiciones y de forma directa.<\/b><\/p>\n<p>En un mensaje con tono desafiante, <b>Maduro afirm\u00f3 que una intervenci\u00f3n militar estadounidense constituir\u00eda \u201cel fin pol\u00edtico\u201d de Donald Trump<\/b>, sugiriendo que ciertos sectores del poder en EE.UU. buscan empujarlo hacia un error hist\u00f3rico que socave su liderazgo. Seg\u00fan el mandatario venezolano, hay actores interesados en provocar una confrontaci\u00f3n militar, incluso dentro del propio entorno de Trump, aunque evit\u00f3 se\u00f1alar nombres.<\/p>\n<p>El mandatario venezolano tambi\u00e9n destac\u00f3 que, frente a las crecientes amenazas, la Fuerza Armada Nacional Bolivariana ha fortalecido su capacidad operativa mediante ejercicios militares y reestructuraci\u00f3n interna. Subray\u00f3 que el poder militar venezolano est\u00e1 orientado \u00fanicamente a la defensa del territorio y la paz interna, y no a acciones ofensivas en el exterior.<\/p>\n<p>El Caribe como escenario militar<\/p>\n<p>En el centro de estas tensiones se encuentra el incremento del <b>despliegue militar estadounidense en el Caribe, compuesto por un portaaviones, buques de guerra y aviones furtivos. <\/b>Washington sostiene que estas operaciones buscan frenar el tr\u00e1fico de drogas, mientras que Caracas las interpreta como una <b>antesala de un intento de derrocamiento.<\/b> Hasta la fecha, Estados Unidos ha realizado alrededor de veinte ataques contra embarcaciones en la zona, que han dejado m\u00e1s de 80 muertos, incluidos ciudadanos colombianos.<\/p>\n<p>Incluso aliados de Washington, como <b>la primera ministra de Trinidad y Tobago, Kamla Persad-Bissessar,<\/b> se han visto obligados a aclarar que su territorio no ser\u00e1 utilizado para operaciones militares contra Venezuela, a pesar de ejercicios conjuntos con fuerzas estadounidenses en las cercan\u00edas del pa\u00eds suramericano.<\/p>\n","protected":false},"excerpt":{"rendered":"La reciente bater\u00eda de declaraciones del presidente estadounidense Donald Trump ha reavivado las tensiones diplom\u00e1ticas en el continente.&hellip;\n","protected":false},"author":2,"featured_media":242679,"comment_status":"","ping_status":"","sticky":false,"template":"","format":"standard","meta":{"footnotes":""},"categories":[42],"tags":[17,18,13,14,11,61,62,63,64,19,20,9,10,15,16,12,21,22,65,66,67],"class_list":{"0":"post-242678","1":"post","2":"type-post","3":"status-publish","4":"format-standard","5":"has-post-thumbnail","7":"category-internacional","8":"tag-breaking-news","9":"tag-breakingnews","10":"tag-featured-news","11":"tag-featurednews","12":"tag-headlines","13":"tag-internacional","14":"tag-international","15":"tag-international-news","16":"tag-internationalnews","17":"tag-latest-news","18":"tag-latestnews","19":"tag-news","20":"tag-noticias","21":"tag-noticias-destacadas","22":"tag-noticiasdestacadas","23":"tag-titulares","24":"tag-ultimas-noticias","25":"tag-ultimasnoticias","26":"tag-world","27":"tag-world-news","28":"tag-worldnews"},"share_on_mastodon":{"url":"https:\/\/pubeurope.com\/@es\/115570602646198798","error":""},"_links":{"self":[{"href":"https:\/\/www.europesays.com\/es\/wp-json\/wp\/v2\/posts\/242678","targetHints":{"allow":["GET"]}}],"collection":[{"href":"https:\/\/www.europesays.com\/es\/wp-json\/wp\/v2\/posts"}],"about":[{"href":"https:\/\/www.europesays.com\/es\/wp-json\/wp\/v2\/types\/post"}],"author":[{"embeddable":true,"href":"https:\/\/www.europesays.com\/es\/wp-json\/wp\/v2\/users\/2"}],"replies":[{"embeddable":true,"href":"https:\/\/www.europesays.com\/es\/wp-json\/wp\/v2\/comments?post=242678"}],"version-history":[{"count":0,"href":"https:\/\/www.europesays.com\/es\/wp-json\/wp\/v2\/posts\/242678\/revisions"}],"wp:featuredmedia":[{"embeddable":true,"href":"https:\/\/www.europesays.com\/es\/wp-json\/wp\/v2\/media\/242679"}],"wp:attachment":[{"href":"https:\/\/www.europesays.com\/es\/wp-json\/wp\/v2\/media?parent=242678"}],"wp:term":[{"taxonomy":"category","embeddable":true,"href":"https:\/\/www.europesays.com\/es\/wp-json\/wp\/v2\/categories?post=242678"},{"taxonomy":"post_tag","embeddable":true,"href":"https:\/\/www.europesays.com\/es\/wp-json\/wp\/v2\/tags?post=242678"}],"curies":[{"name":"wp","href":"https:\/\/api.w.org\/{rel}","templated":true}]}}